{"id":20499,"date":"2016-06-14T20:52:45","date_gmt":"2016-06-14T23:52:45","guid":{"rendered":"http:\/\/labestiadeportiva.com\/lbd\/?p=20499"},"modified":"2016-06-14T20:52:45","modified_gmt":"2016-06-14T23:52:45","slug":"tdf-presento-su-temporada-invernal-en-punta-arenas","status":"publish","type":"post","link":"https:\/\/labestiadeportiva.com\/lbd\/tdf-presento-su-temporada-invernal-en-punta-arenas\/","title":{"rendered":"TDF present\u00f3 su temporada invernal en Punta Arenas"},"content":{"rendered":"<p><a href=\"http:\/\/labestiadeportiva.com\/lbd\/wp-content\/uploads\/2016\/06\/USHUAIA-inicia_07.jpg\"><img loading=\"lazy\" class=\"alignleft size-medium wp-image-20500\" src=\"http:\/\/labestiadeportiva.com\/lbd\/wp-content\/uploads\/2016\/06\/USHUAIA-inicia_07-300x169.jpg\" alt=\"USHUAIA-inicia_07\" width=\"300\" height=\"169\" srcset=\"https:\/\/labestiadeportiva.com\/lbd\/wp-content\/uploads\/2016\/06\/USHUAIA-inicia_07-300x169.jpg 300w, https:\/\/labestiadeportiva.com\/lbd\/wp-content\/uploads\/2016\/06\/USHUAIA-inicia_07-1024x576.jpg 1024w, https:\/\/labestiadeportiva.com\/lbd\/wp-content\/uploads\/2016\/06\/USHUAIA-inicia_07.jpg 1920w\" sizes=\"(max-width: 300px) 100vw, 300px\" \/><\/a>El pasado viernes se llev\u00f3 a cabo la presentaci\u00f3n \u201cUshuaia Inicia\u201d, organizada por SouthPeople Patagonia, el Instituto Fueguino de Turismo y Cerro Castor. Esta acci\u00f3n pretende difundir los atractivos tur\u00edsticos y deportivos de la provincia.<!--more--><\/p>\n<p>En el marco de las acciones de promoci\u00f3n tur\u00edstica de Tierra del Fuego, se desarroll\u00f3 en el Hotel Felipe Rey de Punta Arenas un encuentro orientado a prestadores tur\u00edsticos, deportistas y p\u00fablico en general donde se present\u00f3 el producto nieve en Ushuaia y variados atractivos provinciales.<\/p>\n<p>Adem\u00e1s se brind\u00f3 informaci\u00f3n sobre beneficios a residentes Magall\u00e1nicos y ruedas de negocios entre prestadores de ambos pa\u00edses.<\/p>\n<p>Al respecto, Daniel Catania, responsable de SouthPeople manifest\u00f3 <span style=\"color: #0000ff;\">\u201ces una acci\u00f3n para difundir el producto nieve, que piensa sentar un precedente en la sociedad de Magallanes como un primer paso para dar a conocer las actividades invernales entre los destinos, ofreciendo ofertas de beneficios concretos para los residentes de Porvenir, Punta Arenas y Puerto Natales en pases de esqu\u00ed, eventos deportivos y hoteler\u00eda y gastronom\u00eda\u201d.<\/span><\/p>\n<p>Por su parte, Sandra Ruiz D\u00edaz, Directora Provincial de Gesti\u00f3n Tur\u00edstica Cultural del InFueTur, hizo fuerte hincapi\u00e9 en la importancia de trabajar mancomunadamente con el sector privado: <span style=\"color: #0000ff;\">\u00abEsta iniciativa naci\u00f3 en febrero con South People y Cerro Castor con el fin de armar un equipo de trabajo p\u00fablico\/privado para llevar adelante un acci\u00f3n que incluya beneficios de prestadores fueguinos para residentes Magall\u00e1nicos, de Porvenir, Punta Arenas y Natales\u201d.<\/span><\/p>\n<p>De esta manera, centros invernales y hoteles de Ushuaia se sumaron con descuentos y folleteria con promociones.<\/p>\n<p><span style=\"color: #0000ff;\">\u201cLa propuesta cont\u00f3 con buena recepci\u00f3n ya que por una cuesti\u00f3n cambiaria de Chile son sumamente beneficiosas estas promociones en Ushuaia\u201d<\/span>, se\u00f1al\u00f3 la funcionaria.<\/p>\n<p>En esta l\u00ednea inform\u00f3 que el InFueTur y South People invitan a otros prestadores a sumarse con beneficios formando parte de esta iniciativa, la cual actualmente apunta a la temporada invernal pero no se descarta que se extienda en el verano.<span style=\"color: #0000ff;\"> \u201cEl p\u00fablico magallanico es muy amplio y est\u00e1n interesados en conocer la Provincia\u201d<\/span>, asegur\u00f3.<\/p>\n<p>Cabe destacar que el InFueTur adem\u00e1s de acompa\u00f1ar la presentaci\u00f3n del producto nieve tambi\u00e9n expuso sobre los atractivos que se encuentran en Coraz\u00f3n de la Isla, pesca deportiva, turismo aventura y zona norte.<\/p>\n<div class='epvc-post-count'><span class='epvc-eye'><\/span>  <span class=\"epvc-count\"> 1.135<\/span><span class='epvc-label'> veces le\u00edda<\/span><\/div>\n<div class=\"jwsharethis\">\nShare this: \n<br \/>\n<a href=\"mailto:?subject=TDF%20present%C3%B3%20su%20temporada%20invernal%20en%20Punta%20Arenas&amp;body=https%3A%2F%2Flabestiadeportiva.com%2Flbd%2Ftdf-presento-su-temporada-invernal-en-punta-arenas%2F\">\n<img src=\"https:\/\/labestiadeportiva.com\/lbd\/wp-content\/plugins\/jw-share-this\/email.png\" alt=\"Share this page via Email\" \/>\n<\/a>\n<a target=\"_blank\" href=\"http:\/\/www.stumbleupon.com\/submit?url=https%3A%2F%2Flabestiadeportiva.com%2Flbd%2Ftdf-presento-su-temporada-invernal-en-punta-arenas%2F&amp;title=TDF+present%C3%B3+su+temporada+invernal+en+Punta+Arenas\">\n<img src=\"https:\/\/labestiadeportiva.com\/lbd\/wp-content\/plugins\/jw-share-this\/su.png\" alt=\"Share this page via Stumble Upon\" \/>\n<\/a>\n<a target=\"_blank\" href=\"http:\/\/digg.com\/submit?url=https%3A%2F%2Flabestiadeportiva.com%2Flbd%2Ftdf-presento-su-temporada-invernal-en-punta-arenas%2F&amp;title=TDF+present%C3%B3+su+temporada+invernal+en+Punta+Arenas\">\n<img src=\"https:\/\/labestiadeportiva.com\/lbd\/wp-content\/plugins\/jw-share-this\/digg.png\" alt=\"Share this page via Digg this\" \/>\n<\/a>\n<a target=\"_blank\" href=\"http:\/\/www.facebook.com\/sharer.php?u=https%3A%2F%2Flabestiadeportiva.com%2Flbd%2Ftdf-presento-su-temporada-invernal-en-punta-arenas%2F&amp;t=TDF+present%C3%B3+su+temporada+invernal+en+Punta+Arenas\">\n<img src=\"https:\/\/labestiadeportiva.com\/lbd\/wp-content\/plugins\/jw-share-this\/fb.png\" alt=\"Share this page via Facebook\" \/>\n<\/a>\n<a target=\"_blank\" href=\"http:\/\/twitter.com\/intent\/tweet?text=I+like+https%3A%2F%2Flabestiadeportiva.com%2Flbd%2Ftdf-presento-su-temporada-invernal-en-punta-arenas%2F&amp;title=TDF+present%C3%B3+su+temporada+invernal+en+Punta+Arenas\">\n<img src=\"https:\/\/labestiadeportiva.com\/lbd\/wp-content\/plugins\/jw-share-this\/twitter.png\" alt=\"Share this page via Twitter\" \/>\n<\/a>\n<\/div>\n","protected":false},"excerpt":{"rendered":"<p>El pasado viernes se llev\u00f3 a cabo la presentaci\u00f3n \u201cUshuaia Inicia\u201d, organizada por SouthPeople Patagonia, el Instituto Fueguino de Turismo y Cerro Castor. Esta acci\u00f3n pretende difundir los atractivos tur\u00edsticos y deportivos de la provincia. 1.135 veces le\u00edda Share this:<\/p>\n","protected":false},"author":1,"featured_media":20500,"comment_status":"open","ping_status":"open","sticky":false,"template":"","format":"standard","meta":[],"categories":[5,4,6,41,1],"tags":[4836,83,2714,2715],"_links":{"self":[{"href":"https:\/\/labestiadeportiva.com\/lbd\/wp-json\/wp\/v2\/posts\/20499"}],"collection":[{"href":"https:\/\/labestiadeportiva.com\/lbd\/wp-json\/wp\/v2\/posts"}],"about":[{"href":"https:\/\/labestiadeportiva.com\/lbd\/wp-json\/wp\/v2\/types\/post"}],"author":[{"embeddable":true,"href":"https:\/\/labestiadeportiva.com\/lbd\/wp-json\/wp\/v2\/users\/1"}],"replies":[{"embeddable":true,"href":"https:\/\/labestiadeportiva.com\/lbd\/wp-json\/wp\/v2\/comments?post=20499"}],"version-history":[{"count":1,"href":"https:\/\/labestiadeportiva.com\/lbd\/wp-json\/wp\/v2\/posts\/20499\/revisions"}],"predecessor-version":[{"id":20501,"href":"https:\/\/labestiadeportiva.com\/lbd\/wp-json\/wp\/v2\/posts\/20499\/revisions\/20501"}],"wp:featuredmedia":[{"embeddable":true,"href":"https:\/\/labestiadeportiva.com\/lbd\/wp-json\/wp\/v2\/media\/20500"}],"wp:attachment":[{"href":"https:\/\/labestiadeportiva.com\/lbd\/wp-json\/wp\/v2\/media?parent=20499"}],"wp:term":[{"taxonomy":"category","embeddable":true,"href":"https:\/\/labestiadeportiva.com\/lbd\/wp-json\/wp\/v2\/categories?post=20499"},{"taxonomy":"post_tag","embeddable":true,"href":"https:\/\/labestiadeportiva.com\/lbd\/wp-json\/wp\/v2\/tags?post=20499"}],"curies":[{"name":"wp","href":"https:\/\/api.w.org\/{rel}","templated":true}]}}