{"id":20539,"date":"2016-06-16T16:21:15","date_gmt":"2016-06-16T19:21:15","guid":{"rendered":"http:\/\/labestiadeportiva.com\/lbd\/?p=20539"},"modified":"2016-06-21T20:04:42","modified_gmt":"2016-06-21T23:04:42","slug":"arranca-el-campus-del-fin-del-mundo","status":"publish","type":"post","link":"https:\/\/labestiadeportiva.com\/lbd\/arranca-el-campus-del-fin-del-mundo\/","title":{"rendered":"Arranca el \u00abCampus del Fin del Mundo\u00bb"},"content":{"rendered":"<p><a href=\"http:\/\/labestiadeportiva.com\/lbd\/wp-content\/uploads\/2016\/06\/13434957_1139386362794564_3110740078346925553_n.jpg\"><img loading=\"lazy\" class=\"alignleft size-medium wp-image-20540\" src=\"http:\/\/labestiadeportiva.com\/lbd\/wp-content\/uploads\/2016\/06\/13434957_1139386362794564_3110740078346925553_n-300x199.jpg\" alt=\"13434957_1139386362794564_3110740078346925553_n\" width=\"300\" height=\"199\" srcset=\"https:\/\/labestiadeportiva.com\/lbd\/wp-content\/uploads\/2016\/06\/13434957_1139386362794564_3110740078346925553_n-300x199.jpg 300w, https:\/\/labestiadeportiva.com\/lbd\/wp-content\/uploads\/2016\/06\/13434957_1139386362794564_3110740078346925553_n.jpg 960w\" sizes=\"(max-width: 300px) 100vw, 300px\" \/><\/a>Este jueves desde las 21 horas se pondr\u00e1 en marcha el 6\u00ba \u201cCampus del Fin del Mundo\u201d. Tendr\u00e1 la presencia estelar del jugador de selecci\u00f3n nacional Hern\u00e1n \u201cPancho\u201d Jasen, actual jugador de Bah\u00eda Basket. Mauro Pola y Leandro Carbonell estar\u00e1n al frente de la capacitaci\u00f3n que se realizar\u00e1 \u00a0hasta el pr\u00f3ximo s\u00e1bado en la cancha 4 del \u201cHugo Italo Favale\u201d. Alrededor de 120 j\u00f3venes jugadores de ambos sexos junto a sus entrenadores ser\u00e1n de la partida.<\/p>\n<p><a href=\"http:\/\/labestiadeportiva.com\/lbd\/wp-content\/uploads\/2016\/06\/13450930_1139386456127888_4390861047250246441_n.jpg\"><img loading=\"lazy\" class=\"aligncenter size-medium wp-image-20541\" src=\"http:\/\/labestiadeportiva.com\/lbd\/wp-content\/uploads\/2016\/06\/13450930_1139386456127888_4390861047250246441_n-300x211.jpg\" alt=\"13450930_1139386456127888_4390861047250246441_n\" width=\"300\" height=\"211\" \/><\/a><\/p>\n<div class='epvc-post-count'><span class='epvc-eye'><\/span>  <span class=\"epvc-count\"> 1.113<\/span><span class='epvc-label'> veces le\u00edda<\/span><\/div>\n<div class=\"jwsharethis\">\nShare this: \n<br \/>\n<a href=\"mailto:?subject=Arranca%20el%20%C2%ABCampus%20del%20Fin%20del%20Mundo%C2%BB&amp;body=https%3A%2F%2Flabestiadeportiva.com%2Flbd%2Farranca-el-campus-del-fin-del-mundo%2F\">\n<img src=\"https:\/\/labestiadeportiva.com\/lbd\/wp-content\/plugins\/jw-share-this\/email.png\" alt=\"Share this page via Email\" \/>\n<\/a>\n<a target=\"_blank\" href=\"http:\/\/www.stumbleupon.com\/submit?url=https%3A%2F%2Flabestiadeportiva.com%2Flbd%2Farranca-el-campus-del-fin-del-mundo%2F&amp;title=Arranca+el+%C2%ABCampus+del+Fin+del+Mundo%C2%BB\">\n<img src=\"https:\/\/labestiadeportiva.com\/lbd\/wp-content\/plugins\/jw-share-this\/su.png\" alt=\"Share this page via Stumble Upon\" \/>\n<\/a>\n<a target=\"_blank\" href=\"http:\/\/digg.com\/submit?url=https%3A%2F%2Flabestiadeportiva.com%2Flbd%2Farranca-el-campus-del-fin-del-mundo%2F&amp;title=Arranca+el+%C2%ABCampus+del+Fin+del+Mundo%C2%BB\">\n<img src=\"https:\/\/labestiadeportiva.com\/lbd\/wp-content\/plugins\/jw-share-this\/digg.png\" alt=\"Share this page via Digg this\" \/>\n<\/a>\n<a target=\"_blank\" href=\"http:\/\/www.facebook.com\/sharer.php?u=https%3A%2F%2Flabestiadeportiva.com%2Flbd%2Farranca-el-campus-del-fin-del-mundo%2F&amp;t=Arranca+el+%C2%ABCampus+del+Fin+del+Mundo%C2%BB\">\n<img src=\"https:\/\/labestiadeportiva.com\/lbd\/wp-content\/plugins\/jw-share-this\/fb.png\" alt=\"Share this page via Facebook\" \/>\n<\/a>\n<a target=\"_blank\" href=\"http:\/\/twitter.com\/intent\/tweet?text=I+like+https%3A%2F%2Flabestiadeportiva.com%2Flbd%2Farranca-el-campus-del-fin-del-mundo%2F&amp;title=Arranca+el+%C2%ABCampus+del+Fin+del+Mundo%C2%BB\">\n<img src=\"https:\/\/labestiadeportiva.com\/lbd\/wp-content\/plugins\/jw-share-this\/twitter.png\" alt=\"Share this page via Twitter\" \/>\n<\/a>\n<\/div>\n","protected":false},"excerpt":{"rendered":"<p>Este jueves desde las 21 horas se pondr\u00e1 en marcha el 6\u00ba \u201cCampus del Fin del Mundo\u201d. Tendr\u00e1 la presencia estelar del jugador de selecci\u00f3n nacional Hern\u00e1n \u201cPancho\u201d Jasen, actual jugador de Bah\u00eda Basket. Mauro Pola y Leandro Carbonell estar\u00e1n al frente de la capacitaci\u00f3n que se realizar\u00e1 \u00a0hasta el pr\u00f3ximo s\u00e1bado en la cancha &hellip; <a href=\"https:\/\/labestiadeportiva.com\/lbd\/arranca-el-campus-del-fin-del-mundo\/\" class=\"more-link\">Seguir leyendo <span class=\"screen-reader-text\">Arranca el \u00abCampus del Fin del Mundo\u00bb<\/span> <span class=\"meta-nav\">&rarr;<\/span><\/a><\/p>\n","protected":false},"author":1,"featured_media":20540,"comment_status":"open","ping_status":"open","sticky":false,"template":"","format":"standard","meta":[],"categories":[2432,5,6,2651,1],"tags":[764,2720,171,83],"_links":{"self":[{"href":"https:\/\/labestiadeportiva.com\/lbd\/wp-json\/wp\/v2\/posts\/20539"}],"collection":[{"href":"https:\/\/labestiadeportiva.com\/lbd\/wp-json\/wp\/v2\/posts"}],"about":[{"href":"https:\/\/labestiadeportiva.com\/lbd\/wp-json\/wp\/v2\/types\/post"}],"author":[{"embeddable":true,"href":"https:\/\/labestiadeportiva.com\/lbd\/wp-json\/wp\/v2\/users\/1"}],"replies":[{"embeddable":true,"href":"https:\/\/labestiadeportiva.com\/lbd\/wp-json\/wp\/v2\/comments?post=20539"}],"version-history":[{"count":2,"href":"https:\/\/labestiadeportiva.com\/lbd\/wp-json\/wp\/v2\/posts\/20539\/revisions"}],"predecessor-version":[{"id":20574,"href":"https:\/\/labestiadeportiva.com\/lbd\/wp-json\/wp\/v2\/posts\/20539\/revisions\/20574"}],"wp:featuredmedia":[{"embeddable":true,"href":"https:\/\/labestiadeportiva.com\/lbd\/wp-json\/wp\/v2\/media\/20540"}],"wp:attachment":[{"href":"https:\/\/labestiadeportiva.com\/lbd\/wp-json\/wp\/v2\/media?parent=20539"}],"wp:term":[{"taxonomy":"category","embeddable":true,"href":"https:\/\/labestiadeportiva.com\/lbd\/wp-json\/wp\/v2\/categories?post=20539"},{"taxonomy":"post_tag","embeddable":true,"href":"https:\/\/labestiadeportiva.com\/lbd\/wp-json\/wp\/v2\/tags?post=20539"}],"curies":[{"name":"wp","href":"https:\/\/api.w.org\/{rel}","templated":true}]}}