{"id":20543,"date":"2016-06-16T16:32:49","date_gmt":"2016-06-16T19:32:49","guid":{"rendered":"http:\/\/labestiadeportiva.com\/lbd\/?p=20543"},"modified":"2016-06-16T16:32:49","modified_gmt":"2016-06-16T19:32:49","slug":"en-viaje-4","status":"publish","type":"post","link":"https:\/\/labestiadeportiva.com\/lbd\/en-viaje-4\/","title":{"rendered":"En viaje"},"content":{"rendered":"<p><a href=\"http:\/\/labestiadeportiva.com\/lbd\/wp-content\/uploads\/2016\/06\/13428364_1139375086129025_6020992137112337269_n.jpg\"><img loading=\"lazy\" class=\"alignleft size-medium wp-image-20544\" src=\"http:\/\/labestiadeportiva.com\/lbd\/wp-content\/uploads\/2016\/06\/13428364_1139375086129025_6020992137112337269_n-300x238.jpg\" alt=\"13428364_1139375086129025_6020992137112337269_n\" width=\"300\" height=\"238\" srcset=\"https:\/\/labestiadeportiva.com\/lbd\/wp-content\/uploads\/2016\/06\/13428364_1139375086129025_6020992137112337269_n-300x238.jpg 300w, https:\/\/labestiadeportiva.com\/lbd\/wp-content\/uploads\/2016\/06\/13428364_1139375086129025_6020992137112337269_n.jpg 383w\" sizes=\"(max-width: 300px) 100vw, 300px\" \/><\/a>Esta ma\u00f1ana comenz\u00f3 el viaje para los atletas Facundo Rodr\u00edguez, Felipe Isoba e Ignacio Daielo quienes junto a su entrenador el profesor Lucas Doffo se presentar\u00e1n en la Copa Nacional de clubes organizada por la Federaci\u00f3n Santafesina de Atletismo.<!--more--><\/p>\n<p>La competencia que forma parte del calendario de la Confederaci\u00f3n Argentina de Atletismo se iniciar\u00e1 el pr\u00f3ximo s\u00e1bado 18. Rodr\u00edguez se presentar\u00e1 en las pruebas de 600 y 2400 metros, Daielo lo har\u00e1 en 110 metros con vallas y jabalina mientras que Isoba estar\u00e1 presente en 110 metros con vallas y salto en largo en todos los casos en el segmento U15.<\/p>\n<p>Esta es la primera presentaci\u00f3n de los ushuaienses a nivel nacional, una buena medida para testear donde se est\u00e1 parado a nivel pa\u00eds.<\/p>\n<div class='epvc-post-count'><span class='epvc-eye'><\/span>  <span class=\"epvc-count\"> 948<\/span><span class='epvc-label'> veces le\u00edda<\/span><\/div>\n<div class=\"jwsharethis\">\nShare this: \n<br \/>\n<a href=\"mailto:?subject=En%20viaje&amp;body=https%3A%2F%2Flabestiadeportiva.com%2Flbd%2Fen-viaje-4%2F\">\n<img src=\"https:\/\/labestiadeportiva.com\/lbd\/wp-content\/plugins\/jw-share-this\/email.png\" alt=\"Share this page via Email\" \/>\n<\/a>\n<a target=\"_blank\" href=\"http:\/\/www.stumbleupon.com\/submit?url=https%3A%2F%2Flabestiadeportiva.com%2Flbd%2Fen-viaje-4%2F&amp;title=En+viaje\">\n<img src=\"https:\/\/labestiadeportiva.com\/lbd\/wp-content\/plugins\/jw-share-this\/su.png\" alt=\"Share this page via Stumble Upon\" \/>\n<\/a>\n<a target=\"_blank\" href=\"http:\/\/digg.com\/submit?url=https%3A%2F%2Flabestiadeportiva.com%2Flbd%2Fen-viaje-4%2F&amp;title=En+viaje\">\n<img src=\"https:\/\/labestiadeportiva.com\/lbd\/wp-content\/plugins\/jw-share-this\/digg.png\" alt=\"Share this page via Digg this\" \/>\n<\/a>\n<a target=\"_blank\" href=\"http:\/\/www.facebook.com\/sharer.php?u=https%3A%2F%2Flabestiadeportiva.com%2Flbd%2Fen-viaje-4%2F&amp;t=En+viaje\">\n<img src=\"https:\/\/labestiadeportiva.com\/lbd\/wp-content\/plugins\/jw-share-this\/fb.png\" alt=\"Share this page via Facebook\" \/>\n<\/a>\n<a target=\"_blank\" href=\"http:\/\/twitter.com\/intent\/tweet?text=I+like+https%3A%2F%2Flabestiadeportiva.com%2Flbd%2Fen-viaje-4%2F&amp;title=En+viaje\">\n<img src=\"https:\/\/labestiadeportiva.com\/lbd\/wp-content\/plugins\/jw-share-this\/twitter.png\" alt=\"Share this page via Twitter\" \/>\n<\/a>\n<\/div>\n","protected":false},"excerpt":{"rendered":"<p>Esta ma\u00f1ana comenz\u00f3 el viaje para los atletas Facundo Rodr\u00edguez, Felipe Isoba e Ignacio Daielo quienes junto a su entrenador el profesor Lucas Doffo se presentar\u00e1n en la Copa Nacional de clubes organizada por la Federaci\u00f3n Santafesina de Atletismo. 948 veces le\u00edda Share this:<\/p>\n","protected":false},"author":1,"featured_media":20544,"comment_status":"open","ping_status":"open","sticky":false,"template":"","format":"standard","meta":[],"categories":[22,5,6,1],"tags":[4831,2721,83,2722],"_links":{"self":[{"href":"https:\/\/labestiadeportiva.com\/lbd\/wp-json\/wp\/v2\/posts\/20543"}],"collection":[{"href":"https:\/\/labestiadeportiva.com\/lbd\/wp-json\/wp\/v2\/posts"}],"about":[{"href":"https:\/\/labestiadeportiva.com\/lbd\/wp-json\/wp\/v2\/types\/post"}],"author":[{"embeddable":true,"href":"https:\/\/labestiadeportiva.com\/lbd\/wp-json\/wp\/v2\/users\/1"}],"replies":[{"embeddable":true,"href":"https:\/\/labestiadeportiva.com\/lbd\/wp-json\/wp\/v2\/comments?post=20543"}],"version-history":[{"count":1,"href":"https:\/\/labestiadeportiva.com\/lbd\/wp-json\/wp\/v2\/posts\/20543\/revisions"}],"predecessor-version":[{"id":20545,"href":"https:\/\/labestiadeportiva.com\/lbd\/wp-json\/wp\/v2\/posts\/20543\/revisions\/20545"}],"wp:featuredmedia":[{"embeddable":true,"href":"https:\/\/labestiadeportiva.com\/lbd\/wp-json\/wp\/v2\/media\/20544"}],"wp:attachment":[{"href":"https:\/\/labestiadeportiva.com\/lbd\/wp-json\/wp\/v2\/media?parent=20543"}],"wp:term":[{"taxonomy":"category","embeddable":true,"href":"https:\/\/labestiadeportiva.com\/lbd\/wp-json\/wp\/v2\/categories?post=20543"},{"taxonomy":"post_tag","embeddable":true,"href":"https:\/\/labestiadeportiva.com\/lbd\/wp-json\/wp\/v2\/tags?post=20543"}],"curies":[{"name":"wp","href":"https:\/\/api.w.org\/{rel}","templated":true}]}}