{"id":20546,"date":"2016-06-20T15:06:51","date_gmt":"2016-06-20T18:06:51","guid":{"rendered":"http:\/\/labestiadeportiva.com\/lbd\/?p=20546"},"modified":"2016-06-20T15:06:51","modified_gmt":"2016-06-20T18:06:51","slug":"paseo-por-las-calles-de-baku","status":"publish","type":"post","link":"https:\/\/labestiadeportiva.com\/lbd\/paseo-por-las-calles-de-baku\/","title":{"rendered":"Paseo por las calles de Bak\u00fa"},"content":{"rendered":"<p>Por Daniel Campos (Corresponsal LBD en Palma de Mallorca, Espa\u00f1a)<\/p>\n<p><a href=\"http:\/\/labestiadeportiva.com\/lbd\/wp-content\/uploads\/2016\/06\/nicoBaku.jpg\"><img loading=\"lazy\" class=\"alignleft size-medium wp-image-20547\" src=\"http:\/\/labestiadeportiva.com\/lbd\/wp-content\/uploads\/2016\/06\/nicoBaku-300x190.jpg\" alt=\"nicoBaku\" width=\"300\" height=\"190\" srcset=\"https:\/\/labestiadeportiva.com\/lbd\/wp-content\/uploads\/2016\/06\/nicoBaku-300x190.jpg 300w, https:\/\/labestiadeportiva.com\/lbd\/wp-content\/uploads\/2016\/06\/nicoBaku.jpg 1021w\" sizes=\"(max-width: 300px) 100vw, 300px\" \/><\/a>El alem\u00e1n Nico Rosberg volvi\u00f3 a demostrar que este puede ser su a\u00f1o al ganar ayer en Bak\u00fa, en el GP Europa, octava cita del Mundial. En un fin de semana perfecto para el volante germano, se llev\u00f3 todo, pole position, r\u00e9cord de vuelta y la carrera. La segunda posici\u00f3n fue para Sebastian Vettel y su Ferrari, y tercero arrib\u00f3 en gran faena Sergio \u201cCheco\u201d P\u00e9rez con Force India.<!--more--><\/p>\n<p>La categor\u00eda llegaba este fin de semana a territorio desconocido, el trazado urbano, creaci\u00f3n del siempre presente Herman Tilke, planteaba todo un desaf\u00edo. Un circuito bipolar a decir de algunos puristas.<\/p>\n<p>Angosto al borde del reglamento, unos 7. 60 metros en algunos tramos, bacheado sin escapatorias, en la zona del casco hist\u00f3rico, cerca de un castillo.<\/p>\n<p>Un tramo donde el sol de frente gener\u00f3 m\u00e1s de un problema y luego se pasaba a un tramo de velocidad pura. Ya en la jornada del s\u00e1bado, y el mismo d\u00eda domingo, las categor\u00edas GP 2 y GP 3, tuvieron que recurrir al coche de seguridad para reorganizar las dos competencias.<\/p>\n<p>Volviendo a la F1, en los libres del viernes, Hamilton estuvo muy veloz y atrevido, fiel a su estilo agresivo de conducci\u00f3n y avisaba a su compa\u00f1ero de equipo que iba a por todas.<\/p>\n<p>Pero a la hora de la clasificaci\u00f3n, el panorama se desdibuj\u00f3 para el vigente campe\u00f3n. En la Q3 apur\u00f3 demasiado sus opciones para quedar tirado junto al muro con su monoplaza color plata y salir el domingo desde la d\u00e9cima posici\u00f3n.<\/p>\n<p>El domingo las cosas fueron a peor, la escuder\u00eda alemana err\u00f3 en la elecci\u00f3n del mapa motor de sus dos pilotos. Tras la largada fue Rosberg el que acert\u00f3 a la hora de solucionar el fallo de sus ingenieros, ajust\u00f3 los par\u00e1metros desde su volante y santo remedio.<\/p>\n<p>En cambio, Hamilton protestaba por radio y no daba con la tecla exacta y se dej\u00f3 medio podio all\u00ed. En carrera, Ferrari busc\u00f3 sacar provecho del mal de Mercedes Benz, Vettel y Raikkonen se manten\u00edan cerca del l\u00edder del mundial.<\/p>\n<p>Desde el muro, Arrivabene le ped\u00eda al alem\u00e1n una pronta detenci\u00f3n en boxes para evitar que Ricciardo con el Red Bull progresara en la clasificaci\u00f3n. Pero extra\u00f1amente Sebastian no hizo caso y se la jug\u00f3 a su instinto de campe\u00f3n, y la jugada le sali\u00f3 bien.<\/p>\n<p>El finland\u00e9s en cambio acat\u00f3 \u00f3rdenes y sigui\u00f3 tirando fuerte, pero sufri\u00f3 una penalizaci\u00f3n por saltarse una curva y acab\u00f3 cediendo ante el ataque de Sergio P\u00e9rez.<\/p>\n<p>Adelante y en otro mundo, Rosberg segu\u00eda girando muy r\u00e1pido y sin preocupaciones lleg\u00f3 a estar a m\u00e1s de veinte segundos del siguiente monoplaza que le preced\u00eda.<\/p>\n<p>Y cuando al GP de Europa le restaban tres giros para completar los poco m\u00e1s de 300 kil\u00f3metros de distancia de carrera, Nico se apuntaba el mejor registro de la tarde.<\/p>\n<p>Con esta victoria, la quinta de la temporada, la n\u00famero 19 de su historial, el volante alem\u00e1n sigue mandando en el campeonato con una ventaja de 24 unidades sobre el segundo su compa\u00f1ero de equipo Hamilton.<\/p>\n<p>En dos semanas, la F\u00f3rmula Uno aterriza en el Red Bull Rin, en Spielberg, para el Gran Premio de Austria.<\/p>\n<p><span style=\"color: #0000ff;\">As\u00ed llegaron:<\/span><br \/>\n<span style=\"color: #ff0000;\">1\u00b0 N. Rosberg-Mercedes Benz en 1:32:52,366<\/span><br \/>\n2\u00b0 S. Vettel Ferrari a 16,696<br \/>\n3\u00b0 S. P\u00e9rez-Force India a 25,241<\/p>\n<p><span style=\"color: #0000ff;\">El Mundial de Pilotos<\/span><br \/>\n<span style=\"color: #ff0000;\">1\u00b0 N. Rosberg (ALE) 141 pts.<\/span><br \/>\n2\u00b0 L. Hamilton (GB) 117 pts.<br \/>\n3\u00b0 S. Vettel (ALE) 96 pts.<\/p>\n<p><span style=\"color: #0000ff;\">El Mundial de Marcas<\/span><br \/>\n<span style=\"color: #ff0000;\">1\u00b0 Mercedes Benz 258 pts.<\/span><br \/>\n2\u00b0 Ferrari 177 pts.<br \/>\n3\u00b0 Red Bull 140 pts.<\/p>\n<p>La pr\u00f3xima competencia, GP de Austria, el 3 de julio en Spielberg.<\/p>\n<div class='epvc-post-count'><span class='epvc-eye'><\/span>  <span class=\"epvc-count\"> 1.063<\/span><span class='epvc-label'> veces le\u00edda<\/span><\/div>\n<div class=\"jwsharethis\">\nShare this: \n<br \/>\n<a href=\"mailto:?subject=Paseo%20por%20las%20calles%20de%20Bak%C3%BA&amp;body=https%3A%2F%2Flabestiadeportiva.com%2Flbd%2Fpaseo-por-las-calles-de-baku%2F\">\n<img src=\"https:\/\/labestiadeportiva.com\/lbd\/wp-content\/plugins\/jw-share-this\/email.png\" alt=\"Share this page via Email\" \/>\n<\/a>\n<a target=\"_blank\" href=\"http:\/\/www.stumbleupon.com\/submit?url=https%3A%2F%2Flabestiadeportiva.com%2Flbd%2Fpaseo-por-las-calles-de-baku%2F&amp;title=Paseo+por+las+calles+de+Bak%C3%BA\">\n<img src=\"https:\/\/labestiadeportiva.com\/lbd\/wp-content\/plugins\/jw-share-this\/su.png\" alt=\"Share this page via Stumble Upon\" \/>\n<\/a>\n<a target=\"_blank\" href=\"http:\/\/digg.com\/submit?url=https%3A%2F%2Flabestiadeportiva.com%2Flbd%2Fpaseo-por-las-calles-de-baku%2F&amp;title=Paseo+por+las+calles+de+Bak%C3%BA\">\n<img src=\"https:\/\/labestiadeportiva.com\/lbd\/wp-content\/plugins\/jw-share-this\/digg.png\" alt=\"Share this page via Digg this\" \/>\n<\/a>\n<a target=\"_blank\" href=\"http:\/\/www.facebook.com\/sharer.php?u=https%3A%2F%2Flabestiadeportiva.com%2Flbd%2Fpaseo-por-las-calles-de-baku%2F&amp;t=Paseo+por+las+calles+de+Bak%C3%BA\">\n<img src=\"https:\/\/labestiadeportiva.com\/lbd\/wp-content\/plugins\/jw-share-this\/fb.png\" alt=\"Share this page via Facebook\" \/>\n<\/a>\n<a target=\"_blank\" href=\"http:\/\/twitter.com\/intent\/tweet?text=I+like+https%3A%2F%2Flabestiadeportiva.com%2Flbd%2Fpaseo-por-las-calles-de-baku%2F&amp;title=Paseo+por+las+calles+de+Bak%C3%BA\">\n<img src=\"https:\/\/labestiadeportiva.com\/lbd\/wp-content\/plugins\/jw-share-this\/twitter.png\" alt=\"Share this page via Twitter\" \/>\n<\/a>\n<\/div>\n","protected":false},"excerpt":{"rendered":"<p>Por Daniel Campos (Corresponsal LBD en Palma de Mallorca, Espa\u00f1a) El alem\u00e1n Nico Rosberg volvi\u00f3 a demostrar que este puede ser su a\u00f1o al ganar ayer en Bak\u00fa, en el GP Europa, octava cita del Mundial. En un fin de semana perfecto para el volante germano, se llev\u00f3 todo, pole position, r\u00e9cord de vuelta y &hellip; <a href=\"https:\/\/labestiadeportiva.com\/lbd\/paseo-por-las-calles-de-baku\/\" class=\"more-link\">Seguir leyendo <span class=\"screen-reader-text\">Paseo por las calles de Bak\u00fa<\/span> <span class=\"meta-nav\">&rarr;<\/span><\/a><\/p>\n","protected":false},"author":1,"featured_media":20547,"comment_status":"open","ping_status":"open","sticky":false,"template":"","format":"standard","meta":[],"categories":[2176,4,2579,1],"tags":[86,2580,2723],"_links":{"self":[{"href":"https:\/\/labestiadeportiva.com\/lbd\/wp-json\/wp\/v2\/posts\/20546"}],"collection":[{"href":"https:\/\/labestiadeportiva.com\/lbd\/wp-json\/wp\/v2\/posts"}],"about":[{"href":"https:\/\/labestiadeportiva.com\/lbd\/wp-json\/wp\/v2\/types\/post"}],"author":[{"embeddable":true,"href":"https:\/\/labestiadeportiva.com\/lbd\/wp-json\/wp\/v2\/users\/1"}],"replies":[{"embeddable":true,"href":"https:\/\/labestiadeportiva.com\/lbd\/wp-json\/wp\/v2\/comments?post=20546"}],"version-history":[{"count":2,"href":"https:\/\/labestiadeportiva.com\/lbd\/wp-json\/wp\/v2\/posts\/20546\/revisions"}],"predecessor-version":[{"id":20556,"href":"https:\/\/labestiadeportiva.com\/lbd\/wp-json\/wp\/v2\/posts\/20546\/revisions\/20556"}],"wp:featuredmedia":[{"embeddable":true,"href":"https:\/\/labestiadeportiva.com\/lbd\/wp-json\/wp\/v2\/media\/20547"}],"wp:attachment":[{"href":"https:\/\/labestiadeportiva.com\/lbd\/wp-json\/wp\/v2\/media?parent=20546"}],"wp:term":[{"taxonomy":"category","embeddable":true,"href":"https:\/\/labestiadeportiva.com\/lbd\/wp-json\/wp\/v2\/categories?post=20546"},{"taxonomy":"post_tag","embeddable":true,"href":"https:\/\/labestiadeportiva.com\/lbd\/wp-json\/wp\/v2\/tags?post=20546"}],"curies":[{"name":"wp","href":"https:\/\/api.w.org\/{rel}","templated":true}]}}