{"id":20571,"date":"2016-06-21T18:54:41","date_gmt":"2016-06-21T21:54:41","guid":{"rendered":"http:\/\/labestiadeportiva.com\/lbd\/?p=20571"},"modified":"2016-06-21T18:54:41","modified_gmt":"2016-06-21T21:54:41","slug":"pancho-jasen-en-ushuaia-audio","status":"publish","type":"post","link":"https:\/\/labestiadeportiva.com\/lbd\/pancho-jasen-en-ushuaia-audio\/","title":{"rendered":"\u00abPancho\u00bb Jasen en Ushuaia (Audio)"},"content":{"rendered":"<p><a href=\"http:\/\/labestiadeportiva.com\/lbd\/wp-content\/uploads\/2016\/06\/Imagen-2460.jpg\"><img loading=\"lazy\" src=\"http:\/\/labestiadeportiva.com\/lbd\/wp-content\/uploads\/2016\/06\/Imagen-2460-262x300.jpg\" alt=\"Imagen 2460\" width=\"262\" height=\"300\" class=\"alignleft size-medium wp-image-20572\" srcset=\"https:\/\/labestiadeportiva.com\/lbd\/wp-content\/uploads\/2016\/06\/Imagen-2460-262x300.jpg 262w, https:\/\/labestiadeportiva.com\/lbd\/wp-content\/uploads\/2016\/06\/Imagen-2460.jpg 600w\" sizes=\"(max-width: 262px) 100vw, 262px\" \/><\/a>El actual jugador de Bah\u00eda Basket form\u00f3 parte del staff de capacitadores en la 6\u00ba edici\u00f3n del \u201cCampus del Fin del Mundo\u201d. Enorme carrera internacional para el alero de 38 a\u00f1os quien jug\u00f3 m\u00e1s de una d\u00e9cada en el b\u00e1squet europeo. Repaso por su trayectoria y la posibilidad de plasmar su experiencia a trav\u00e9s de la funci\u00f3n de entrenador, los principales temas de la nota efectuada el pasado s\u00e1bado. Compartimos parte de la entrevista con uno de los integrantes de nuestra \u201cGeneraci\u00f3n Dorada\u201d. <!--more--><\/p>\n<p><iframe loading=\"lazy\" width=\"420\" height=\"315\" src=\"https:\/\/www.youtube.com\/embed\/bOstpIxDBNg\" frameborder=\"0\" allowfullscreen><\/iframe><\/p>\n<div class='epvc-post-count'><span class='epvc-eye'><\/span>  <span class=\"epvc-count\"> 1.132<\/span><span class='epvc-label'> veces le\u00edda<\/span><\/div>\n<div class=\"jwsharethis\">\nShare this: \n<br \/>\n<a href=\"mailto:?subject=%C2%ABPancho%C2%BB%20Jasen%20en%20Ushuaia%20%28Audio%29&amp;body=https%3A%2F%2Flabestiadeportiva.com%2Flbd%2Fpancho-jasen-en-ushuaia-audio%2F\">\n<img src=\"https:\/\/labestiadeportiva.com\/lbd\/wp-content\/plugins\/jw-share-this\/email.png\" alt=\"Share this page via Email\" \/>\n<\/a>\n<a target=\"_blank\" href=\"http:\/\/www.stumbleupon.com\/submit?url=https%3A%2F%2Flabestiadeportiva.com%2Flbd%2Fpancho-jasen-en-ushuaia-audio%2F&amp;title=%C2%ABPancho%C2%BB+Jasen+en+Ushuaia+%28Audio%29\">\n<img src=\"https:\/\/labestiadeportiva.com\/lbd\/wp-content\/plugins\/jw-share-this\/su.png\" alt=\"Share this page via Stumble Upon\" \/>\n<\/a>\n<a target=\"_blank\" href=\"http:\/\/digg.com\/submit?url=https%3A%2F%2Flabestiadeportiva.com%2Flbd%2Fpancho-jasen-en-ushuaia-audio%2F&amp;title=%C2%ABPancho%C2%BB+Jasen+en+Ushuaia+%28Audio%29\">\n<img src=\"https:\/\/labestiadeportiva.com\/lbd\/wp-content\/plugins\/jw-share-this\/digg.png\" alt=\"Share this page via Digg this\" \/>\n<\/a>\n<a target=\"_blank\" href=\"http:\/\/www.facebook.com\/sharer.php?u=https%3A%2F%2Flabestiadeportiva.com%2Flbd%2Fpancho-jasen-en-ushuaia-audio%2F&amp;t=%C2%ABPancho%C2%BB+Jasen+en+Ushuaia+%28Audio%29\">\n<img src=\"https:\/\/labestiadeportiva.com\/lbd\/wp-content\/plugins\/jw-share-this\/fb.png\" alt=\"Share this page via Facebook\" \/>\n<\/a>\n<a target=\"_blank\" href=\"http:\/\/twitter.com\/intent\/tweet?text=I+like+https%3A%2F%2Flabestiadeportiva.com%2Flbd%2Fpancho-jasen-en-ushuaia-audio%2F&amp;title=%C2%ABPancho%C2%BB+Jasen+en+Ushuaia+%28Audio%29\">\n<img src=\"https:\/\/labestiadeportiva.com\/lbd\/wp-content\/plugins\/jw-share-this\/twitter.png\" alt=\"Share this page via Twitter\" \/>\n<\/a>\n<\/div>\n","protected":false},"excerpt":{"rendered":"<p>El actual jugador de Bah\u00eda Basket form\u00f3 parte del staff de capacitadores en la 6\u00ba edici\u00f3n del \u201cCampus del Fin del Mundo\u201d. Enorme carrera internacional para el alero de 38 a\u00f1os quien jug\u00f3 m\u00e1s de una d\u00e9cada en el b\u00e1squet europeo. Repaso por su trayectoria y la posibilidad de plasmar su experiencia a trav\u00e9s de &hellip; <a href=\"https:\/\/labestiadeportiva.com\/lbd\/pancho-jasen-en-ushuaia-audio\/\" class=\"more-link\">Seguir leyendo <span class=\"screen-reader-text\">\u00abPancho\u00bb Jasen en Ushuaia (Audio)<\/span> <span class=\"meta-nav\">&rarr;<\/span><\/a><\/p>\n","protected":false},"author":1,"featured_media":20572,"comment_status":"open","ping_status":"open","sticky":false,"template":"","format":"standard","meta":[],"categories":[2432,5,6,60,1],"tags":[764,2720,171,4838,2728],"_links":{"self":[{"href":"https:\/\/labestiadeportiva.com\/lbd\/wp-json\/wp\/v2\/posts\/20571"}],"collection":[{"href":"https:\/\/labestiadeportiva.com\/lbd\/wp-json\/wp\/v2\/posts"}],"about":[{"href":"https:\/\/labestiadeportiva.com\/lbd\/wp-json\/wp\/v2\/types\/post"}],"author":[{"embeddable":true,"href":"https:\/\/labestiadeportiva.com\/lbd\/wp-json\/wp\/v2\/users\/1"}],"replies":[{"embeddable":true,"href":"https:\/\/labestiadeportiva.com\/lbd\/wp-json\/wp\/v2\/comments?post=20571"}],"version-history":[{"count":1,"href":"https:\/\/labestiadeportiva.com\/lbd\/wp-json\/wp\/v2\/posts\/20571\/revisions"}],"predecessor-version":[{"id":20573,"href":"https:\/\/labestiadeportiva.com\/lbd\/wp-json\/wp\/v2\/posts\/20571\/revisions\/20573"}],"wp:featuredmedia":[{"embeddable":true,"href":"https:\/\/labestiadeportiva.com\/lbd\/wp-json\/wp\/v2\/media\/20572"}],"wp:attachment":[{"href":"https:\/\/labestiadeportiva.com\/lbd\/wp-json\/wp\/v2\/media?parent=20571"}],"wp:term":[{"taxonomy":"category","embeddable":true,"href":"https:\/\/labestiadeportiva.com\/lbd\/wp-json\/wp\/v2\/categories?post=20571"},{"taxonomy":"post_tag","embeddable":true,"href":"https:\/\/labestiadeportiva.com\/lbd\/wp-json\/wp\/v2\/tags?post=20571"}],"curies":[{"name":"wp","href":"https:\/\/api.w.org\/{rel}","templated":true}]}}