{"id":20711,"date":"2016-06-29T19:15:10","date_gmt":"2016-06-29T22:15:10","guid":{"rendered":"http:\/\/labestiadeportiva.com\/lbd\/?p=20711"},"modified":"2016-06-29T19:15:10","modified_gmt":"2016-06-29T22:15:10","slug":"handball-intercolegial-en-el-ana-giro","status":"publish","type":"post","link":"https:\/\/labestiadeportiva.com\/lbd\/handball-intercolegial-en-el-ana-giro\/","title":{"rendered":"Handball intercolegial en el \u00abAna Gir\u00f3\u00bb"},"content":{"rendered":"<p><a href=\"http:\/\/labestiadeportiva.com\/lbd\/wp-content\/uploads\/2016\/06\/Imagen-2529.jpg\"><img loading=\"lazy\" class=\"alignleft size-medium wp-image-20712\" src=\"http:\/\/labestiadeportiva.com\/lbd\/wp-content\/uploads\/2016\/06\/Imagen-2529-300x162.jpg\" alt=\"Imagen 2529\" width=\"300\" height=\"162\" srcset=\"https:\/\/labestiadeportiva.com\/lbd\/wp-content\/uploads\/2016\/06\/Imagen-2529-300x162.jpg 300w, https:\/\/labestiadeportiva.com\/lbd\/wp-content\/uploads\/2016\/06\/Imagen-2529.jpg 800w\" sizes=\"(max-width: 300px) 100vw, 300px\" \/><\/a>El s\u00e1bado la Federaci\u00f3n Fueguina de la disciplina organiz\u00f3 un torneo rel\u00e1mpago para la categor\u00eda menores. Fueron de la partida los colegios Los Andes, CIEU, Nacional y Don Bosco. Se compiti\u00f3 en ambas ramas, los equipos de Los Andes fueron los vencedores.<!--more--><\/p>\n<p>Buena iniciativa federada la de convocar a instituciones escolares y sus jugadores de ambos sexos comprendidos en la categor\u00eda menores, a\u00f1os 2002, 2003 y 2004, pensando en los compromisos clasificatorios locales y provinciales para intentar llegar a los nacionales del Evita.<\/p>\n<p><a href=\"http:\/\/labestiadeportiva.com\/lbd\/wp-content\/uploads\/2016\/06\/Imagen-2525.jpg\"><img loading=\"lazy\" class=\"aligncenter size-medium wp-image-20713\" src=\"http:\/\/labestiadeportiva.com\/lbd\/wp-content\/uploads\/2016\/06\/Imagen-2525-300x186.jpg\" alt=\"Imagen 2525\" width=\"300\" height=\"186\" srcset=\"https:\/\/labestiadeportiva.com\/lbd\/wp-content\/uploads\/2016\/06\/Imagen-2525-300x186.jpg 300w, https:\/\/labestiadeportiva.com\/lbd\/wp-content\/uploads\/2016\/06\/Imagen-2525.jpg 800w\" sizes=\"(max-width: 300px) 100vw, 300px\" \/><\/a>En cuanto a los varones Los Andes present\u00f3 dos equipos a los que se les sumaron Colegio Nacional y CIEU jugando todos contra todos. Las \u201cchicas\u201d estuvieron representadas por tres equipos Los Andes, CIEU y Don Bosco.<\/p>\n<p>Los encuentros en el gimnasio del barrio 245 Viviendas comenzaron a partir de las nueve de la ma\u00f1ana extendi\u00e9ndose hasta entrada la tarde jug\u00e1ndose alrededor de 20 partidos.\u00a0Hasta donde pudimos averiguar este s\u00e1bado se realizar\u00e1 una actividad similar.<\/p>\n<p><a href=\"http:\/\/labestiadeportiva.com\/lbd\/wp-content\/uploads\/2016\/06\/Imagen-2543.jpg\"><img loading=\"lazy\" class=\"aligncenter size-medium wp-image-20714\" src=\"http:\/\/labestiadeportiva.com\/lbd\/wp-content\/uploads\/2016\/06\/Imagen-2543-300x147.jpg\" alt=\"Imagen 2543\" width=\"300\" height=\"147\" srcset=\"https:\/\/labestiadeportiva.com\/lbd\/wp-content\/uploads\/2016\/06\/Imagen-2543-300x147.jpg 300w, https:\/\/labestiadeportiva.com\/lbd\/wp-content\/uploads\/2016\/06\/Imagen-2543.jpg 800w\" sizes=\"(max-width: 300px) 100vw, 300px\" \/><\/a>Los clasificatorios intercolegiales, en sus instancias locales y provinciales, que determinar\u00e1n los representantes de TDF para los Juegos Nacionales Evita se pondr\u00e1n en marcha a partir del mes de agosto.<\/p>\n<p><a href=\"http:\/\/labestiadeportiva.com\/lbd\/wp-content\/uploads\/2016\/06\/Imagen-2526.jpg\"><img loading=\"lazy\" class=\"aligncenter size-medium wp-image-20715\" src=\"http:\/\/labestiadeportiva.com\/lbd\/wp-content\/uploads\/2016\/06\/Imagen-2526-300x199.jpg\" alt=\"Imagen 2526\" width=\"300\" height=\"199\" srcset=\"https:\/\/labestiadeportiva.com\/lbd\/wp-content\/uploads\/2016\/06\/Imagen-2526-300x199.jpg 300w, https:\/\/labestiadeportiva.com\/lbd\/wp-content\/uploads\/2016\/06\/Imagen-2526.jpg 800w\" sizes=\"(max-width: 300px) 100vw, 300px\" \/><\/a><\/p>\n<div class='epvc-post-count'><span class='epvc-eye'><\/span>  <span class=\"epvc-count\"> 1.262<\/span><span class='epvc-label'> veces le\u00edda<\/span><\/div>\n<div class=\"jwsharethis\">\nShare this: \n<br \/>\n<a href=\"mailto:?subject=Handball%20intercolegial%20en%20el%20%C2%ABAna%20Gir%C3%B3%C2%BB&amp;body=https%3A%2F%2Flabestiadeportiva.com%2Flbd%2Fhandball-intercolegial-en-el-ana-giro%2F\">\n<img src=\"https:\/\/labestiadeportiva.com\/lbd\/wp-content\/plugins\/jw-share-this\/email.png\" alt=\"Share this page via Email\" \/>\n<\/a>\n<a target=\"_blank\" href=\"http:\/\/www.stumbleupon.com\/submit?url=https%3A%2F%2Flabestiadeportiva.com%2Flbd%2Fhandball-intercolegial-en-el-ana-giro%2F&amp;title=Handball+intercolegial+en+el+%C2%ABAna+Gir%C3%B3%C2%BB\">\n<img src=\"https:\/\/labestiadeportiva.com\/lbd\/wp-content\/plugins\/jw-share-this\/su.png\" alt=\"Share this page via Stumble Upon\" \/>\n<\/a>\n<a target=\"_blank\" href=\"http:\/\/digg.com\/submit?url=https%3A%2F%2Flabestiadeportiva.com%2Flbd%2Fhandball-intercolegial-en-el-ana-giro%2F&amp;title=Handball+intercolegial+en+el+%C2%ABAna+Gir%C3%B3%C2%BB\">\n<img src=\"https:\/\/labestiadeportiva.com\/lbd\/wp-content\/plugins\/jw-share-this\/digg.png\" alt=\"Share this page via Digg this\" \/>\n<\/a>\n<a target=\"_blank\" href=\"http:\/\/www.facebook.com\/sharer.php?u=https%3A%2F%2Flabestiadeportiva.com%2Flbd%2Fhandball-intercolegial-en-el-ana-giro%2F&amp;t=Handball+intercolegial+en+el+%C2%ABAna+Gir%C3%B3%C2%BB\">\n<img src=\"https:\/\/labestiadeportiva.com\/lbd\/wp-content\/plugins\/jw-share-this\/fb.png\" alt=\"Share this page via Facebook\" \/>\n<\/a>\n<a target=\"_blank\" href=\"http:\/\/twitter.com\/intent\/tweet?text=I+like+https%3A%2F%2Flabestiadeportiva.com%2Flbd%2Fhandball-intercolegial-en-el-ana-giro%2F&amp;title=Handball+intercolegial+en+el+%C2%ABAna+Gir%C3%B3%C2%BB\">\n<img src=\"https:\/\/labestiadeportiva.com\/lbd\/wp-content\/plugins\/jw-share-this\/twitter.png\" alt=\"Share this page via Twitter\" \/>\n<\/a>\n<\/div>\n","protected":false},"excerpt":{"rendered":"<p>El s\u00e1bado la Federaci\u00f3n Fueguina de la disciplina organiz\u00f3 un torneo rel\u00e1mpago para la categor\u00eda menores. Fueron de la partida los colegios Los Andes, CIEU, Nacional y Don Bosco. Se compiti\u00f3 en ambas ramas, los equipos de Los Andes fueron los vencedores. 1.262 veces le\u00edda Share this:<\/p>\n","protected":false},"author":1,"featured_media":20712,"comment_status":"open","ping_status":"open","sticky":false,"template":"","format":"standard","meta":[],"categories":[5,2286,1],"tags":[2589,13,2740,93,1427],"_links":{"self":[{"href":"https:\/\/labestiadeportiva.com\/lbd\/wp-json\/wp\/v2\/posts\/20711"}],"collection":[{"href":"https:\/\/labestiadeportiva.com\/lbd\/wp-json\/wp\/v2\/posts"}],"about":[{"href":"https:\/\/labestiadeportiva.com\/lbd\/wp-json\/wp\/v2\/types\/post"}],"author":[{"embeddable":true,"href":"https:\/\/labestiadeportiva.com\/lbd\/wp-json\/wp\/v2\/users\/1"}],"replies":[{"embeddable":true,"href":"https:\/\/labestiadeportiva.com\/lbd\/wp-json\/wp\/v2\/comments?post=20711"}],"version-history":[{"count":1,"href":"https:\/\/labestiadeportiva.com\/lbd\/wp-json\/wp\/v2\/posts\/20711\/revisions"}],"predecessor-version":[{"id":20716,"href":"https:\/\/labestiadeportiva.com\/lbd\/wp-json\/wp\/v2\/posts\/20711\/revisions\/20716"}],"wp:featuredmedia":[{"embeddable":true,"href":"https:\/\/labestiadeportiva.com\/lbd\/wp-json\/wp\/v2\/media\/20712"}],"wp:attachment":[{"href":"https:\/\/labestiadeportiva.com\/lbd\/wp-json\/wp\/v2\/media?parent=20711"}],"wp:term":[{"taxonomy":"category","embeddable":true,"href":"https:\/\/labestiadeportiva.com\/lbd\/wp-json\/wp\/v2\/categories?post=20711"},{"taxonomy":"post_tag","embeddable":true,"href":"https:\/\/labestiadeportiva.com\/lbd\/wp-json\/wp\/v2\/tags?post=20711"}],"curies":[{"name":"wp","href":"https:\/\/api.w.org\/{rel}","templated":true}]}}