{"id":20799,"date":"2016-07-06T18:34:16","date_gmt":"2016-07-06T21:34:16","guid":{"rendered":"http:\/\/labestiadeportiva.com\/lbd\/?p=20799"},"modified":"2016-07-06T19:33:08","modified_gmt":"2016-07-06T22:33:08","slug":"fran-paso-por-ushuaia-y-charlo-con-lbd-audio","status":"publish","type":"post","link":"https:\/\/labestiadeportiva.com\/lbd\/fran-paso-por-ushuaia-y-charlo-con-lbd-audio\/","title":{"rendered":"\u00abFran\u00bb pas\u00f3 por Ushuaia y charl\u00f3 con LBD (Audio)"},"content":{"rendered":"<p><a href=\"http:\/\/labestiadeportiva.com\/lbd\/wp-content\/uploads\/2016\/07\/Imagen-2576.jpg\"><img loading=\"lazy\" class=\"alignleft size-medium wp-image-20800\" src=\"http:\/\/labestiadeportiva.com\/lbd\/wp-content\/uploads\/2016\/07\/Imagen-2576-300x282.jpg\" alt=\"Imagen 2576\" width=\"300\" height=\"282\" srcset=\"https:\/\/labestiadeportiva.com\/lbd\/wp-content\/uploads\/2016\/07\/Imagen-2576-300x282.jpg 300w, https:\/\/labestiadeportiva.com\/lbd\/wp-content\/uploads\/2016\/07\/Imagen-2576.jpg 925w\" sizes=\"(max-width: 300px) 100vw, 300px\" \/><\/a>Algunos d\u00edas de descanso con familiares y amigos para el defensor del Club Atl\u00e9tico Los Andes, Francisco Mart\u00ednez. El fueguino se encuentra desde este lunes en plena pretemporada del \u201cMilrayita\u201d de cara a un nuevo comienzo de la competencia oficial para la Primera \u201cB\u201d Nacional. El pasado fin de semana nos contactamos con el jugador quien tiene un a\u00f1o m\u00e1s de contrato con la instituci\u00f3n de Lomas de Zamora, estas son sus principales declaraciones.<!--more--><\/p>\n<p><a href=\"http:\/\/labestiadeportiva.com\/lbd\/wp-content\/uploads\/2016\/07\/13269295_10208184417961290_113883646682795180_n.jpg\"><img loading=\"lazy\" class=\"aligncenter size-medium wp-image-20801\" src=\"http:\/\/labestiadeportiva.com\/lbd\/wp-content\/uploads\/2016\/07\/13269295_10208184417961290_113883646682795180_n-300x279.jpg\" alt=\"13269295_10208184417961290_113883646682795180_n\" width=\"300\" height=\"279\" srcset=\"https:\/\/labestiadeportiva.com\/lbd\/wp-content\/uploads\/2016\/07\/13269295_10208184417961290_113883646682795180_n-300x279.jpg 300w, https:\/\/labestiadeportiva.com\/lbd\/wp-content\/uploads\/2016\/07\/13269295_10208184417961290_113883646682795180_n.jpg 960w\" sizes=\"(max-width: 300px) 100vw, 300px\" \/><\/a><br \/>\n<iframe loading=\"lazy\" src=\"https:\/\/www.youtube.com\/embed\/mcUjt9-X3bw\" width=\"420\" height=\"315\" frameborder=\"0\" allowfullscreen=\"allowfullscreen\"><\/iframe><\/p>\n<div class='epvc-post-count'><span class='epvc-eye'><\/span>  <span class=\"epvc-count\"> 1.147<\/span><span class='epvc-label'> veces le\u00edda<\/span><\/div>\n<div class=\"jwsharethis\">\nShare this: \n<br \/>\n<a href=\"mailto:?subject=%C2%ABFran%C2%BB%20pas%C3%B3%20por%20Ushuaia%20y%20charl%C3%B3%20con%20LBD%20%28Audio%29&amp;body=https%3A%2F%2Flabestiadeportiva.com%2Flbd%2Ffran-paso-por-ushuaia-y-charlo-con-lbd-audio%2F\">\n<img src=\"https:\/\/labestiadeportiva.com\/lbd\/wp-content\/plugins\/jw-share-this\/email.png\" alt=\"Share this page via Email\" \/>\n<\/a>\n<a target=\"_blank\" href=\"http:\/\/www.stumbleupon.com\/submit?url=https%3A%2F%2Flabestiadeportiva.com%2Flbd%2Ffran-paso-por-ushuaia-y-charlo-con-lbd-audio%2F&amp;title=%C2%ABFran%C2%BB+pas%C3%B3+por+Ushuaia+y+charl%C3%B3+con+LBD+%28Audio%29\">\n<img src=\"https:\/\/labestiadeportiva.com\/lbd\/wp-content\/plugins\/jw-share-this\/su.png\" alt=\"Share this page via Stumble Upon\" \/>\n<\/a>\n<a target=\"_blank\" href=\"http:\/\/digg.com\/submit?url=https%3A%2F%2Flabestiadeportiva.com%2Flbd%2Ffran-paso-por-ushuaia-y-charlo-con-lbd-audio%2F&amp;title=%C2%ABFran%C2%BB+pas%C3%B3+por+Ushuaia+y+charl%C3%B3+con+LBD+%28Audio%29\">\n<img src=\"https:\/\/labestiadeportiva.com\/lbd\/wp-content\/plugins\/jw-share-this\/digg.png\" alt=\"Share this page via Digg this\" \/>\n<\/a>\n<a target=\"_blank\" href=\"http:\/\/www.facebook.com\/sharer.php?u=https%3A%2F%2Flabestiadeportiva.com%2Flbd%2Ffran-paso-por-ushuaia-y-charlo-con-lbd-audio%2F&amp;t=%C2%ABFran%C2%BB+pas%C3%B3+por+Ushuaia+y+charl%C3%B3+con+LBD+%28Audio%29\">\n<img src=\"https:\/\/labestiadeportiva.com\/lbd\/wp-content\/plugins\/jw-share-this\/fb.png\" alt=\"Share this page via Facebook\" \/>\n<\/a>\n<a target=\"_blank\" href=\"http:\/\/twitter.com\/intent\/tweet?text=I+like+https%3A%2F%2Flabestiadeportiva.com%2Flbd%2Ffran-paso-por-ushuaia-y-charlo-con-lbd-audio%2F&amp;title=%C2%ABFran%C2%BB+pas%C3%B3+por+Ushuaia+y+charl%C3%B3+con+LBD+%28Audio%29\">\n<img src=\"https:\/\/labestiadeportiva.com\/lbd\/wp-content\/plugins\/jw-share-this\/twitter.png\" alt=\"Share this page via Twitter\" \/>\n<\/a>\n<\/div>\n","protected":false},"excerpt":{"rendered":"<p>Algunos d\u00edas de descanso con familiares y amigos para el defensor del Club Atl\u00e9tico Los Andes, Francisco Mart\u00ednez. El fueguino se encuentra desde este lunes en plena pretemporada del \u201cMilrayita\u201d de cara a un nuevo comienzo de la competencia oficial para la Primera \u201cB\u201d Nacional. El pasado fin de semana nos contactamos con el jugador &hellip; <a href=\"https:\/\/labestiadeportiva.com\/lbd\/fran-paso-por-ushuaia-y-charlo-con-lbd-audio\/\" class=\"more-link\">Seguir leyendo <span class=\"screen-reader-text\">\u00abFran\u00bb pas\u00f3 por Ushuaia y charl\u00f3 con LBD (Audio)<\/span> <span class=\"meta-nav\">&rarr;<\/span><\/a><\/p>\n","protected":false},"author":1,"featured_media":20800,"comment_status":"open","ping_status":"open","sticky":false,"template":"","format":"standard","meta":[],"categories":[5,6,623],"tags":[2497,2496,1126,17],"_links":{"self":[{"href":"https:\/\/labestiadeportiva.com\/lbd\/wp-json\/wp\/v2\/posts\/20799"}],"collection":[{"href":"https:\/\/labestiadeportiva.com\/lbd\/wp-json\/wp\/v2\/posts"}],"about":[{"href":"https:\/\/labestiadeportiva.com\/lbd\/wp-json\/wp\/v2\/types\/post"}],"author":[{"embeddable":true,"href":"https:\/\/labestiadeportiva.com\/lbd\/wp-json\/wp\/v2\/users\/1"}],"replies":[{"embeddable":true,"href":"https:\/\/labestiadeportiva.com\/lbd\/wp-json\/wp\/v2\/comments?post=20799"}],"version-history":[{"count":3,"href":"https:\/\/labestiadeportiva.com\/lbd\/wp-json\/wp\/v2\/posts\/20799\/revisions"}],"predecessor-version":[{"id":20804,"href":"https:\/\/labestiadeportiva.com\/lbd\/wp-json\/wp\/v2\/posts\/20799\/revisions\/20804"}],"wp:featuredmedia":[{"embeddable":true,"href":"https:\/\/labestiadeportiva.com\/lbd\/wp-json\/wp\/v2\/media\/20800"}],"wp:attachment":[{"href":"https:\/\/labestiadeportiva.com\/lbd\/wp-json\/wp\/v2\/media?parent=20799"}],"wp:term":[{"taxonomy":"category","embeddable":true,"href":"https:\/\/labestiadeportiva.com\/lbd\/wp-json\/wp\/v2\/categories?post=20799"},{"taxonomy":"post_tag","embeddable":true,"href":"https:\/\/labestiadeportiva.com\/lbd\/wp-json\/wp\/v2\/tags?post=20799"}],"curies":[{"name":"wp","href":"https:\/\/api.w.org\/{rel}","templated":true}]}}