{"id":20900,"date":"2016-07-18T12:03:56","date_gmt":"2016-07-18T15:03:56","guid":{"rendered":"http:\/\/labestiadeportiva.com\/lbd\/?p=20900"},"modified":"2016-07-18T12:03:56","modified_gmt":"2016-07-18T15:03:56","slug":"argentina-en-semis-de-la-davis","status":"publish","type":"post","link":"https:\/\/labestiadeportiva.com\/lbd\/argentina-en-semis-de-la-davis\/","title":{"rendered":"Argentina en semis de la Davis"},"content":{"rendered":"<p>Por Mat\u00edas Pouso (Corresponsal LBD en CABA)<\/p>\n<p><a href=\"http:\/\/labestiadeportiva.com\/lbd\/wp-content\/uploads\/2016\/07\/domingo7.jpg\"><img loading=\"lazy\" class=\"alignleft size-medium wp-image-20901\" src=\"http:\/\/labestiadeportiva.com\/lbd\/wp-content\/uploads\/2016\/07\/domingo7-300x178.jpg\" alt=\"domingo7\" width=\"300\" height=\"178\" srcset=\"https:\/\/labestiadeportiva.com\/lbd\/wp-content\/uploads\/2016\/07\/domingo7-300x178.jpg 300w, https:\/\/labestiadeportiva.com\/lbd\/wp-content\/uploads\/2016\/07\/domingo7-1024x609.jpg 1024w\" sizes=\"(max-width: 300px) 100vw, 300px\" \/><\/a>Federico Delbonis se recibi\u00f3 de jugador copero este fin de semana al darle dos de los tres puntos al equipo capitaneado por Daniel Orsanic que venci\u00f3 a su par italiano de visitante. El restante fue obra de la pareja Del Potro-Pella, mientras que M\u00f3naco perdi\u00f3 el \u00fanico punto del fin de semana. Las fotos son gentileza de Adri\u00e1n Quiroga Prensa AAT.<!--more--><\/p>\n<p>Federico Delbonis abri\u00f3 la serie de cuartos de final del Grupo Mundial el viernes venciendo a Andreas Seppi por 7-6 (4), 3-6, 6-3 y 7-6 (3), y adelant\u00f3 1-0 a la Argentina en una jornada demorada m\u00e1s de tres horas por la lluvia.<\/p>\n<p>El azule\u00f1o comenz\u00f3 en un muy buen nivel y quebr\u00f3 el saque de Seppi en el segundo juego, pero el local lo recuper\u00f3 en el noveno y luego forz\u00f3 un tie break, que qued\u00f3 en su poder por 7-4. El argentino no pudo mantener el buen nivel en el segundo set y cay\u00f3 por 3-6.<\/p>\n<p><a href=\"http:\/\/labestiadeportiva.com\/lbd\/wp-content\/uploads\/2016\/07\/domingo13.jpg\"><img loading=\"lazy\" class=\"aligncenter size-medium wp-image-20902\" src=\"http:\/\/labestiadeportiva.com\/lbd\/wp-content\/uploads\/2016\/07\/domingo13-248x300.jpg\" alt=\"domingo13\" width=\"248\" height=\"300\" srcset=\"https:\/\/labestiadeportiva.com\/lbd\/wp-content\/uploads\/2016\/07\/domingo13-248x300.jpg 248w, https:\/\/labestiadeportiva.com\/lbd\/wp-content\/uploads\/2016\/07\/domingo13-846x1024.jpg 846w\" sizes=\"(max-width: 248px) 100vw, 248px\" \/><\/a>Pese a que al italiano le cost\u00f3 cerrar los games, logr\u00f3 lastimar a Delbonis e igualar un encuentro que se le hab\u00eda hecho cuesta arriba desde el inicio. Ya en el tercer y cuarto parcial, Delbonis se asent\u00f3 en su juego y logr\u00f3 llevarse el triunfo para adelantar a la Argentina en la serie.<\/p>\n<p>El partido entre Fabio Fognini y Juan M\u00f3naco debi\u00f3 ser postergado hasta el s\u00e1bado, ah\u00ed el tano super\u00f3 a Pico por 6-1, 6-1 y 7-5, en apenas una hora y 39 minutos, e igual\u00f3 1-1 la serie. Fognini impuso su ritmo desde el primer momento, cuando le quebr\u00f3 el saque en cero al tandilense en el game inicial.<\/p>\n<p>En un gran nivel, el jugador capitaneado por Corrado Barazzutti consigui\u00f3 24 tiros ganadores contra apenas siete de M\u00f3naco, y le quebr\u00f3 el servicio al tandilense en ocho de las once oportunidades que tuvo.<\/p>\n<p><a href=\"http:\/\/labestiadeportiva.com\/lbd\/wp-content\/uploads\/2016\/07\/sabado3.jpg\"><img loading=\"lazy\" class=\"aligncenter size-medium wp-image-20903\" src=\"http:\/\/labestiadeportiva.com\/lbd\/wp-content\/uploads\/2016\/07\/sabado3-244x300.jpg\" alt=\"sabado3\" width=\"244\" height=\"300\" srcset=\"https:\/\/labestiadeportiva.com\/lbd\/wp-content\/uploads\/2016\/07\/sabado3-244x300.jpg 244w, https:\/\/labestiadeportiva.com\/lbd\/wp-content\/uploads\/2016\/07\/sabado3-832x1024.jpg 832w\" sizes=\"(max-width: 244px) 100vw, 244px\" \/><\/a>Finalizado el encuentro, Pico declar\u00f3 <span style=\"color: #0000ff;\">\u201cNo me sent\u00ed c\u00f3modo. Tuve un muy mal d\u00eda, pero Fabio jug\u00f3 muy bien, no quiero quitarle m\u00e9ritos. Fue r\u00e1pido y agresivo.\u201d<\/span><\/p>\n<p>Ese mismo d\u00eda, Juan Mart\u00edn Del Potro y Guido Pella volvieron a poner en ventaja al conjunto nacional venciendo al mismo Fognini y Paolo Lorenzi, por 6-1, 7-6 (4), 3-6, 3-6 y 6-4. La pareja argentina comenz\u00f3 de manera brillante el partido, qued\u00e1ndose con los dos primeros sets.<\/p>\n<p>Pero Lorenzi levant\u00f3 el nivel y Fognini no demostr\u00f3 signos de cansancio, a pesar de haber jugado contra M\u00f3naco previamente, y los dos parciales siguientes fueron para los italianos.<\/p>\n<p><a href=\"http:\/\/labestiadeportiva.com\/lbd\/wp-content\/uploads\/2016\/07\/sabadodobles.jpg\"><img loading=\"lazy\" class=\"aligncenter size-medium wp-image-20904\" src=\"http:\/\/labestiadeportiva.com\/lbd\/wp-content\/uploads\/2016\/07\/sabadodobles-242x300.jpg\" alt=\"sabadodobles\" width=\"242\" height=\"300\" srcset=\"https:\/\/labestiadeportiva.com\/lbd\/wp-content\/uploads\/2016\/07\/sabadodobles-242x300.jpg 242w, https:\/\/labestiadeportiva.com\/lbd\/wp-content\/uploads\/2016\/07\/sabadodobles-826x1024.jpg 826w\" sizes=\"(max-width: 242px) 100vw, 242px\" \/><\/a>En el quinto set, y luego del quiebre conseguido en el s\u00e9ptimo game, el control volvi\u00f3 a estar en manos de los argentinos, que lograron un triunfo clave para inclinar la serie para el equipo de Orsanic.<\/p>\n<p>Ya en la jornada dominical, Federico Delbonis, el h\u00e9roe de la serie, venci\u00f3 a Fabio Fognini por 6-4, 7-5, 3-6 y 7-5, y sentenci\u00f3 la eliminatoria.<\/p>\n<p>Delbonis necesitaba una revancha en la Davis, ya que hab\u00eda perdido sus dos partidos en septiembre del a\u00f1o pasado en la derrota en semifinales ante B\u00e9lgica, en Bruselas, frente a Steve Darcis y David Goffin, y no particip\u00f3 en el triunfo sobre Polonia, en marzo de este a\u00f1o, en Gdansk.<\/p>\n<p><a href=\"http:\/\/labestiadeportiva.com\/lbd\/wp-content\/uploads\/2016\/07\/sabadodobles6.jpg\"><img loading=\"lazy\" class=\"aligncenter size-medium wp-image-20905\" src=\"http:\/\/labestiadeportiva.com\/lbd\/wp-content\/uploads\/2016\/07\/sabadodobles6-240x300.jpg\" alt=\"sabadodobles6\" width=\"240\" height=\"300\" srcset=\"https:\/\/labestiadeportiva.com\/lbd\/wp-content\/uploads\/2016\/07\/sabadodobles6-240x300.jpg 240w, https:\/\/labestiadeportiva.com\/lbd\/wp-content\/uploads\/2016\/07\/sabadodobles6-819x1024.jpg 819w\" sizes=\"(max-width: 240px) 100vw, 240px\" \/><\/a>En el primer set, el azule\u00f1o domin\u00f3 al rival, no lo dej\u00f3 jugar c\u00f3modo y lo movi\u00f3 de un lado hacia el otro para cerrar la manga 6-4. Delbo continu\u00f3 bien en el segundo, con ventaja inicial 3-1, y tras una leve reacci\u00f3n de Fognini, el argentino pudo sacar r\u00e9dito del cansancio del italiano para ganar 7-5.<\/p>\n<p>El local, herido en su amor propio, levant\u00f3 en el tercer set, quebr\u00f3 el servicio del rival de entrada, y tras una recuperaci\u00f3n e Delbonis, el tano encontr\u00f3 espacios por d\u00f3nde atacar, tuvo confianza y se impuso 6-3.<\/p>\n<p>El cuarto parcial fue parejo, aunque Delbonis lo destrab\u00f3 sobre el final cuando Fognini fall\u00f3 las chances que tuvo para ganarlo. En el noveno game, el azule\u00f1o quebr\u00f3 el saque rival, descont\u00f3 5-4, luego empat\u00f3 5-5. Finalmente se volvi\u00f3 a quedar con el saque del europeo para confirmarlo con su servicio y cerrar la victoria 7-5 y la serie 3-1.<\/p>\n<p><a href=\"http:\/\/labestiadeportiva.com\/lbd\/wp-content\/uploads\/2016\/07\/Foto-17-7-16-8-55-50-p.m..jpg\"><img loading=\"lazy\" class=\"aligncenter size-medium wp-image-20906\" src=\"http:\/\/labestiadeportiva.com\/lbd\/wp-content\/uploads\/2016\/07\/Foto-17-7-16-8-55-50-p.m.-300x169.jpg\" alt=\"Foto 17-7-16 8 55 50 p.m.\" width=\"300\" height=\"169\" srcset=\"https:\/\/labestiadeportiva.com\/lbd\/wp-content\/uploads\/2016\/07\/Foto-17-7-16-8-55-50-p.m.-300x169.jpg 300w, https:\/\/labestiadeportiva.com\/lbd\/wp-content\/uploads\/2016\/07\/Foto-17-7-16-8-55-50-p.m.-1024x576.jpg 1024w\" sizes=\"(max-width: 300px) 100vw, 300px\" \/><\/a>Finalizado el fin de semana copero, Daniel Orsanic declar\u00f3: <span style=\"color: #0000ff;\">\u201cCada serie es distinta y tiene su propia importancia. Creo que ya hab\u00edamos ganado, antes de que Fede (Delbonis) entre a la cancha. En lo deportivo, cerr\u00f3 un gran fin de semana; pero este grupo ya hab\u00eda triunfado. <\/span><\/p>\n<p><span style=\"color: #0000ff;\">Recibimos el apoyo de todos y dejamos todo lo que ten\u00edamos. Defendimos con honores los colores argentinos y eso es lo que me llena de orgullo. Fue una serie muy emotiva. S\u00f3lo me queda felicitar a cada uno de los que conforman este plantel\u201d.<\/span><\/p>\n<p>De esta manera, el seleccionado nacional se enfrentar\u00e1 con Gran Breta\u00f1a en semifinales, entre el 16 y el 18 de septiembre, en condici\u00f3n de visitante. El equipo argentino, como es habitual, cumpli\u00f3 con una promesa previamente pactada y, en este caso, todos los integrantes se cortaron el pelo de una manera muy peculiar.<\/p>\n<div class='epvc-post-count'><span class='epvc-eye'><\/span>  <span class=\"epvc-count\"> 1.082<\/span><span class='epvc-label'> veces le\u00edda<\/span><\/div>\n<div class=\"jwsharethis\">\nShare this: \n<br \/>\n<a href=\"mailto:?subject=Argentina%20en%20semis%20de%20la%20Davis&amp;body=https%3A%2F%2Flabestiadeportiva.com%2Flbd%2Fargentina-en-semis-de-la-davis%2F\">\n<img src=\"https:\/\/labestiadeportiva.com\/lbd\/wp-content\/plugins\/jw-share-this\/email.png\" alt=\"Share this page via Email\" \/>\n<\/a>\n<a target=\"_blank\" href=\"http:\/\/www.stumbleupon.com\/submit?url=https%3A%2F%2Flabestiadeportiva.com%2Flbd%2Fargentina-en-semis-de-la-davis%2F&amp;title=Argentina+en+semis+de+la+Davis\">\n<img src=\"https:\/\/labestiadeportiva.com\/lbd\/wp-content\/plugins\/jw-share-this\/su.png\" alt=\"Share this page via Stumble Upon\" \/>\n<\/a>\n<a target=\"_blank\" href=\"http:\/\/digg.com\/submit?url=https%3A%2F%2Flabestiadeportiva.com%2Flbd%2Fargentina-en-semis-de-la-davis%2F&amp;title=Argentina+en+semis+de+la+Davis\">\n<img src=\"https:\/\/labestiadeportiva.com\/lbd\/wp-content\/plugins\/jw-share-this\/digg.png\" alt=\"Share this page via Digg this\" \/>\n<\/a>\n<a target=\"_blank\" href=\"http:\/\/www.facebook.com\/sharer.php?u=https%3A%2F%2Flabestiadeportiva.com%2Flbd%2Fargentina-en-semis-de-la-davis%2F&amp;t=Argentina+en+semis+de+la+Davis\">\n<img src=\"https:\/\/labestiadeportiva.com\/lbd\/wp-content\/plugins\/jw-share-this\/fb.png\" alt=\"Share this page via Facebook\" \/>\n<\/a>\n<a target=\"_blank\" href=\"http:\/\/twitter.com\/intent\/tweet?text=I+like+https%3A%2F%2Flabestiadeportiva.com%2Flbd%2Fargentina-en-semis-de-la-davis%2F&amp;title=Argentina+en+semis+de+la+Davis\">\n<img src=\"https:\/\/labestiadeportiva.com\/lbd\/wp-content\/plugins\/jw-share-this\/twitter.png\" alt=\"Share this page via Twitter\" \/>\n<\/a>\n<\/div>\n","protected":false},"excerpt":{"rendered":"<p>Por Mat\u00edas Pouso (Corresponsal LBD en CABA) Federico Delbonis se recibi\u00f3 de jugador copero este fin de semana al darle dos de los tres puntos al equipo capitaneado por Daniel Orsanic que venci\u00f3 a su par italiano de visitante. El restante fue obra de la pareja Del Potro-Pella, mientras que M\u00f3naco perdi\u00f3 el \u00fanico punto &hellip; <a href=\"https:\/\/labestiadeportiva.com\/lbd\/argentina-en-semis-de-la-davis\/\" class=\"more-link\">Seguir leyendo <span class=\"screen-reader-text\">Argentina en semis de la Davis<\/span> <span class=\"meta-nav\">&rarr;<\/span><\/a><\/p>\n","protected":false},"author":1,"featured_media":20901,"comment_status":"open","ping_status":"open","sticky":false,"template":"","format":"standard","meta":[],"categories":[4,1,39],"tags":[40,859,83,34],"_links":{"self":[{"href":"https:\/\/labestiadeportiva.com\/lbd\/wp-json\/wp\/v2\/posts\/20900"}],"collection":[{"href":"https:\/\/labestiadeportiva.com\/lbd\/wp-json\/wp\/v2\/posts"}],"about":[{"href":"https:\/\/labestiadeportiva.com\/lbd\/wp-json\/wp\/v2\/types\/post"}],"author":[{"embeddable":true,"href":"https:\/\/labestiadeportiva.com\/lbd\/wp-json\/wp\/v2\/users\/1"}],"replies":[{"embeddable":true,"href":"https:\/\/labestiadeportiva.com\/lbd\/wp-json\/wp\/v2\/comments?post=20900"}],"version-history":[{"count":1,"href":"https:\/\/labestiadeportiva.com\/lbd\/wp-json\/wp\/v2\/posts\/20900\/revisions"}],"predecessor-version":[{"id":20907,"href":"https:\/\/labestiadeportiva.com\/lbd\/wp-json\/wp\/v2\/posts\/20900\/revisions\/20907"}],"wp:featuredmedia":[{"embeddable":true,"href":"https:\/\/labestiadeportiva.com\/lbd\/wp-json\/wp\/v2\/media\/20901"}],"wp:attachment":[{"href":"https:\/\/labestiadeportiva.com\/lbd\/wp-json\/wp\/v2\/media?parent=20900"}],"wp:term":[{"taxonomy":"category","embeddable":true,"href":"https:\/\/labestiadeportiva.com\/lbd\/wp-json\/wp\/v2\/categories?post=20900"},{"taxonomy":"post_tag","embeddable":true,"href":"https:\/\/labestiadeportiva.com\/lbd\/wp-json\/wp\/v2\/tags?post=20900"}],"curies":[{"name":"wp","href":"https:\/\/api.w.org\/{rel}","templated":true}]}}