{"id":20947,"date":"2016-07-22T12:49:39","date_gmt":"2016-07-22T15:49:39","guid":{"rendered":"http:\/\/labestiadeportiva.com\/lbd\/?p=20947"},"modified":"2016-07-22T16:47:31","modified_gmt":"2016-07-22T19:47:31","slug":"agenda-deportiva-127","status":"publish","type":"post","link":"https:\/\/labestiadeportiva.com\/lbd\/agenda-deportiva-127\/","title":{"rendered":"Agenda Deportiva"},"content":{"rendered":"<p><a href=\"http:\/\/labestiadeportiva.com\/lbd\/wp-content\/uploads\/2016\/07\/ZDF_6573.jpg\"><img loading=\"lazy\" class=\"alignleft size-medium wp-image-20948\" src=\"http:\/\/labestiadeportiva.com\/lbd\/wp-content\/uploads\/2016\/07\/ZDF_6573-300x180.jpg\" alt=\"ZDF_6573\" width=\"300\" height=\"180\" srcset=\"https:\/\/labestiadeportiva.com\/lbd\/wp-content\/uploads\/2016\/07\/ZDF_6573-300x180.jpg 300w, https:\/\/labestiadeportiva.com\/lbd\/wp-content\/uploads\/2016\/07\/ZDF_6573.jpg 800w\" sizes=\"(max-width: 300px) 100vw, 300px\" \/><\/a>Nuevo fin de semana para el deporte de la Tierra del Fuego. A decir verdad la actividad se puso en marcha este jueves con la Copa Edelweiss de hockey pista que se extender\u00e1 hasta el domingo. Cuartos de final de la Copa Ushuaia de Futsal AFA, comienzo de la Copa Fin del Mundo de hockey sobre hielo, futsal federado, karate y f\u00fatbol 11 completan las actividades. Asimismo el s\u00e1bado en Cerro Castor se efectuar\u00e1 la tradicional Bajada de Antorchas que marcar\u00e1 la apertura oficial de la presente temporada invernal. Desde LBD todos los detalles.<!--more--><\/p>\n<p><span style=\"color: #0000ff;\">Hockey Pista<\/span><\/p>\n<p>Con un importante n\u00famero de equipos, 20 de damas y 11 de caballeros, se puso en marcha ayer la competencia organizada por el URC en su gimnasio del barrio R\u00edo Pipo. El femenino competir\u00e1 en cuatro zonas de cinco equipos mientras que los varones lo har\u00e1n en dos.<\/p>\n<p>El primer d\u00eda de juego present\u00f3 seis partidos, este viernes se competir\u00e1 de 18 a cerca de la medianoche mientras que la carga m\u00e1s fuerte ser\u00e1 s\u00e1bado y domingo. El primer d\u00eda del fin de semana se competir\u00e1 de 9 de la ma\u00f1ana a 11 de la noche mientras que la jornada dominguera ser\u00e1 de 9 a 19.30 horas.<\/p>\n<p><span style=\"color: #0000ff;\"><a href=\"http:\/\/labestiadeportiva.com\/lbd\/wp-content\/uploads\/2016\/07\/Imagen-759.jpg\"><img loading=\"lazy\" class=\"aligncenter size-medium wp-image-20952\" src=\"http:\/\/labestiadeportiva.com\/lbd\/wp-content\/uploads\/2016\/07\/Imagen-759-300x197.jpg\" alt=\"Imagen 759\" width=\"300\" height=\"197\" srcset=\"https:\/\/labestiadeportiva.com\/lbd\/wp-content\/uploads\/2016\/07\/Imagen-759-300x197.jpg 300w, https:\/\/labestiadeportiva.com\/lbd\/wp-content\/uploads\/2016\/07\/Imagen-759.jpg 800w\" sizes=\"(max-width: 300px) 100vw, 300px\" \/><\/a>Futsal AFA<\/span><\/p>\n<p>Momentos definitorios para la segunda competencia bajo techo de la Liga Ushuaiense. Entre mi\u00e9rcoles y jueves se defini\u00f3 el \u00faltimo clasificado a cuartos de final, Andes del Sur, quien enfrentar\u00e1 a Centro Galicia.<\/p>\n<p>La competencia de primera divisi\u00f3n comenzar\u00e1 el s\u00e1bado desde las 18 horas en Campolter jug\u00e1ndose los cuatro partidos de la fase los cuales se extender\u00e1n hasta cerca de las once de la noche. El domingo en el gimnasio del CECU llegar\u00e1 el momento de semifinales con dos partidos los cuales se realizar\u00e1n de 15 a 18 horas.<\/p>\n<p><span style=\"color: #0000ff;\">Hockey sobre Hielo<\/span><\/p>\n<p>Momento para los menores e infantiles en el marco de la \u201cCopa Fin del Mundo\u201d, marca registrada del Club Andino Ushuaia en su 12\u00ba edici\u00f3n. Los peque\u00f1os jugadores competir\u00e1n en las categor\u00edas Sub 12 y Sub 14, se jugar\u00e1 el s\u00e1bado de 13 a 15.30 mientras que el domingo ser\u00e1 de 10 a 12.30 horas. A partir del lunes se iniciar\u00e1 la acci\u00f3n para los mayores.<\/p>\n<p><span style=\"color: #0000ff;\">Futsal Federado<\/span><\/p>\n<p>Segundo fin de semana de descanso para los infantiles dejando toda la carga horaria para las categor\u00edas superiores. La Federaci\u00f3n Ushuaiense dispuso actividad s\u00e1bado y domingo en el gimnasio de Campolter y cancha 4 del \u201cHugo Italo Favale\u201d. Saldr\u00e1n a la cancha las categor\u00edas menores, juveniles, cadetes y primera \u201cA\u201d, \u201cB\u201d y \u201cC\u201d.<\/p>\n<p><span style=\"color: #0000ff;\"><a href=\"http:\/\/labestiadeportiva.com\/lbd\/wp-content\/uploads\/2016\/07\/Imagen-2597.jpg\"><img loading=\"lazy\" class=\"aligncenter size-medium wp-image-20949\" src=\"http:\/\/labestiadeportiva.com\/lbd\/wp-content\/uploads\/2016\/07\/Imagen-2597-300x200.jpg\" alt=\"Imagen 2597\" width=\"300\" height=\"200\" srcset=\"https:\/\/labestiadeportiva.com\/lbd\/wp-content\/uploads\/2016\/07\/Imagen-2597-300x200.jpg 300w, https:\/\/labestiadeportiva.com\/lbd\/wp-content\/uploads\/2016\/07\/Imagen-2597.jpg 800w\" sizes=\"(max-width: 300px) 100vw, 300px\" \/><\/a>Karate<\/span><\/p>\n<p>Este s\u00e1bado desde las 18 horas con la organizaci\u00f3n de la escuela Shorinryu Kodokan se realizar\u00e1 una capacitaci\u00f3n arbitral en formas (Kata). La actividad que se llevar\u00e1 a cabo en el Sal\u00f3n \u201cB\u201d del Polideportivo Augusto Lasserre contar\u00e1 con la presencia las escuelas locales afiliadas a la Federaci\u00f3n de Karate de Tierra del Fuego.<\/p>\n<p><span style=\"color: #0000ff;\">F\u00fatbol 11<\/span><\/p>\n<p>Con la organizaci\u00f3n de Camioneros RG, participante en menos de un mes del Federal \u201cB\u201d, se realizar\u00e1 este domingo un encuentro rel\u00e1mpago con la presencia de los clubes capitalinos Filial Ferro y AATEDYC. Se jugar\u00e1 en el sint\u00e9tico municipal del norte de la isla ubicado en el barrio AGP.<\/p>\n<p>Ser\u00e1n cuatro encuentros, dos por la ma\u00f1ana desde las diez, mientras que por la tarde se competir\u00e1 desde las 14 hasta aproximadamente las cinco de la tarde.<\/p>\n<p><span style=\"color: #0000ff;\">Bajada de Antorchas<\/span><\/p>\n<p>El s\u00e1bado por la tarde, desde las 18, se ralizar\u00e1 el cl\u00e1sico evento de invierno de Cerro Castor. Las acciones comenzar\u00e1n desde las 16.30 con m\u00fasica y demostraci\u00f3n de patinaje sobre hielo. El acto oficial de inauguraci\u00f3n comenzar\u00e1 a partir de las 17.30 horas.<\/p>\n<p><a href=\"http:\/\/labestiadeportiva.com\/lbd\/wp-content\/uploads\/2016\/07\/Imagen-2728.jpg\"><img loading=\"lazy\" class=\"aligncenter size-medium wp-image-20953\" src=\"http:\/\/labestiadeportiva.com\/lbd\/wp-content\/uploads\/2016\/07\/Imagen-2728-300x186.jpg\" alt=\"Imagen 2728\" width=\"300\" height=\"186\" srcset=\"https:\/\/labestiadeportiva.com\/lbd\/wp-content\/uploads\/2016\/07\/Imagen-2728-300x186.jpg 300w, https:\/\/labestiadeportiva.com\/lbd\/wp-content\/uploads\/2016\/07\/Imagen-2728.jpg 800w\" sizes=\"(max-width: 300px) 100vw, 300px\" \/><\/a><\/p>\n<p><a href=\"http:\/\/labestiadeportiva.com\/lbd\/wp-content\/uploads\/2016\/07\/13781695_645702385582649_3882662690734606519_n.png\"><img loading=\"lazy\" class=\"aligncenter size-medium wp-image-20954\" src=\"http:\/\/labestiadeportiva.com\/lbd\/wp-content\/uploads\/2016\/07\/13781695_645702385582649_3882662690734606519_n-300x300.png\" alt=\"13781695_645702385582649_3882662690734606519_n\" width=\"300\" height=\"300\" srcset=\"https:\/\/labestiadeportiva.com\/lbd\/wp-content\/uploads\/2016\/07\/13781695_645702385582649_3882662690734606519_n-300x300.png 300w, https:\/\/labestiadeportiva.com\/lbd\/wp-content\/uploads\/2016\/07\/13781695_645702385582649_3882662690734606519_n-150x150.png 150w, https:\/\/labestiadeportiva.com\/lbd\/wp-content\/uploads\/2016\/07\/13781695_645702385582649_3882662690734606519_n-160x160.png 160w, https:\/\/labestiadeportiva.com\/lbd\/wp-content\/uploads\/2016\/07\/13781695_645702385582649_3882662690734606519_n-320x320.png 320w, https:\/\/labestiadeportiva.com\/lbd\/wp-content\/uploads\/2016\/07\/13781695_645702385582649_3882662690734606519_n-60x60.png 60w, https:\/\/labestiadeportiva.com\/lbd\/wp-content\/uploads\/2016\/07\/13781695_645702385582649_3882662690734606519_n.png 552w\" sizes=\"(max-width: 300px) 100vw, 300px\" \/><\/a><\/p>\n<p><span style=\"color: #0000ff;\">F\u00fatbol 11 Encuentro Amistoso Camioneros RG<\/span><br \/>\nDomingo 24 Sint\u00e9tico Municipal Barrio AGP<br \/>\n10.00 Filial Ferro (Ushuaia) \/ Petroqu\u00edmica chinense (RG)<br \/>\n11.30 Camioneros (RG) \/ AATEDYC (Ushuaia)<br \/>\n12.45 Almuerzo Quincho Camioneros<br \/>\n14.00 Petroqu\u00edmica Chinense (RG) \/ AATEDYC (Ushuaia)<br \/>\n15.30 Camioneros (RG) \/ Filial Ferro (Ushuaia)<\/p>\n<div class='epvc-post-count'><span class='epvc-eye'><\/span>  <span class=\"epvc-count\"> 1.036<\/span><span class='epvc-label'> veces le\u00edda<\/span><\/div>\n<div class=\"jwsharethis\">\nShare this: \n<br \/>\n<a href=\"mailto:?subject=Agenda%20Deportiva&amp;body=https%3A%2F%2Flabestiadeportiva.com%2Flbd%2Fagenda-deportiva-127%2F\">\n<img src=\"https:\/\/labestiadeportiva.com\/lbd\/wp-content\/plugins\/jw-share-this\/email.png\" alt=\"Share this page via Email\" \/>\n<\/a>\n<a target=\"_blank\" href=\"http:\/\/www.stumbleupon.com\/submit?url=https%3A%2F%2Flabestiadeportiva.com%2Flbd%2Fagenda-deportiva-127%2F&amp;title=Agenda+Deportiva\">\n<img src=\"https:\/\/labestiadeportiva.com\/lbd\/wp-content\/plugins\/jw-share-this\/su.png\" alt=\"Share this page via Stumble Upon\" \/>\n<\/a>\n<a target=\"_blank\" href=\"http:\/\/digg.com\/submit?url=https%3A%2F%2Flabestiadeportiva.com%2Flbd%2Fagenda-deportiva-127%2F&amp;title=Agenda+Deportiva\">\n<img src=\"https:\/\/labestiadeportiva.com\/lbd\/wp-content\/plugins\/jw-share-this\/digg.png\" alt=\"Share this page via Digg this\" \/>\n<\/a>\n<a target=\"_blank\" href=\"http:\/\/www.facebook.com\/sharer.php?u=https%3A%2F%2Flabestiadeportiva.com%2Flbd%2Fagenda-deportiva-127%2F&amp;t=Agenda+Deportiva\">\n<img src=\"https:\/\/labestiadeportiva.com\/lbd\/wp-content\/plugins\/jw-share-this\/fb.png\" alt=\"Share this page via Facebook\" \/>\n<\/a>\n<a target=\"_blank\" href=\"http:\/\/twitter.com\/intent\/tweet?text=I+like+https%3A%2F%2Flabestiadeportiva.com%2Flbd%2Fagenda-deportiva-127%2F&amp;title=Agenda+Deportiva\">\n<img src=\"https:\/\/labestiadeportiva.com\/lbd\/wp-content\/plugins\/jw-share-this\/twitter.png\" alt=\"Share this page via Twitter\" \/>\n<\/a>\n<\/div>\n","protected":false},"excerpt":{"rendered":"<p>Nuevo fin de semana para el deporte de la Tierra del Fuego. A decir verdad la actividad se puso en marcha este jueves con la Copa Edelweiss de hockey pista que se extender\u00e1 hasta el domingo. Cuartos de final de la Copa Ushuaia de Futsal AFA, comienzo de la Copa Fin del Mundo de hockey &hellip; <a href=\"https:\/\/labestiadeportiva.com\/lbd\/agenda-deportiva-127\/\" class=\"more-link\">Seguir leyendo <span class=\"screen-reader-text\">Agenda Deportiva<\/span> <span class=\"meta-nav\">&rarr;<\/span><\/a><\/p>\n","protected":false},"author":1,"featured_media":20948,"comment_status":"open","ping_status":"open","sticky":false,"template":"","format":"standard","meta":[],"categories":[1],"tags":[62,83],"_links":{"self":[{"href":"https:\/\/labestiadeportiva.com\/lbd\/wp-json\/wp\/v2\/posts\/20947"}],"collection":[{"href":"https:\/\/labestiadeportiva.com\/lbd\/wp-json\/wp\/v2\/posts"}],"about":[{"href":"https:\/\/labestiadeportiva.com\/lbd\/wp-json\/wp\/v2\/types\/post"}],"author":[{"embeddable":true,"href":"https:\/\/labestiadeportiva.com\/lbd\/wp-json\/wp\/v2\/users\/1"}],"replies":[{"embeddable":true,"href":"https:\/\/labestiadeportiva.com\/lbd\/wp-json\/wp\/v2\/comments?post=20947"}],"version-history":[{"count":3,"href":"https:\/\/labestiadeportiva.com\/lbd\/wp-json\/wp\/v2\/posts\/20947\/revisions"}],"predecessor-version":[{"id":20955,"href":"https:\/\/labestiadeportiva.com\/lbd\/wp-json\/wp\/v2\/posts\/20947\/revisions\/20955"}],"wp:featuredmedia":[{"embeddable":true,"href":"https:\/\/labestiadeportiva.com\/lbd\/wp-json\/wp\/v2\/media\/20948"}],"wp:attachment":[{"href":"https:\/\/labestiadeportiva.com\/lbd\/wp-json\/wp\/v2\/media?parent=20947"}],"wp:term":[{"taxonomy":"category","embeddable":true,"href":"https:\/\/labestiadeportiva.com\/lbd\/wp-json\/wp\/v2\/categories?post=20947"},{"taxonomy":"post_tag","embeddable":true,"href":"https:\/\/labestiadeportiva.com\/lbd\/wp-json\/wp\/v2\/tags?post=20947"}],"curies":[{"name":"wp","href":"https:\/\/api.w.org\/{rel}","templated":true}]}}