{"id":21580,"date":"2016-09-15T20:13:22","date_gmt":"2016-09-15T23:13:22","guid":{"rendered":"http:\/\/labestiadeportiva.com\/lbd\/?p=21580"},"modified":"2016-09-15T20:13:22","modified_gmt":"2016-09-15T23:13:22","slug":"en-el-7-dia-7-diplomas","status":"publish","type":"post","link":"https:\/\/labestiadeportiva.com\/lbd\/en-el-7-dia-7-diplomas\/","title":{"rendered":"En el 7\u00b0 d\u00eda 7 diplomas"},"content":{"rendered":"<p>Por Agust\u00edn \u00abColo\u00bb Aguirre (Corresponsal LBD en La Pampa)<\/p>\n<p><a href=\"http:\/\/labestiadeportiva.com\/lbd\/wp-content\/uploads\/2016\/09\/FacundoArreguiPARADEPORTES-1-1000x600.jpg\"><img loading=\"lazy\" class=\"alignleft size-medium wp-image-21581\" src=\"http:\/\/labestiadeportiva.com\/lbd\/wp-content\/uploads\/2016\/09\/FacundoArreguiPARADEPORTES-1-1000x600-300x180.jpg\" alt=\"facundoarreguiparadeportes-1-1000x600\" width=\"300\" height=\"180\" srcset=\"https:\/\/labestiadeportiva.com\/lbd\/wp-content\/uploads\/2016\/09\/FacundoArreguiPARADEPORTES-1-1000x600-300x180.jpg 300w, https:\/\/labestiadeportiva.com\/lbd\/wp-content\/uploads\/2016\/09\/FacundoArreguiPARADEPORTES-1-1000x600.jpg 1000w\" sizes=\"(max-width: 300px) 100vw, 300px\" \/><\/a>De a poco se va apagando la llama de estos juegos Paral\u00edmpicos de Rio de Janeiro, pero la delegaci\u00f3n argenta sigue cosechando una muy buena actuaci\u00f3n obteniendo 7 diplomas ol\u00edmpicos. 4 en nataci\u00f3n y 3 en el ciclismo ruta contrarreloj.<!--more--><\/p>\n<p>En la nataci\u00f3n, los deportistas argentinos que compitieron el d\u00eda mi\u00e9rcoles accedieron a 3 finales distintas. En primer turno Facundo Arregui en los 400 metros libre S7 mejor\u00f3 su mejor marca personal con un tiempo 4:57.40 y finaliz\u00f3 quinto.<\/p>\n<p>Por su parte, Eli\u00e1n Araya disput\u00f3 la final de los 100 metros pecho SB14, con una registro de 1:11.60 para quedar en la octava posici\u00f3n. Mientras que en los 10 metros espalda S12, Ana Pellitero y Anabel Moro terminaron sexta y s\u00e9ptima respectivamente.<\/p>\n<p>Pellitero obtuvo un tiempo de 1: 21.73, mientras que su compa\u00f1era Moro tuvo un registro de 1:22.79. Esta prueba queda en manos de la brit\u00e1nica Russell quien consigui\u00f3 el r\u00e9cord ol\u00edmpico con 1:06.06.<\/p>\n<p>En el ciclismo de ruta hubo muy buenas novedades, porque tanto Rodrigo L\u00f3pez como Mariela Delgado volvieron a quedar entre los 8 mejores como en el cilcismo pista.<\/p>\n<p>Delgado en la categor\u00eda C5 fue sexta con un tiempo de 29:59.78, mientras tanto que L\u00f3pez en la categor\u00eda C1, con un registro 31:43.42 para culminar en la octava ubicaci\u00f3n.<\/p>\n<p>La \u00faltima distinci\u00f3n para el ciclismo fue para Cristina Otera que en la categor\u00eda T1-2 culmin\u00f3 en la s\u00e9ptima ubicaci\u00f3n con un registro de 35:20.52.<\/p>\n<p>CANOTAJE<br \/>\n9.08 \u2013 Lucas D\u00edaz Aspiroz \u2013 KL1 \u2013 Final.<br \/>\nNATACI\u00d3N<br \/>\n9.30 \u2013 Marco Pulleiro \u2013 S9 \u2013 100 mariposa \u2013 Preliminares \u2013 Serie 1.<br \/>\nATLETISMO<br \/>\n11.45 \u2013 Mariano Dom\u00ednguez \u2013 T37 \u2013 400 metros \u2013 Clasificaci\u00f3n \u2013 Serie 1.<br \/>\n17.40 \u2013 Karina Loyola \u2013 F40\/41 \u2013 Lanzamiento de disco \u2013 Final.<br \/>\nVELA<br \/>\n12.15 \u2013 Juan Fern\u00e1ndez Ocampo \u2013 2.4mR \u2013 Regatas 6, 7 y 8.<br \/>\nF\u00daTBOL 5<br \/>\n20 \u2013 Los Murci\u00e9lagos ante Ir\u00e1n \u2013 Semifinal.<\/p>\n<div class='epvc-post-count'><span class='epvc-eye'><\/span>  <span class=\"epvc-count\"> 1.092<\/span><span class='epvc-label'> veces le\u00edda<\/span><\/div>\n<div class=\"jwsharethis\">\nShare this: \n<br \/>\n<a href=\"mailto:?subject=En%20el%207%C2%B0%20d%C3%ADa%207%20diplomas&amp;body=https%3A%2F%2Flabestiadeportiva.com%2Flbd%2Fen-el-7-dia-7-diplomas%2F\">\n<img src=\"https:\/\/labestiadeportiva.com\/lbd\/wp-content\/plugins\/jw-share-this\/email.png\" alt=\"Share this page via Email\" \/>\n<\/a>\n<a target=\"_blank\" href=\"http:\/\/www.stumbleupon.com\/submit?url=https%3A%2F%2Flabestiadeportiva.com%2Flbd%2Fen-el-7-dia-7-diplomas%2F&amp;title=En+el+7%C2%B0+d%C3%ADa+7+diplomas\">\n<img src=\"https:\/\/labestiadeportiva.com\/lbd\/wp-content\/plugins\/jw-share-this\/su.png\" alt=\"Share this page via Stumble Upon\" \/>\n<\/a>\n<a target=\"_blank\" href=\"http:\/\/digg.com\/submit?url=https%3A%2F%2Flabestiadeportiva.com%2Flbd%2Fen-el-7-dia-7-diplomas%2F&amp;title=En+el+7%C2%B0+d%C3%ADa+7+diplomas\">\n<img src=\"https:\/\/labestiadeportiva.com\/lbd\/wp-content\/plugins\/jw-share-this\/digg.png\" alt=\"Share this page via Digg this\" \/>\n<\/a>\n<a target=\"_blank\" href=\"http:\/\/www.facebook.com\/sharer.php?u=https%3A%2F%2Flabestiadeportiva.com%2Flbd%2Fen-el-7-dia-7-diplomas%2F&amp;t=En+el+7%C2%B0+d%C3%ADa+7+diplomas\">\n<img src=\"https:\/\/labestiadeportiva.com\/lbd\/wp-content\/plugins\/jw-share-this\/fb.png\" alt=\"Share this page via Facebook\" \/>\n<\/a>\n<a target=\"_blank\" href=\"http:\/\/twitter.com\/intent\/tweet?text=I+like+https%3A%2F%2Flabestiadeportiva.com%2Flbd%2Fen-el-7-dia-7-diplomas%2F&amp;title=En+el+7%C2%B0+d%C3%ADa+7+diplomas\">\n<img src=\"https:\/\/labestiadeportiva.com\/lbd\/wp-content\/plugins\/jw-share-this\/twitter.png\" alt=\"Share this page via Twitter\" \/>\n<\/a>\n<\/div>\n","protected":false},"excerpt":{"rendered":"<p>Por Agust\u00edn \u00abColo\u00bb Aguirre (Corresponsal LBD en La Pampa) De a poco se va apagando la llama de estos juegos Paral\u00edmpicos de Rio de Janeiro, pero la delegaci\u00f3n argenta sigue cosechando una muy buena actuaci\u00f3n obteniendo 7 diplomas ol\u00edmpicos. 4 en nataci\u00f3n y 3 en el ciclismo ruta contrarreloj. 1.092 veces le\u00edda Share this:<\/p>\n","protected":false},"author":1,"featured_media":21581,"comment_status":"open","ping_status":"open","sticky":false,"template":"","format":"standard","meta":[],"categories":[4,2087,2797,1],"tags":[1741,2798,83,2771],"_links":{"self":[{"href":"https:\/\/labestiadeportiva.com\/lbd\/wp-json\/wp\/v2\/posts\/21580"}],"collection":[{"href":"https:\/\/labestiadeportiva.com\/lbd\/wp-json\/wp\/v2\/posts"}],"about":[{"href":"https:\/\/labestiadeportiva.com\/lbd\/wp-json\/wp\/v2\/types\/post"}],"author":[{"embeddable":true,"href":"https:\/\/labestiadeportiva.com\/lbd\/wp-json\/wp\/v2\/users\/1"}],"replies":[{"embeddable":true,"href":"https:\/\/labestiadeportiva.com\/lbd\/wp-json\/wp\/v2\/comments?post=21580"}],"version-history":[{"count":1,"href":"https:\/\/labestiadeportiva.com\/lbd\/wp-json\/wp\/v2\/posts\/21580\/revisions"}],"predecessor-version":[{"id":21582,"href":"https:\/\/labestiadeportiva.com\/lbd\/wp-json\/wp\/v2\/posts\/21580\/revisions\/21582"}],"wp:featuredmedia":[{"embeddable":true,"href":"https:\/\/labestiadeportiva.com\/lbd\/wp-json\/wp\/v2\/media\/21581"}],"wp:attachment":[{"href":"https:\/\/labestiadeportiva.com\/lbd\/wp-json\/wp\/v2\/media?parent=21580"}],"wp:term":[{"taxonomy":"category","embeddable":true,"href":"https:\/\/labestiadeportiva.com\/lbd\/wp-json\/wp\/v2\/categories?post=21580"},{"taxonomy":"post_tag","embeddable":true,"href":"https:\/\/labestiadeportiva.com\/lbd\/wp-json\/wp\/v2\/tags?post=21580"}],"curies":[{"name":"wp","href":"https:\/\/api.w.org\/{rel}","templated":true}]}}