{"id":21603,"date":"2016-09-16T20:55:37","date_gmt":"2016-09-16T23:55:37","guid":{"rendered":"http:\/\/labestiadeportiva.com\/lbd\/?p=21603"},"modified":"2016-09-16T20:57:12","modified_gmt":"2016-09-16T23:57:12","slug":"mas-logros-para-el-esqui-de-fondo","status":"publish","type":"post","link":"https:\/\/labestiadeportiva.com\/lbd\/mas-logros-para-el-esqui-de-fondo\/","title":{"rendered":"M\u00e1s logros para el esqu\u00ed de fondo"},"content":{"rendered":"<p><a href=\"http:\/\/labestiadeportiva.com\/lbd\/wp-content\/uploads\/2016\/09\/zuloaga-partida.jpg\"><img loading=\"lazy\" class=\"alignleft size-medium wp-image-21604\" src=\"http:\/\/labestiadeportiva.com\/lbd\/wp-content\/uploads\/2016\/09\/zuloaga-partida-300x179.jpg\" alt=\"zuloaga-partida\" width=\"300\" height=\"179\" srcset=\"https:\/\/labestiadeportiva.com\/lbd\/wp-content\/uploads\/2016\/09\/zuloaga-partida-300x179.jpg 300w, https:\/\/labestiadeportiva.com\/lbd\/wp-content\/uploads\/2016\/09\/zuloaga-partida.jpg 1024w\" sizes=\"(max-width: 300px) 100vw, 300px\" \/><\/a>En un nuevo d\u00eda de competencia en Caviahue se acrecent\u00f3 el medallero para la delegaci\u00f3n fueguina. El joven capitalino, Mat\u00edas Zuloaga, se adjudic\u00f3 el campeonato nacional en la modalidad Sprint. El mal clima complic\u00f3 la jornada de viernes. Recta final para la edici\u00f3n debut de los Juegos Argentinos de Invierno.<!--more--><\/p>\n<p>El profesor Mart\u00edn Bianchi escolt\u00f3 al vencedor sumando un nuevo 1 &#8211; 2 en la disciplina. El rionegrino Marco Dal Farra complet\u00f3 el tercer escal\u00f3n del podio.<\/p>\n<p>El representante ol\u00edmpico en Socchi, Federico \u201cHormiga\u201d Cichero culmin\u00f3 en la cuarta posici\u00f3n. Asimismo el juvenil Facundo Rodr\u00edguez debut\u00f3 en la competencia nacional siendo el mejor clasificado de la final \u201cB\u201d.<\/p>\n<p>En el biathlon, disciplina que combina esqu\u00ed de fondo y carabina 22, Federico Moyano concluy\u00f3 su producci\u00f3n con la competencia de persecuci\u00f3n. El fueguino finaliz\u00f3 5\u00ba en la clasificaci\u00f3n general luego de formar parte de los 12 k y 10 disparos en posici\u00f3n tendida y otras 10 descargas de pie.<\/p>\n<p>El pasado jueves marc\u00f3 el inicio de la actividad en la monta\u00f1a para el esqu\u00ed alpino. La organizaci\u00f3n levant\u00f3 la actividad de este viernes por condiciones clim\u00e1ticas adversas. La \u00faltima jornada ser\u00e1 el s\u00e1bado cuando se efect\u00faen las pruebas de Boardercross.<\/p>\n<div class='epvc-post-count'><span class='epvc-eye'><\/span>  <span class=\"epvc-count\"> 1.142<\/span><span class='epvc-label'> veces le\u00edda<\/span><\/div>\n<div class=\"jwsharethis\">\nShare this: \n<br \/>\n<a href=\"mailto:?subject=M%C3%A1s%20logros%20para%20el%20esqu%C3%AD%20de%20fondo&amp;body=https%3A%2F%2Flabestiadeportiva.com%2Flbd%2Fmas-logros-para-el-esqui-de-fondo%2F\">\n<img src=\"https:\/\/labestiadeportiva.com\/lbd\/wp-content\/plugins\/jw-share-this\/email.png\" alt=\"Share this page via Email\" \/>\n<\/a>\n<a target=\"_blank\" href=\"http:\/\/www.stumbleupon.com\/submit?url=https%3A%2F%2Flabestiadeportiva.com%2Flbd%2Fmas-logros-para-el-esqui-de-fondo%2F&amp;title=M%C3%A1s+logros+para+el+esqu%C3%AD+de+fondo\">\n<img src=\"https:\/\/labestiadeportiva.com\/lbd\/wp-content\/plugins\/jw-share-this\/su.png\" alt=\"Share this page via Stumble Upon\" \/>\n<\/a>\n<a target=\"_blank\" href=\"http:\/\/digg.com\/submit?url=https%3A%2F%2Flabestiadeportiva.com%2Flbd%2Fmas-logros-para-el-esqui-de-fondo%2F&amp;title=M%C3%A1s+logros+para+el+esqu%C3%AD+de+fondo\">\n<img src=\"https:\/\/labestiadeportiva.com\/lbd\/wp-content\/plugins\/jw-share-this\/digg.png\" alt=\"Share this page via Digg this\" \/>\n<\/a>\n<a target=\"_blank\" href=\"http:\/\/www.facebook.com\/sharer.php?u=https%3A%2F%2Flabestiadeportiva.com%2Flbd%2Fmas-logros-para-el-esqui-de-fondo%2F&amp;t=M%C3%A1s+logros+para+el+esqu%C3%AD+de+fondo\">\n<img src=\"https:\/\/labestiadeportiva.com\/lbd\/wp-content\/plugins\/jw-share-this\/fb.png\" alt=\"Share this page via Facebook\" \/>\n<\/a>\n<a target=\"_blank\" href=\"http:\/\/twitter.com\/intent\/tweet?text=I+like+https%3A%2F%2Flabestiadeportiva.com%2Flbd%2Fmas-logros-para-el-esqui-de-fondo%2F&amp;title=M%C3%A1s+logros+para+el+esqu%C3%AD+de+fondo\">\n<img src=\"https:\/\/labestiadeportiva.com\/lbd\/wp-content\/plugins\/jw-share-this\/twitter.png\" alt=\"Share this page via Twitter\" \/>\n<\/a>\n<\/div>\n","protected":false},"excerpt":{"rendered":"<p>En un nuevo d\u00eda de competencia en Caviahue se acrecent\u00f3 el medallero para la delegaci\u00f3n fueguina. El joven capitalino, Mat\u00edas Zuloaga, se adjudic\u00f3 el campeonato nacional en la modalidad Sprint. El mal clima complic\u00f3 la jornada de viernes. Recta final para la edici\u00f3n debut de los Juegos Argentinos de Invierno. 1.142 veces le\u00edda Share this:<\/p>\n","protected":false},"author":1,"featured_media":21604,"comment_status":"open","ping_status":"open","sticky":false,"template":"","format":"standard","meta":[],"categories":[5,6,41,29,2803,1,2317],"tags":[2696,2804,2802,83],"_links":{"self":[{"href":"https:\/\/labestiadeportiva.com\/lbd\/wp-json\/wp\/v2\/posts\/21603"}],"collection":[{"href":"https:\/\/labestiadeportiva.com\/lbd\/wp-json\/wp\/v2\/posts"}],"about":[{"href":"https:\/\/labestiadeportiva.com\/lbd\/wp-json\/wp\/v2\/types\/post"}],"author":[{"embeddable":true,"href":"https:\/\/labestiadeportiva.com\/lbd\/wp-json\/wp\/v2\/users\/1"}],"replies":[{"embeddable":true,"href":"https:\/\/labestiadeportiva.com\/lbd\/wp-json\/wp\/v2\/comments?post=21603"}],"version-history":[{"count":1,"href":"https:\/\/labestiadeportiva.com\/lbd\/wp-json\/wp\/v2\/posts\/21603\/revisions"}],"predecessor-version":[{"id":21605,"href":"https:\/\/labestiadeportiva.com\/lbd\/wp-json\/wp\/v2\/posts\/21603\/revisions\/21605"}],"wp:featuredmedia":[{"embeddable":true,"href":"https:\/\/labestiadeportiva.com\/lbd\/wp-json\/wp\/v2\/media\/21604"}],"wp:attachment":[{"href":"https:\/\/labestiadeportiva.com\/lbd\/wp-json\/wp\/v2\/media?parent=21603"}],"wp:term":[{"taxonomy":"category","embeddable":true,"href":"https:\/\/labestiadeportiva.com\/lbd\/wp-json\/wp\/v2\/categories?post=21603"},{"taxonomy":"post_tag","embeddable":true,"href":"https:\/\/labestiadeportiva.com\/lbd\/wp-json\/wp\/v2\/tags?post=21603"}],"curies":[{"name":"wp","href":"https:\/\/api.w.org\/{rel}","templated":true}]}}