{"id":21720,"date":"2016-09-26T12:18:33","date_gmt":"2016-09-26T15:18:33","guid":{"rendered":"http:\/\/labestiadeportiva.com\/lbd\/?p=21720"},"modified":"2016-09-26T12:18:33","modified_gmt":"2016-09-26T15:18:33","slug":"la-isla-maldita","status":"publish","type":"post","link":"https:\/\/labestiadeportiva.com\/lbd\/la-isla-maldita\/","title":{"rendered":"La isla maldita"},"content":{"rendered":"<p>Por Daniel Campos (Corresponsal LBD en Palma de Mallorca, Espa\u00f1a)<\/p>\n<p><a href=\"http:\/\/labestiadeportiva.com\/lbd\/wp-content\/uploads\/2016\/09\/amarillo-UDLP.jpg\"><img loading=\"lazy\" class=\"alignleft size-medium wp-image-21721\" src=\"http:\/\/labestiadeportiva.com\/lbd\/wp-content\/uploads\/2016\/09\/amarillo-UDLP-300x169.jpg\" alt=\"amarillo-udlp\" width=\"300\" height=\"169\" srcset=\"https:\/\/labestiadeportiva.com\/lbd\/wp-content\/uploads\/2016\/09\/amarillo-UDLP-300x169.jpg 300w, https:\/\/labestiadeportiva.com\/lbd\/wp-content\/uploads\/2016\/09\/amarillo-UDLP-1024x576.jpg 1024w, https:\/\/labestiadeportiva.com\/lbd\/wp-content\/uploads\/2016\/09\/amarillo-UDLP.jpg 1920w\" sizes=\"(max-width: 300px) 100vw, 300px\" \/><\/a>El Madrid sufre en Canarias ante la Uni\u00f3n Deportiva y vuelve a dejarse un par de puntos en el camino.\u00a0 A pesar del tropiezo liguero se mantiene al frente del torneo, a un punto de ventaja del Barcelona que gole\u00f3 en su visita al Sportig de Gij\u00f3n.\u00a0\u00a0\u00a0 El tercer\u00a0 escal\u00f3n lo ocupa\u00a0 el Atl\u00e9tico\u00a0 de Madrid que gan\u00f3 al Depor por 1 a 0.<!--more--><\/p>\n<p>Con un cruce entre andaluces dio comienzo la sexta fecha de la Liga. Betis y M\u00e1laga se encontraron en el Benito Villamar\u00edn, campo b\u00e9tico donde la victoria fue para los verdiblancos, 1 a 0, gracias a un cabezazo de su capit\u00e1n Joaqu\u00edn.<\/p>\n<p>El s\u00e1bado muy temprano, el f\u00fatbol volvi\u00f3 a la actividad en Ipurua con el encuentro entre Eibar y Real Sociedad. Buen partido de los armeros que ganaron con claridad por 2 a 0. El primer gol lo anot\u00f3 Illarramendi \u00a0en propia puerta, y luego Bebe cerr\u00f3 el marcador.<\/p>\n<p>A la hora del caf\u00e9, en Asturias, en el Molin\u00f3n, Sporting y Barcelona se vieron las caras. El conjunto catal\u00e1n no ech\u00f3 en falta a su estrella, Leo Messi, y jugando a media m\u00e1quina gan\u00f3 sin problemas al equipo rojiblanco. Luis Su\u00e1rez, Rafhina, dos de Neymar Jr y Arda, los tantos blaugranas.<\/p>\n<p>En el norte de Espa\u00f1a un duelo por la tercera plaza de la clasificaci\u00f3n entre Athletic y Sevilla. Los tres puntos y la victoria se quedaron en Bilbao, todo gracias a la gesti\u00f3n de San Jos\u00e9, Balenziaga y un penal de Aduriz.<\/p>\n<p>El tanto de los andaluces lo anot\u00f3 Nasri. En este cruce fue expulsado Sirigu por agresi\u00f3n a Aduriz, falta que provoc\u00f3 el penal y tercer gol de los bilba\u00ednos. Fue 3 a 1 en San Mam\u00e9s.<\/p>\n<p>Para cerrar la noche del s\u00e1bado, en el estadio Gran Canaria, Las Palmas y Real Madrid, se repartieron los puntos y los goles en un empate 2 a 2.<\/p>\n<p>El encuentro lo ten\u00eda atado el conjunto blanco, pero a seis minutos del final, los canarios, en un ataque de Araujo con asistencia de Vicente Mesa, marcaron el empate.<\/p>\n<p>Segunda vez, en una semana que los de Zidane se dejan dos puntos ante un equipo que viste de amarillo. Pero coincidencias aparte, el Madrid no est\u00e1 jugando bien y con graves problemas en defensa. Empez\u00f3 ganando con gol de Asensio a la media hora de juego, pero de inmediato contest\u00f3 Tana para igualar el match.<\/p>\n<p>En la segunda mitad, apareci\u00f3 Benzema\u00a0 para poner el 2 a 1, el Madrid se anim\u00f3 a buscar ampliar el tanteador y cuando nadie se lo esperaba, Zidane sac\u00f3 a Cristiano Ronaldo del campo de juego\u00a0 y puso en su lugar a Lucas V\u00e1zquez. Luego el t\u00e9cnico franc\u00e9s adujo que el luso deb\u00eda descansar pensando en la cita de Champions de esta semana.<\/p>\n<p>La Uni\u00f3n Deportiva se encarg\u00f3 de arregl\u00e1rsela para buscar el empate y as\u00ed fue. \u00a0Ya en la jornada dominical, en su reducto madrile\u00f1o, Legan\u00e9s recibi\u00f3 la vista de Valencia.<\/p>\n<p>Si bien los locales se adelantaron por intermedio de\u00a0 Szymanowski,\u00a0 de a poco el conjunto levantino se fu adue\u00f1ando del bal\u00f3n y las acciones, superando claramente a su rival. Con tantos de Nani y Mario Su\u00e1rez, el marcador final qued\u00f3 en 2 a 1.<\/p>\n<p>A media tarde, en el Vicente Calder\u00f3n,\u00a0 Atl\u00e9tico de Madrid y Deportivo La Coru\u00f1a disputaron un entretenido cotejo, que no reflej\u00f3 en el\u00a0 tanteador lo visto en el campo rojiblanco. Un solitario gol de Griezmann para decretar el 1 a 0 y el triunfo de los de Simeone.<\/p>\n<p>La nota discordante la dio la grave lesi\u00f3n de Augusto que se rompi\u00f3 el ligamento cruzado de la rodilla derecha.\u00a0 En el Madrigal, el \u00a0Villarreal super\u00f3 sin inconvenientes al Osasuna, por 3 a 1.<\/p>\n<p>Los goles de Pato, Bruno Soriano de penal y otro de Sansone\u00a0 ubican al submarino amarillo en la cuarta plaza de la clasificaci\u00f3n general. El tanto del honor del Osauna lo anot\u00f3 Torres.<\/p>\n<p>Para completar la noche, Espanyol y Celta se citaron en la ciudad condal. Mal partido que debi\u00f3 esperar hasta el minuto final para definirse del lado gallego.<\/p>\n<p>En el 90 de juego anot\u00f3 Rossi y tres minutos m\u00e1s tarde sell\u00f3 la suerte del Espanyol, Sisto. Berizzo toma aire tras un comienzo de temporada\u00a0 muy flojo, mientras que, Quique S\u00e1nchez Flores, no \u00a0sabe lo que es ganar en Cornell\u00e1 \u2013El\u00a0 Prat.<\/p>\n<p>Este lunes por la noche, Alav\u00e9s y Granada con el arbitraje de Gonz\u00e1lez, cierran la fecha.<\/p>\n<p><a href=\"http:\/\/labestiadeportiva.com\/lbd\/wp-content\/uploads\/2016\/09\/ZIDANE.jpg\"><img loading=\"lazy\" class=\"aligncenter size-medium wp-image-21722\" src=\"http:\/\/labestiadeportiva.com\/lbd\/wp-content\/uploads\/2016\/09\/ZIDANE-300x169.jpg\" alt=\"zidane\" width=\"300\" height=\"169\" srcset=\"https:\/\/labestiadeportiva.com\/lbd\/wp-content\/uploads\/2016\/09\/ZIDANE-300x169.jpg 300w, https:\/\/labestiadeportiva.com\/lbd\/wp-content\/uploads\/2016\/09\/ZIDANE.jpg 992w\" sizes=\"(max-width: 300px) 100vw, 300px\" \/><\/a><\/p>\n<div class='epvc-post-count'><span class='epvc-eye'><\/span>  <span class=\"epvc-count\"> 1.277<\/span><span class='epvc-label'> veces le\u00edda<\/span><\/div>\n<div class=\"jwsharethis\">\nShare this: \n<br \/>\n<a href=\"mailto:?subject=La%20isla%20maldita&amp;body=https%3A%2F%2Flabestiadeportiva.com%2Flbd%2Fla-isla-maldita%2F\">\n<img src=\"https:\/\/labestiadeportiva.com\/lbd\/wp-content\/plugins\/jw-share-this\/email.png\" alt=\"Share this page via Email\" \/>\n<\/a>\n<a target=\"_blank\" href=\"http:\/\/www.stumbleupon.com\/submit?url=https%3A%2F%2Flabestiadeportiva.com%2Flbd%2Fla-isla-maldita%2F&amp;title=La+isla+maldita\">\n<img src=\"https:\/\/labestiadeportiva.com\/lbd\/wp-content\/plugins\/jw-share-this\/su.png\" alt=\"Share this page via Stumble Upon\" \/>\n<\/a>\n<a target=\"_blank\" href=\"http:\/\/digg.com\/submit?url=https%3A%2F%2Flabestiadeportiva.com%2Flbd%2Fla-isla-maldita%2F&amp;title=La+isla+maldita\">\n<img src=\"https:\/\/labestiadeportiva.com\/lbd\/wp-content\/plugins\/jw-share-this\/digg.png\" alt=\"Share this page via Digg this\" \/>\n<\/a>\n<a target=\"_blank\" href=\"http:\/\/www.facebook.com\/sharer.php?u=https%3A%2F%2Flabestiadeportiva.com%2Flbd%2Fla-isla-maldita%2F&amp;t=La+isla+maldita\">\n<img src=\"https:\/\/labestiadeportiva.com\/lbd\/wp-content\/plugins\/jw-share-this\/fb.png\" alt=\"Share this page via Facebook\" \/>\n<\/a>\n<a target=\"_blank\" href=\"http:\/\/twitter.com\/intent\/tweet?text=I+like+https%3A%2F%2Flabestiadeportiva.com%2Flbd%2Fla-isla-maldita%2F&amp;title=La+isla+maldita\">\n<img src=\"https:\/\/labestiadeportiva.com\/lbd\/wp-content\/plugins\/jw-share-this\/twitter.png\" alt=\"Share this page via Twitter\" \/>\n<\/a>\n<\/div>\n","protected":false},"excerpt":{"rendered":"<p>Por Daniel Campos (Corresponsal LBD en Palma de Mallorca, Espa\u00f1a) El Madrid sufre en Canarias ante la Uni\u00f3n Deportiva y vuelve a dejarse un par de puntos en el camino.\u00a0 A pesar del tropiezo liguero se mantiene al frente del torneo, a un punto de ventaja del Barcelona que gole\u00f3 en su visita al Sportig &hellip; <a href=\"https:\/\/labestiadeportiva.com\/lbd\/la-isla-maldita\/\" class=\"more-link\">Seguir leyendo <span class=\"screen-reader-text\">La isla maldita<\/span> <span class=\"meta-nav\">&rarr;<\/span><\/a><\/p>\n","protected":false},"author":1,"featured_media":21721,"comment_status":"open","ping_status":"open","sticky":false,"template":"","format":"standard","meta":[],"categories":[4,14,1],"tags":[2441,17,35,83],"_links":{"self":[{"href":"https:\/\/labestiadeportiva.com\/lbd\/wp-json\/wp\/v2\/posts\/21720"}],"collection":[{"href":"https:\/\/labestiadeportiva.com\/lbd\/wp-json\/wp\/v2\/posts"}],"about":[{"href":"https:\/\/labestiadeportiva.com\/lbd\/wp-json\/wp\/v2\/types\/post"}],"author":[{"embeddable":true,"href":"https:\/\/labestiadeportiva.com\/lbd\/wp-json\/wp\/v2\/users\/1"}],"replies":[{"embeddable":true,"href":"https:\/\/labestiadeportiva.com\/lbd\/wp-json\/wp\/v2\/comments?post=21720"}],"version-history":[{"count":1,"href":"https:\/\/labestiadeportiva.com\/lbd\/wp-json\/wp\/v2\/posts\/21720\/revisions"}],"predecessor-version":[{"id":21723,"href":"https:\/\/labestiadeportiva.com\/lbd\/wp-json\/wp\/v2\/posts\/21720\/revisions\/21723"}],"wp:featuredmedia":[{"embeddable":true,"href":"https:\/\/labestiadeportiva.com\/lbd\/wp-json\/wp\/v2\/media\/21721"}],"wp:attachment":[{"href":"https:\/\/labestiadeportiva.com\/lbd\/wp-json\/wp\/v2\/media?parent=21720"}],"wp:term":[{"taxonomy":"category","embeddable":true,"href":"https:\/\/labestiadeportiva.com\/lbd\/wp-json\/wp\/v2\/categories?post=21720"},{"taxonomy":"post_tag","embeddable":true,"href":"https:\/\/labestiadeportiva.com\/lbd\/wp-json\/wp\/v2\/tags?post=21720"}],"curies":[{"name":"wp","href":"https:\/\/api.w.org\/{rel}","templated":true}]}}