{"id":21850,"date":"2016-10-11T23:17:00","date_gmt":"2016-10-12T02:17:00","guid":{"rendered":"http:\/\/labestiadeportiva.com\/lbd\/?p=21850"},"modified":"2016-10-11T23:17:00","modified_gmt":"2016-10-12T02:17:00","slug":"arranco-la-formula-e","status":"publish","type":"post","link":"https:\/\/labestiadeportiva.com\/lbd\/arranco-la-formula-e\/","title":{"rendered":"Arranc\u00f3 la F\u00f3rmula E"},"content":{"rendered":"<p>Por Daniel Campos (Corresponsal LBD en Palma de Mallorca, Espa\u00f1a)<\/p>\n<p><a href=\"http:\/\/labestiadeportiva.com\/lbd\/wp-content\/uploads\/2016\/10\/curva-F-ElecHK16.jpg\"><img loading=\"lazy\" class=\"alignleft size-medium wp-image-21851\" src=\"http:\/\/labestiadeportiva.com\/lbd\/wp-content\/uploads\/2016\/10\/curva-F-ElecHK16-300x200.jpg\" alt=\"curva-f-elechk16\" width=\"300\" height=\"200\" srcset=\"https:\/\/labestiadeportiva.com\/lbd\/wp-content\/uploads\/2016\/10\/curva-F-ElecHK16-300x200.jpg 300w, https:\/\/labestiadeportiva.com\/lbd\/wp-content\/uploads\/2016\/10\/curva-F-ElecHK16-1024x682.jpg 1024w, https:\/\/labestiadeportiva.com\/lbd\/wp-content\/uploads\/2016\/10\/curva-F-ElecHK16.jpg 1280w\" sizes=\"(max-width: 300px) 100vw, 300px\" \/><\/a>Este fin de semana en Hong Kong dio comienzo la tercera temporada del certamen el\u00e9ctrico, y cuenta con presencia argentina. El Hong Kong Central Harbourfront\u00a0 Circuit, sirvi\u00f3 como primer escenario para el \u00a0torneo, que desde este pasado 9 de octubre de 2016 hasta el pr\u00f3ximo 30 de julio de 2017, discurrir\u00e1 por diez escenarios para un total de doce carreras en cuatro continentes.<!--more--><\/p>\n<p>La base sigue siendo la misma, chasis Dallara construidos en fibra de carbono y aluminio, los impulsores el\u00e9ctricos emplean bater\u00edas Williams y calzados con neum\u00e1ticos Michelin. En este \u00faltimo apartado el caucho utilizado es el reciclado (recapado ), montado sobre llantas de 18 pulgadas.<\/p>\n<p>El peso de los autos se reduce en ocho kilos, pasando a pesar cada monoplaza 880 kilos.\u00a0 El sistema de puntuaci\u00f3n es similar al empleado en la F\u00f3rmula 1, punt\u00faan los diez primeros. El hombre de la pole se lleva tres puntos extras, y el r\u00e9cord de vuelta suma uno m\u00e1s.<\/p>\n<p>En esta nueva edici\u00f3n se incorpora un nuevo equipo, Jaguar, la m\u00edtica firma de Coventry vuelve a las carreras tras doce a\u00f1os, luego de su paso por la F-1.<\/p>\n<p>En total son diez equipos con cinco pilotos debutantes, entre los que se encuentra, nuestro compatriota Pechito L\u00f3pez, quien junto al ingl\u00e9s Sam Bird, defender\u00e1n los colores del equipo DS Virgin.<\/p>\n<p><span style=\"color: #0000ff;\"><a href=\"http:\/\/labestiadeportiva.com\/lbd\/wp-content\/uploads\/2016\/10\/Pechito-HK16.jpg\"><img loading=\"lazy\" class=\"aligncenter size-medium wp-image-21852\" src=\"http:\/\/labestiadeportiva.com\/lbd\/wp-content\/uploads\/2016\/10\/Pechito-HK16-300x201.jpg\" alt=\"pechito-hk16\" width=\"300\" height=\"201\" srcset=\"https:\/\/labestiadeportiva.com\/lbd\/wp-content\/uploads\/2016\/10\/Pechito-HK16-300x201.jpg 300w, https:\/\/labestiadeportiva.com\/lbd\/wp-content\/uploads\/2016\/10\/Pechito-HK16.jpg 860w\" sizes=\"(max-width: 300px) 100vw, 300px\" \/><\/a>Pechito desenchufado<\/span><\/p>\n<p>En lo que respecta a la carrera en s\u00ed, el tricampe\u00f3n\u00a0 de Turismos dej\u00f3 muy buenas sensaciones sobre el\u00a0 asfalto del trazado chino. Pechito L\u00f3pez logr\u00f3 el tercer mejor tiempo y se ubic\u00f3 en segunda fila junto a su compa\u00f1ero de equipo, Bird.<\/p>\n<p>Tras darse la se\u00f1al de partida el argentino, y\u00a0 superar la primera variante, fue tocado por el piloto ingl\u00e9s y la amortiguaci\u00f3n de su monoplaza qued\u00f3 muy da\u00f1ada.<\/p>\n<p>Fue perdiendo posiciones a lo largo de la prueba, y cuando marchaba en el fondo del pelot\u00f3n, impact\u00f3 contra el auto de Piquet Jr, que estaba detenido en una curva con problemas mec\u00e1nicos.<\/p>\n<p>Fue entonces que el piloto nacional tuvo que abandonar y no pudo optar a utilizar el segundo auto de recambio. Finalmente, la carrera fue ganada por Sebastian Buemi, segundo lleg\u00f3 Lucas Di Grassi y tercero fue Nick Heidfeld.<\/p>\n<p>La pr\u00f3xima cita de la F\u00f3rmula E, el pr\u00f3ximo 12 de noviembre \u00a0en Marrakech.<\/p>\n<div class='epvc-post-count'><span class='epvc-eye'><\/span>  <span class=\"epvc-count\"> 977<\/span><span class='epvc-label'> veces le\u00edda<\/span><\/div>\n<div class=\"jwsharethis\">\nShare this: \n<br \/>\n<a href=\"mailto:?subject=Arranc%C3%B3%20la%20F%C3%B3rmula%20E&amp;body=https%3A%2F%2Flabestiadeportiva.com%2Flbd%2Farranco-la-formula-e%2F\">\n<img src=\"https:\/\/labestiadeportiva.com\/lbd\/wp-content\/plugins\/jw-share-this\/email.png\" alt=\"Share this page via Email\" \/>\n<\/a>\n<a target=\"_blank\" href=\"http:\/\/www.stumbleupon.com\/submit?url=https%3A%2F%2Flabestiadeportiva.com%2Flbd%2Farranco-la-formula-e%2F&amp;title=Arranc%C3%B3+la+F%C3%B3rmula+E\">\n<img src=\"https:\/\/labestiadeportiva.com\/lbd\/wp-content\/plugins\/jw-share-this\/su.png\" alt=\"Share this page via Stumble Upon\" \/>\n<\/a>\n<a target=\"_blank\" href=\"http:\/\/digg.com\/submit?url=https%3A%2F%2Flabestiadeportiva.com%2Flbd%2Farranco-la-formula-e%2F&amp;title=Arranc%C3%B3+la+F%C3%B3rmula+E\">\n<img src=\"https:\/\/labestiadeportiva.com\/lbd\/wp-content\/plugins\/jw-share-this\/digg.png\" alt=\"Share this page via Digg this\" \/>\n<\/a>\n<a target=\"_blank\" href=\"http:\/\/www.facebook.com\/sharer.php?u=https%3A%2F%2Flabestiadeportiva.com%2Flbd%2Farranco-la-formula-e%2F&amp;t=Arranc%C3%B3+la+F%C3%B3rmula+E\">\n<img src=\"https:\/\/labestiadeportiva.com\/lbd\/wp-content\/plugins\/jw-share-this\/fb.png\" alt=\"Share this page via Facebook\" \/>\n<\/a>\n<a target=\"_blank\" href=\"http:\/\/twitter.com\/intent\/tweet?text=I+like+https%3A%2F%2Flabestiadeportiva.com%2Flbd%2Farranco-la-formula-e%2F&amp;title=Arranc%C3%B3+la+F%C3%B3rmula+E\">\n<img src=\"https:\/\/labestiadeportiva.com\/lbd\/wp-content\/plugins\/jw-share-this\/twitter.png\" alt=\"Share this page via Twitter\" \/>\n<\/a>\n<\/div>\n","protected":false},"excerpt":{"rendered":"<p>Por Daniel Campos (Corresponsal LBD en Palma de Mallorca, Espa\u00f1a) Este fin de semana en Hong Kong dio comienzo la tercera temporada del certamen el\u00e9ctrico, y cuenta con presencia argentina. El Hong Kong Central Harbourfront\u00a0 Circuit, sirvi\u00f3 como primer escenario para el \u00a0torneo, que desde este pasado 9 de octubre de 2016 hasta el pr\u00f3ximo &hellip; <a href=\"https:\/\/labestiadeportiva.com\/lbd\/arranco-la-formula-e\/\" class=\"more-link\">Seguir leyendo <span class=\"screen-reader-text\">Arranc\u00f3 la F\u00f3rmula E<\/span> <span class=\"meta-nav\">&rarr;<\/span><\/a><\/p>\n","protected":false},"author":1,"featured_media":21851,"comment_status":"open","ping_status":"open","sticky":false,"template":"","format":"standard","meta":[],"categories":[2176,4,1],"tags":[86,1742,83],"_links":{"self":[{"href":"https:\/\/labestiadeportiva.com\/lbd\/wp-json\/wp\/v2\/posts\/21850"}],"collection":[{"href":"https:\/\/labestiadeportiva.com\/lbd\/wp-json\/wp\/v2\/posts"}],"about":[{"href":"https:\/\/labestiadeportiva.com\/lbd\/wp-json\/wp\/v2\/types\/post"}],"author":[{"embeddable":true,"href":"https:\/\/labestiadeportiva.com\/lbd\/wp-json\/wp\/v2\/users\/1"}],"replies":[{"embeddable":true,"href":"https:\/\/labestiadeportiva.com\/lbd\/wp-json\/wp\/v2\/comments?post=21850"}],"version-history":[{"count":1,"href":"https:\/\/labestiadeportiva.com\/lbd\/wp-json\/wp\/v2\/posts\/21850\/revisions"}],"predecessor-version":[{"id":21853,"href":"https:\/\/labestiadeportiva.com\/lbd\/wp-json\/wp\/v2\/posts\/21850\/revisions\/21853"}],"wp:featuredmedia":[{"embeddable":true,"href":"https:\/\/labestiadeportiva.com\/lbd\/wp-json\/wp\/v2\/media\/21851"}],"wp:attachment":[{"href":"https:\/\/labestiadeportiva.com\/lbd\/wp-json\/wp\/v2\/media?parent=21850"}],"wp:term":[{"taxonomy":"category","embeddable":true,"href":"https:\/\/labestiadeportiva.com\/lbd\/wp-json\/wp\/v2\/categories?post=21850"},{"taxonomy":"post_tag","embeddable":true,"href":"https:\/\/labestiadeportiva.com\/lbd\/wp-json\/wp\/v2\/tags?post=21850"}],"curies":[{"name":"wp","href":"https:\/\/api.w.org\/{rel}","templated":true}]}}