{"id":22194,"date":"2016-11-10T11:47:45","date_gmt":"2016-11-10T14:47:45","guid":{"rendered":"http:\/\/labestiadeportiva.com\/lbd\/?p=22194"},"modified":"2016-11-10T13:23:27","modified_gmt":"2016-11-10T16:23:27","slug":"en-viaje-5","status":"publish","type":"post","link":"https:\/\/labestiadeportiva.com\/lbd\/en-viaje-5\/","title":{"rendered":"En viaje"},"content":{"rendered":"<p><a href=\"http:\/\/labestiadeportiva.com\/lbd\/wp-content\/uploads\/2016\/11\/15037100_705385652947655_8936370514047155758_n.jpg\"><img loading=\"lazy\" class=\"alignleft size-medium wp-image-22199\" src=\"http:\/\/labestiadeportiva.com\/lbd\/wp-content\/uploads\/2016\/11\/15037100_705385652947655_8936370514047155758_n-300x242.jpg\" alt=\"15037100_705385652947655_8936370514047155758_n\" width=\"300\" height=\"242\" srcset=\"https:\/\/labestiadeportiva.com\/lbd\/wp-content\/uploads\/2016\/11\/15037100_705385652947655_8936370514047155758_n-300x242.jpg 300w, https:\/\/labestiadeportiva.com\/lbd\/wp-content\/uploads\/2016\/11\/15037100_705385652947655_8936370514047155758_n.jpg 702w\" sizes=\"(max-width: 300px) 100vw, 300px\" \/><\/a>Los tres equipos representativos de la Federaci\u00f3n Ushuaiense de futsal comenzaron esta madrugada el camino rumbo a la sede de una nueva edici\u00f3n de la Divisi\u00f3n de Honor: Esquel. Casa Magallanes, Comercio y Los \u00d1ires se trasladan por tandas en autos particulares. Se competir\u00e1 desde el domingo 13 al mi\u00e9rcoles 16 de noviembre.<!--more--><\/p>\n<p>Enorme esfuerzo de los clubes ushuaiense para estar presentes en la competencia m\u00e1s importante de la CAFS a nivel clubes. Ser\u00e1n casi dos d\u00edas de viaje hasta la localidad cordillerana de la provincia de Chubut.<\/p>\n<p><a href=\"http:\/\/labestiadeportiva.com\/lbd\/wp-content\/uploads\/2016\/11\/15036168_705385702947650_5978204841153944758_n.jpg\"><img loading=\"lazy\" class=\"aligncenter size-medium wp-image-22197\" src=\"http:\/\/labestiadeportiva.com\/lbd\/wp-content\/uploads\/2016\/11\/15036168_705385702947650_5978204841153944758_n-300x165.jpg\" alt=\"15036168_705385702947650_5978204841153944758_n\" width=\"300\" height=\"165\" srcset=\"https:\/\/labestiadeportiva.com\/lbd\/wp-content\/uploads\/2016\/11\/15036168_705385702947650_5978204841153944758_n-300x165.jpg 300w, https:\/\/labestiadeportiva.com\/lbd\/wp-content\/uploads\/2016\/11\/15036168_705385702947650_5978204841153944758_n.jpg 892w\" sizes=\"(max-width: 300px) 100vw, 300px\" \/><\/a>Una vez all\u00ed el multicampe\u00f3n, Casa Magallanes, competir\u00e1 durante la primera fase en la zona \u201cF\u201d junto a Talleres \u201cB\u201d, Estrella Federal\u00a0 y el local Del campo C. Comercio jugar\u00e1 en el grupo \u201cH\u201d con San Crist\u00f3bal, La Academia, V. Malcom y Aston Futsal mientras que Los \u00d1ires lo har\u00e1 por la zona \u201cC\u201d acompa\u00f1ados de S.F. Munro, UOCRA y Jockey.<\/p>\n<p><a href=\"http:\/\/labestiadeportiva.com\/lbd\/wp-content\/uploads\/2016\/11\/15027427_705385776280976_4061546889816112667_n.jpg\"><img loading=\"lazy\" class=\"aligncenter size-medium wp-image-22195\" src=\"http:\/\/labestiadeportiva.com\/lbd\/wp-content\/uploads\/2016\/11\/15027427_705385776280976_4061546889816112667_n-300x164.jpg\" alt=\"15027427_705385776280976_4061546889816112667_n\" width=\"300\" height=\"164\" srcset=\"https:\/\/labestiadeportiva.com\/lbd\/wp-content\/uploads\/2016\/11\/15027427_705385776280976_4061546889816112667_n-300x164.jpg 300w, https:\/\/labestiadeportiva.com\/lbd\/wp-content\/uploads\/2016\/11\/15027427_705385776280976_4061546889816112667_n.jpg 960w\" sizes=\"(max-width: 300px) 100vw, 300px\" \/><\/a>Como ver\u00e1n ocho grupos con los mejores 34 clubes del mundo salonero versi\u00f3n CAFS quienes comenzar\u00e1n a competir a partir del domingo extendi\u00e9ndose \u00a0el torneo hasta el mi\u00e9rcoles 16. Suerte para todos nuestros representantes.<\/p>\n<p><a href=\"http:\/\/labestiadeportiva.com\/lbd\/wp-content\/uploads\/2016\/11\/15032864_1505338506181412_6650291888202389706_n.jpg\"><img loading=\"lazy\" class=\"aligncenter size-medium wp-image-22196\" src=\"http:\/\/labestiadeportiva.com\/lbd\/wp-content\/uploads\/2016\/11\/15032864_1505338506181412_6650291888202389706_n-300x218.jpg\" alt=\"15032864_1505338506181412_6650291888202389706_n\" width=\"300\" height=\"218\" srcset=\"https:\/\/labestiadeportiva.com\/lbd\/wp-content\/uploads\/2016\/11\/15032864_1505338506181412_6650291888202389706_n-300x218.jpg 300w, https:\/\/labestiadeportiva.com\/lbd\/wp-content\/uploads\/2016\/11\/15032864_1505338506181412_6650291888202389706_n.jpg 526w\" sizes=\"(max-width: 300px) 100vw, 300px\" \/><\/a><\/p>\n<div class='epvc-post-count'><span class='epvc-eye'><\/span>  <span class=\"epvc-count\"> 1.200<\/span><span class='epvc-label'> veces le\u00edda<\/span><\/div>\n<div class=\"jwsharethis\">\nShare this: \n<br \/>\n<a href=\"mailto:?subject=En%20viaje&amp;body=https%3A%2F%2Flabestiadeportiva.com%2Flbd%2Fen-viaje-5%2F\">\n<img src=\"https:\/\/labestiadeportiva.com\/lbd\/wp-content\/plugins\/jw-share-this\/email.png\" alt=\"Share this page via Email\" \/>\n<\/a>\n<a target=\"_blank\" href=\"http:\/\/www.stumbleupon.com\/submit?url=https%3A%2F%2Flabestiadeportiva.com%2Flbd%2Fen-viaje-5%2F&amp;title=En+viaje\">\n<img src=\"https:\/\/labestiadeportiva.com\/lbd\/wp-content\/plugins\/jw-share-this\/su.png\" alt=\"Share this page via Stumble Upon\" \/>\n<\/a>\n<a target=\"_blank\" href=\"http:\/\/digg.com\/submit?url=https%3A%2F%2Flabestiadeportiva.com%2Flbd%2Fen-viaje-5%2F&amp;title=En+viaje\">\n<img src=\"https:\/\/labestiadeportiva.com\/lbd\/wp-content\/plugins\/jw-share-this\/digg.png\" alt=\"Share this page via Digg this\" \/>\n<\/a>\n<a target=\"_blank\" href=\"http:\/\/www.facebook.com\/sharer.php?u=https%3A%2F%2Flabestiadeportiva.com%2Flbd%2Fen-viaje-5%2F&amp;t=En+viaje\">\n<img src=\"https:\/\/labestiadeportiva.com\/lbd\/wp-content\/plugins\/jw-share-this\/fb.png\" alt=\"Share this page via Facebook\" \/>\n<\/a>\n<a target=\"_blank\" href=\"http:\/\/twitter.com\/intent\/tweet?text=I+like+https%3A%2F%2Flabestiadeportiva.com%2Flbd%2Fen-viaje-5%2F&amp;title=En+viaje\">\n<img src=\"https:\/\/labestiadeportiva.com\/lbd\/wp-content\/plugins\/jw-share-this\/twitter.png\" alt=\"Share this page via Twitter\" \/>\n<\/a>\n<\/div>\n","protected":false},"excerpt":{"rendered":"<p>Los tres equipos representativos de la Federaci\u00f3n Ushuaiense de futsal comenzaron esta madrugada el camino rumbo a la sede de una nueva edici\u00f3n de la Divisi\u00f3n de Honor: Esquel. Casa Magallanes, Comercio y Los \u00d1ires se trasladan por tandas en autos particulares. Se competir\u00e1 desde el domingo 13 al mi\u00e9rcoles 16 de noviembre. 1.200 veces &hellip; <a href=\"https:\/\/labestiadeportiva.com\/lbd\/en-viaje-5\/\" class=\"more-link\">Seguir leyendo <span class=\"screen-reader-text\">En viaje<\/span> <span class=\"meta-nav\">&rarr;<\/span><\/a><\/p>\n","protected":false},"author":1,"featured_media":22199,"comment_status":"open","ping_status":"open","sticky":false,"template":"","format":"standard","meta":[],"categories":[5,6,31,1],"tags":[928,141,2859,117,83],"_links":{"self":[{"href":"https:\/\/labestiadeportiva.com\/lbd\/wp-json\/wp\/v2\/posts\/22194"}],"collection":[{"href":"https:\/\/labestiadeportiva.com\/lbd\/wp-json\/wp\/v2\/posts"}],"about":[{"href":"https:\/\/labestiadeportiva.com\/lbd\/wp-json\/wp\/v2\/types\/post"}],"author":[{"embeddable":true,"href":"https:\/\/labestiadeportiva.com\/lbd\/wp-json\/wp\/v2\/users\/1"}],"replies":[{"embeddable":true,"href":"https:\/\/labestiadeportiva.com\/lbd\/wp-json\/wp\/v2\/comments?post=22194"}],"version-history":[{"count":5,"href":"https:\/\/labestiadeportiva.com\/lbd\/wp-json\/wp\/v2\/posts\/22194\/revisions"}],"predecessor-version":[{"id":22209,"href":"https:\/\/labestiadeportiva.com\/lbd\/wp-json\/wp\/v2\/posts\/22194\/revisions\/22209"}],"wp:featuredmedia":[{"embeddable":true,"href":"https:\/\/labestiadeportiva.com\/lbd\/wp-json\/wp\/v2\/media\/22199"}],"wp:attachment":[{"href":"https:\/\/labestiadeportiva.com\/lbd\/wp-json\/wp\/v2\/media?parent=22194"}],"wp:term":[{"taxonomy":"category","embeddable":true,"href":"https:\/\/labestiadeportiva.com\/lbd\/wp-json\/wp\/v2\/categories?post=22194"},{"taxonomy":"post_tag","embeddable":true,"href":"https:\/\/labestiadeportiva.com\/lbd\/wp-json\/wp\/v2\/tags?post=22194"}],"curies":[{"name":"wp","href":"https:\/\/api.w.org\/{rel}","templated":true}]}}