{"id":22452,"date":"2016-11-30T19:48:29","date_gmt":"2016-11-30T22:48:29","guid":{"rendered":"http:\/\/labestiadeportiva.com\/lbd\/?p=22452"},"modified":"2016-11-30T20:10:07","modified_gmt":"2016-11-30T23:10:07","slug":"aravena-se-quedo-con-la-revancha","status":"publish","type":"post","link":"https:\/\/labestiadeportiva.com\/lbd\/aravena-se-quedo-con-la-revancha\/","title":{"rendered":"Aravena se qued\u00f3 con \u00abLa Revancha\u00bb"},"content":{"rendered":"<p><a href=\"http:\/\/labestiadeportiva.com\/lbd\/wp-content\/uploads\/2016\/11\/MG_4695.jpg\"><img loading=\"lazy\" class=\"alignleft size-medium wp-image-22454\" src=\"http:\/\/labestiadeportiva.com\/lbd\/wp-content\/uploads\/2016\/11\/MG_4695-300x237.jpg\" alt=\"_mg_4695\" width=\"300\" height=\"237\" srcset=\"https:\/\/labestiadeportiva.com\/lbd\/wp-content\/uploads\/2016\/11\/MG_4695-300x237.jpg 300w, https:\/\/labestiadeportiva.com\/lbd\/wp-content\/uploads\/2016\/11\/MG_4695.jpg 761w\" sizes=\"(max-width: 300px) 100vw, 300px\" \/><\/a>El pasado domingo a media ma\u00f1ana se realiz\u00f3 la competencia costera organizada por Triqueta Cross Adventure. 65 atletas fueron de la partida. Norman Aravena (1 h 33\u00b402\u00b4\u00b4) \u00a0y Elena Varela (2 h 16\u00b445\u00b4\u00b4) ganaron los segmentos de 21 k. Mor\u00e1n y Senior se quedaron con los 10 k.<!--more--><\/p>\n<p>Segunda versi\u00f3n de la competencia de cross costero. Dos recorridos, 10 y 21 k con largada y llegada desde la calle Jain\u00e9n, entre el polideportivo Augusto Lasserre y el sint\u00e9tico municipal \u00abHugo Lumbreras\u00bb.<\/p>\n<p>En esta oportunidad en sentido contrario al de hace algunos meses atr\u00e1s con un interesante n\u00famero de participantes dispuestos a repetir la experiencia o debutar en ella.<\/p>\n<p>Misi\u00f3n Baja, CADIC, rotonda de ingreso al aeropuerto internacional, sector costero rumbo a la zona del Hotel Tolkeyen para el posterior regreso fueron algunos de los lugares recorridos.<\/p>\n<p><a href=\"http:\/\/labestiadeportiva.com\/lbd\/wp-content\/uploads\/2016\/11\/MG_4688.jpg\"><img loading=\"lazy\" class=\"aligncenter size-medium wp-image-22453\" src=\"http:\/\/labestiadeportiva.com\/lbd\/wp-content\/uploads\/2016\/11\/MG_4688-300x161.jpg\" alt=\"_mg_4688\" width=\"300\" height=\"161\" srcset=\"https:\/\/labestiadeportiva.com\/lbd\/wp-content\/uploads\/2016\/11\/MG_4688-300x161.jpg 300w, https:\/\/labestiadeportiva.com\/lbd\/wp-content\/uploads\/2016\/11\/MG_4688.jpg 800w\" sizes=\"(max-width: 300px) 100vw, 300px\" \/><\/a>A diferencia de 24 horas atr\u00e1s el clima no acompa\u00f1\u00f3, a pesar de esto y la ca\u00edda de algunas gotas de lluvia la jornada se pudo soportar sin inconvenientes.<\/p>\n<p>En cuanto a lo estrictamente deportivo el venezolano Ricardo Senior consigui\u00f3 una apretada victoria en los 10 k sobre su inmediato perseguidos Heliberto P\u00e9rez, quien ingres\u00f3 tan solo seis segundos despu\u00e9s que el ganador.<\/p>\n<p>El tercer escal\u00f3n del podio fue para Clemente Zubelza quien complet\u00f3 los 10.000 metros de recorrido dos minutos por detr\u00e1s del vencedor.<\/p>\n<p>En damas Elba Mor\u00e1n regres\u00f3 a la actividad y al triunfo marcando en los relojes 1 hora 4 minutos y 8 segundos. Cuatro minutos detr\u00e1s arrib\u00f3 Johana De la Cruz mientras que complet\u00f3 el podio Julieta Tabuchini.<\/p>\n<p><a href=\"http:\/\/labestiadeportiva.com\/lbd\/wp-content\/uploads\/2016\/11\/MG_4698.jpg\"><img loading=\"lazy\" class=\"aligncenter size-medium wp-image-22455\" src=\"http:\/\/labestiadeportiva.com\/lbd\/wp-content\/uploads\/2016\/11\/MG_4698-300x167.jpg\" alt=\"_mg_4698\" width=\"300\" height=\"167\" srcset=\"https:\/\/labestiadeportiva.com\/lbd\/wp-content\/uploads\/2016\/11\/MG_4698-300x167.jpg 300w, https:\/\/labestiadeportiva.com\/lbd\/wp-content\/uploads\/2016\/11\/MG_4698.jpg 800w\" sizes=\"(max-width: 300px) 100vw, 300px\" \/><\/a>En los 21 kil\u00f3metros Norman Aravena marc\u00f3 el camino, en la primera parte de la prueba seguido de cerca por C\u00e9sar Ru\u00edz quien finalizar\u00eda tercero.<\/p>\n<p>Una hora, treinta y tres minutos y dos segundos para el hombre que fue protagonista en la mayor\u00eda de las pruebas de la temporada. Javier Godoy fue segundo ingresando 13 minutos despu\u00e9s que el ganador.<\/p>\n<p>Dentro de las mujeres que eligieron el recorrido m\u00e1s exigente Elena Varela fue la mejor completando su trabajo en 2 horas 16 minutos y 45 segundos, Sandra Bahamonde fue segunda llegando veinte minutos por detr\u00e1s. Ver\u00f3nica Casabella ocup\u00f3 el tercer escal\u00f3n del podio finalizando el trayecto en 2 horas 42 minutos y 19 segundos.<\/p>\n<p><a href=\"http:\/\/labestiadeportiva.com\/lbd\/wp-content\/uploads\/2016\/11\/MG_4714.jpg\"><img loading=\"lazy\" class=\"aligncenter size-medium wp-image-22456\" src=\"http:\/\/labestiadeportiva.com\/lbd\/wp-content\/uploads\/2016\/11\/MG_4714-267x300.jpg\" alt=\"_mg_4714\" width=\"267\" height=\"300\" srcset=\"https:\/\/labestiadeportiva.com\/lbd\/wp-content\/uploads\/2016\/11\/MG_4714-267x300.jpg 267w, https:\/\/labestiadeportiva.com\/lbd\/wp-content\/uploads\/2016\/11\/MG_4714.jpg 600w\" sizes=\"(max-width: 267px) 100vw, 267px\" \/><\/a>Desde LBD nos contactamos brevemente con <span style=\"color: #ff0000;\">Esteban Lastra<\/span>, la cara visible de Triqueta Cross Adventure, quien se mostr\u00f3 conforme con la jornada vivida. Asimismo a modo de balance de la temporada expres\u00f3: <span style=\"color: #0000ff;\">\u201cEstamos contentos con nuestra aparici\u00f3n. Queremos ser una alternativa para quienes disfrutan de circuitos que combinan lo urbano con la naturaleza. El pr\u00f3ximo a\u00f1o seguiremos realizando eventos con fines ben\u00e9ficos. Gracias a ustedes por estar siempre presentes.\u201d<\/span><\/p>\n<p><a href=\"http:\/\/labestiadeportiva.com\/lbd\/wp-content\/uploads\/2016\/11\/15203355_1855572268006931_945125009787612786_n.png\"><img loading=\"lazy\" class=\"aligncenter size-medium wp-image-22459\" src=\"http:\/\/labestiadeportiva.com\/lbd\/wp-content\/uploads\/2016\/11\/15203355_1855572268006931_945125009787612786_n-300x127.png\" alt=\"15203355_1855572268006931_945125009787612786_n\" width=\"300\" height=\"127\" srcset=\"https:\/\/labestiadeportiva.com\/lbd\/wp-content\/uploads\/2016\/11\/15203355_1855572268006931_945125009787612786_n-300x127.png 300w, https:\/\/labestiadeportiva.com\/lbd\/wp-content\/uploads\/2016\/11\/15203355_1855572268006931_945125009787612786_n.png 793w\" sizes=\"(max-width: 300px) 100vw, 300px\" \/><\/a><\/p>\n<p><a href=\"http:\/\/labestiadeportiva.com\/lbd\/wp-content\/uploads\/2016\/11\/15181585_1855572234673601_1962333553278134249_n.png\"><img loading=\"lazy\" class=\"aligncenter size-medium wp-image-22458\" src=\"http:\/\/labestiadeportiva.com\/lbd\/wp-content\/uploads\/2016\/11\/15181585_1855572234673601_1962333553278134249_n-300x232.png\" alt=\"15181585_1855572234673601_1962333553278134249_n\" width=\"300\" height=\"232\" srcset=\"https:\/\/labestiadeportiva.com\/lbd\/wp-content\/uploads\/2016\/11\/15181585_1855572234673601_1962333553278134249_n-300x232.png 300w, https:\/\/labestiadeportiva.com\/lbd\/wp-content\/uploads\/2016\/11\/15181585_1855572234673601_1962333553278134249_n.png 661w\" sizes=\"(max-width: 300px) 100vw, 300px\" \/><\/a><\/p>\n<p><a href=\"http:\/\/labestiadeportiva.com\/lbd\/wp-content\/uploads\/2016\/11\/15171247_1855572241340267_5528805801265891260_n.png\"><img loading=\"lazy\" class=\"aligncenter size-medium wp-image-22457\" src=\"http:\/\/labestiadeportiva.com\/lbd\/wp-content\/uploads\/2016\/11\/15171247_1855572241340267_5528805801265891260_n-300x253.png\" alt=\"15171247_1855572241340267_5528805801265891260_n\" width=\"300\" height=\"253\" srcset=\"https:\/\/labestiadeportiva.com\/lbd\/wp-content\/uploads\/2016\/11\/15171247_1855572241340267_5528805801265891260_n-300x253.png 300w, https:\/\/labestiadeportiva.com\/lbd\/wp-content\/uploads\/2016\/11\/15171247_1855572241340267_5528805801265891260_n.png 603w\" sizes=\"(max-width: 300px) 100vw, 300px\" \/><\/a><\/p>\n<p><a href=\"http:\/\/labestiadeportiva.com\/lbd\/wp-content\/uploads\/2016\/11\/15232164_1855572238006934_3878546442337265465_n.png\"><img loading=\"lazy\" class=\"aligncenter size-medium wp-image-22460\" src=\"http:\/\/labestiadeportiva.com\/lbd\/wp-content\/uploads\/2016\/11\/15232164_1855572238006934_3878546442337265465_n-300x166.png\" alt=\"15232164_1855572238006934_3878546442337265465_n\" width=\"300\" height=\"166\" srcset=\"https:\/\/labestiadeportiva.com\/lbd\/wp-content\/uploads\/2016\/11\/15232164_1855572238006934_3878546442337265465_n-300x166.png 300w, https:\/\/labestiadeportiva.com\/lbd\/wp-content\/uploads\/2016\/11\/15232164_1855572238006934_3878546442337265465_n.png 705w\" sizes=\"(max-width: 300px) 100vw, 300px\" \/><\/a><\/p>\n<div class='epvc-post-count'><span class='epvc-eye'><\/span>  <span class=\"epvc-count\"> 1.266<\/span><span class='epvc-label'> veces le\u00edda<\/span><\/div>\n<div class=\"jwsharethis\">\nShare this: \n<br \/>\n<a href=\"mailto:?subject=Aravena%20se%20qued%C3%B3%20con%20%C2%ABLa%20Revancha%C2%BB&amp;body=https%3A%2F%2Flabestiadeportiva.com%2Flbd%2Faravena-se-quedo-con-la-revancha%2F\">\n<img src=\"https:\/\/labestiadeportiva.com\/lbd\/wp-content\/plugins\/jw-share-this\/email.png\" alt=\"Share this page via Email\" \/>\n<\/a>\n<a target=\"_blank\" href=\"http:\/\/www.stumbleupon.com\/submit?url=https%3A%2F%2Flabestiadeportiva.com%2Flbd%2Faravena-se-quedo-con-la-revancha%2F&amp;title=Aravena+se+qued%C3%B3+con+%C2%ABLa+Revancha%C2%BB\">\n<img src=\"https:\/\/labestiadeportiva.com\/lbd\/wp-content\/plugins\/jw-share-this\/su.png\" alt=\"Share this page via Stumble Upon\" \/>\n<\/a>\n<a target=\"_blank\" href=\"http:\/\/digg.com\/submit?url=https%3A%2F%2Flabestiadeportiva.com%2Flbd%2Faravena-se-quedo-con-la-revancha%2F&amp;title=Aravena+se+qued%C3%B3+con+%C2%ABLa+Revancha%C2%BB\">\n<img src=\"https:\/\/labestiadeportiva.com\/lbd\/wp-content\/plugins\/jw-share-this\/digg.png\" alt=\"Share this page via Digg this\" \/>\n<\/a>\n<a target=\"_blank\" href=\"http:\/\/www.facebook.com\/sharer.php?u=https%3A%2F%2Flabestiadeportiva.com%2Flbd%2Faravena-se-quedo-con-la-revancha%2F&amp;t=Aravena+se+qued%C3%B3+con+%C2%ABLa+Revancha%C2%BB\">\n<img src=\"https:\/\/labestiadeportiva.com\/lbd\/wp-content\/plugins\/jw-share-this\/fb.png\" alt=\"Share this page via Facebook\" \/>\n<\/a>\n<a target=\"_blank\" href=\"http:\/\/twitter.com\/intent\/tweet?text=I+like+https%3A%2F%2Flabestiadeportiva.com%2Flbd%2Faravena-se-quedo-con-la-revancha%2F&amp;title=Aravena+se+qued%C3%B3+con+%C2%ABLa+Revancha%C2%BB\">\n<img src=\"https:\/\/labestiadeportiva.com\/lbd\/wp-content\/plugins\/jw-share-this\/twitter.png\" alt=\"Share this page via Twitter\" \/>\n<\/a>\n<\/div>\n","protected":false},"excerpt":{"rendered":"<p>El pasado domingo a media ma\u00f1ana se realiz\u00f3 la competencia costera organizada por Triqueta Cross Adventure. 65 atletas fueron de la partida. Norman Aravena (1 h 33\u00b402\u00b4\u00b4) \u00a0y Elena Varela (2 h 16\u00b445\u00b4\u00b4) ganaron los segmentos de 21 k. Mor\u00e1n y Senior se quedaron con los 10 k. 1.266 veces le\u00edda Share this:<\/p>\n","protected":false},"author":1,"featured_media":22456,"comment_status":"open","ping_status":"open","sticky":false,"template":"","format":"standard","meta":[],"categories":[22,5,1],"tags":[2697,4831,83,2820],"_links":{"self":[{"href":"https:\/\/labestiadeportiva.com\/lbd\/wp-json\/wp\/v2\/posts\/22452"}],"collection":[{"href":"https:\/\/labestiadeportiva.com\/lbd\/wp-json\/wp\/v2\/posts"}],"about":[{"href":"https:\/\/labestiadeportiva.com\/lbd\/wp-json\/wp\/v2\/types\/post"}],"author":[{"embeddable":true,"href":"https:\/\/labestiadeportiva.com\/lbd\/wp-json\/wp\/v2\/users\/1"}],"replies":[{"embeddable":true,"href":"https:\/\/labestiadeportiva.com\/lbd\/wp-json\/wp\/v2\/comments?post=22452"}],"version-history":[{"count":3,"href":"https:\/\/labestiadeportiva.com\/lbd\/wp-json\/wp\/v2\/posts\/22452\/revisions"}],"predecessor-version":[{"id":22464,"href":"https:\/\/labestiadeportiva.com\/lbd\/wp-json\/wp\/v2\/posts\/22452\/revisions\/22464"}],"wp:featuredmedia":[{"embeddable":true,"href":"https:\/\/labestiadeportiva.com\/lbd\/wp-json\/wp\/v2\/media\/22456"}],"wp:attachment":[{"href":"https:\/\/labestiadeportiva.com\/lbd\/wp-json\/wp\/v2\/media?parent=22452"}],"wp:term":[{"taxonomy":"category","embeddable":true,"href":"https:\/\/labestiadeportiva.com\/lbd\/wp-json\/wp\/v2\/categories?post=22452"},{"taxonomy":"post_tag","embeddable":true,"href":"https:\/\/labestiadeportiva.com\/lbd\/wp-json\/wp\/v2\/tags?post=22452"}],"curies":[{"name":"wp","href":"https:\/\/api.w.org\/{rel}","templated":true}]}}