{"id":22480,"date":"2016-12-01T14:37:18","date_gmt":"2016-12-01T17:37:18","guid":{"rendered":"http:\/\/labestiadeportiva.com\/lbd\/?p=22480"},"modified":"2016-12-01T20:49:42","modified_gmt":"2016-12-01T23:49:42","slug":"belgrano-se-despidio-de-la-copa-argentina","status":"publish","type":"post","link":"https:\/\/labestiadeportiva.com\/lbd\/belgrano-se-despidio-de-la-copa-argentina\/","title":{"rendered":"Belgrano se despidi\u00f3 de la Copa Argentina"},"content":{"rendered":"<figure id=\"attachment_22481\" aria-describedby=\"caption-attachment-22481\" style=\"width: 300px\" class=\"wp-caption aligncenter\"><a href=\"http:\/\/labestiadeportiva.com\/lbd\/wp-content\/uploads\/2016\/12\/Foto-Mundo-D.jpg\"><img loading=\"lazy\" class=\"size-medium wp-image-22481\" src=\"http:\/\/labestiadeportiva.com\/lbd\/wp-content\/uploads\/2016\/12\/Foto-Mundo-D-300x171.jpg\" alt=\"Cr\u00e9dito de foto: Mundo D\" width=\"300\" height=\"171\" srcset=\"https:\/\/labestiadeportiva.com\/lbd\/wp-content\/uploads\/2016\/12\/Foto-Mundo-D-300x171.jpg 300w, https:\/\/labestiadeportiva.com\/lbd\/wp-content\/uploads\/2016\/12\/Foto-Mundo-D.jpg 642w\" sizes=\"(max-width: 300px) 100vw, 300px\" \/><\/a><figcaption id=\"caption-attachment-22481\" class=\"wp-caption-text\">Cr\u00e9dito de foto: Mundo D<\/figcaption><\/figure>\n<p><strong>Por Mart\u00edn Velasco (Corresponsal LBD en C\u00f3rdoba). El Pirata qued\u00f3 eliminado tras caer 2-0 ante Rosario Central en una de las semifinales de la competici\u00f3n. Marco Ruben y Walter Montoya anotaron los goles del Canalla, que espera en la final por Gimnasia o River.<\/strong><!--more--><\/p>\n<p>Formosa fue la sede del partido, que recibi\u00f3 a los m\u00e1s de 4000 hinchas Celestes ilusionados con revertir la mala imagen que ven\u00eda mostrando los de Alberdi en un 2016 esquivo, quedando afuera de la Copa Sudamericana en C\u00f3rdoba frente al modesto Coritiba y penando en el fondo de la tabla dentro del torneo local. Pese a eso, la Copa Argentina se manten\u00eda como el principal objetivo para este grupo de jugadores y el nuevo cuerpo t\u00e9cnico encabezado por Leonardo Carol Madel\u00f3n.<\/p>\n<p>En la primera mitad se vio al mejor Belgrano, imponiendo presi\u00f3n alta en la salida rival y tratando de cortar los circuitos de juego del buen equipo rosarino. Antes de los cinco minutos derribaron a Federico L\u00e9rtora entrando al \u00e1rea pero el \u00e1rbitro Bali\u00f1o omiti\u00f3 la acci\u00f3n, en lo que hubiese sido una chance clara para abrir el marcador. Luego tambi\u00e9n la tuvo Vel\u00e1zquez, pero su remate se fue desviado.<\/p>\n<p>Cuando se mor\u00eda la etapa inicial lleg\u00f3 la jugada que modificar\u00eda el rumbo del encuentro. Guillermo Farr\u00e9, quien hab\u00eda sido golpeado sin pelota minutos atr\u00e1s (los jueces no advirtieron la agresi\u00f3n), fue duramente al piso contra Te\u00f3filo Guti\u00e9rrez y vio la tarjeta roja. Iban 44` y el Pirata se quedaba con uno menos para lo que ven\u00eda.<\/p>\n<p>El complemento fue totalmente distinto, con Belgrano obligado a rearmarse en mitad de cancha (Mat\u00edas Su\u00e1rez pas\u00f3 de mediocampista derecho) y tratando de aguantar los embates Canallas para generar alg\u00fan contragolpe, o apostar a la pelota parada. Todo ese plan se vino abajo cuando luego de un despeje desde el fondo, Guti\u00e9rrez sac\u00f3 un centro desde la derecha y Marco Ruben la empuj\u00f3 debajo del arco. Era 1-0 en 26` y todo cuesta arriba.<\/p>\n<p>Pese a la inferioridad n\u00famerica y el resultado adverso la B fue en busca de la igualdad, con m\u00e1s empuje que f\u00fatbol. Cayeron centros al \u00e1rea de Sebasti\u00e1n Sosa pero ninguno logr\u00f3 generar mucho peligro. Sobre el cierre, cuando el reloj indicaba 47`, Rosario Central\u00a0 propin\u00f3 el golpe de KO: Teo habilit\u00f3 a Montoya, quien defini\u00f3 con zurda tras superar a Olave.<\/p>\n<p>El 2-0 marc\u00f3 la clasificaci\u00f3n de Rosario Central a la final por tercer a\u00f1o consecutivo, dejando a Belgrano sin la chance de jugar el partido decisivo. La otra llave, integrada por River y Gimnasia, definir\u00e1 al finalista restante este jueves por la noche.<\/p>\n<h2>RESUMEN Y GOLES<\/h2>\n<p><iframe loading=\"lazy\" src=\"https:\/\/www.youtube.com\/embed\/k55WY9DNDbg\" width=\"560\" height=\"315\" frameborder=\"0\" allowfullscreen=\"allowfullscreen\"><\/iframe><\/p>\n<div class='epvc-post-count'><span class='epvc-eye'><\/span>  <span class=\"epvc-count\"> 1.468<\/span><span class='epvc-label'> veces le\u00edda<\/span><\/div>\n<div class=\"jwsharethis\">\nShare this: \n<br \/>\n<a href=\"mailto:?subject=Belgrano%20se%20despidi%C3%B3%20de%20la%20Copa%20Argentina&amp;body=https%3A%2F%2Flabestiadeportiva.com%2Flbd%2Fbelgrano-se-despidio-de-la-copa-argentina%2F\">\n<img src=\"https:\/\/labestiadeportiva.com\/lbd\/wp-content\/plugins\/jw-share-this\/email.png\" alt=\"Share this page via Email\" \/>\n<\/a>\n<a target=\"_blank\" href=\"http:\/\/www.stumbleupon.com\/submit?url=https%3A%2F%2Flabestiadeportiva.com%2Flbd%2Fbelgrano-se-despidio-de-la-copa-argentina%2F&amp;title=Belgrano+se+despidi%C3%B3+de+la+Copa+Argentina\">\n<img src=\"https:\/\/labestiadeportiva.com\/lbd\/wp-content\/plugins\/jw-share-this\/su.png\" alt=\"Share this page via Stumble Upon\" \/>\n<\/a>\n<a target=\"_blank\" href=\"http:\/\/digg.com\/submit?url=https%3A%2F%2Flabestiadeportiva.com%2Flbd%2Fbelgrano-se-despidio-de-la-copa-argentina%2F&amp;title=Belgrano+se+despidi%C3%B3+de+la+Copa+Argentina\">\n<img src=\"https:\/\/labestiadeportiva.com\/lbd\/wp-content\/plugins\/jw-share-this\/digg.png\" alt=\"Share this page via Digg this\" \/>\n<\/a>\n<a target=\"_blank\" href=\"http:\/\/www.facebook.com\/sharer.php?u=https%3A%2F%2Flabestiadeportiva.com%2Flbd%2Fbelgrano-se-despidio-de-la-copa-argentina%2F&amp;t=Belgrano+se+despidi%C3%B3+de+la+Copa+Argentina\">\n<img src=\"https:\/\/labestiadeportiva.com\/lbd\/wp-content\/plugins\/jw-share-this\/fb.png\" alt=\"Share this page via Facebook\" \/>\n<\/a>\n<a target=\"_blank\" href=\"http:\/\/twitter.com\/intent\/tweet?text=I+like+https%3A%2F%2Flabestiadeportiva.com%2Flbd%2Fbelgrano-se-despidio-de-la-copa-argentina%2F&amp;title=Belgrano+se+despidi%C3%B3+de+la+Copa+Argentina\">\n<img src=\"https:\/\/labestiadeportiva.com\/lbd\/wp-content\/plugins\/jw-share-this\/twitter.png\" alt=\"Share this page via Twitter\" \/>\n<\/a>\n<\/div>\n","protected":false},"excerpt":{"rendered":"<p>Por Mart\u00edn Velasco (Corresponsal LBD en C\u00f3rdoba). El Pirata qued\u00f3 eliminado tras caer 2-0 ante Rosario Central en una de las semifinales de la competici\u00f3n. Marco Ruben y Walter Montoya anotaron los goles del Canalla, que espera en la final por Gimnasia o River. 1.468 veces le\u00edda Share this:<\/p>\n","protected":false},"author":1,"featured_media":22481,"comment_status":"open","ping_status":"open","sticky":false,"template":"","format":"standard","meta":[],"categories":[6,393,1],"tags":[2883,1230,387,2884,1801,2051,1243],"_links":{"self":[{"href":"https:\/\/labestiadeportiva.com\/lbd\/wp-json\/wp\/v2\/posts\/22480"}],"collection":[{"href":"https:\/\/labestiadeportiva.com\/lbd\/wp-json\/wp\/v2\/posts"}],"about":[{"href":"https:\/\/labestiadeportiva.com\/lbd\/wp-json\/wp\/v2\/types\/post"}],"author":[{"embeddable":true,"href":"https:\/\/labestiadeportiva.com\/lbd\/wp-json\/wp\/v2\/users\/1"}],"replies":[{"embeddable":true,"href":"https:\/\/labestiadeportiva.com\/lbd\/wp-json\/wp\/v2\/comments?post=22480"}],"version-history":[{"count":3,"href":"https:\/\/labestiadeportiva.com\/lbd\/wp-json\/wp\/v2\/posts\/22480\/revisions"}],"predecessor-version":[{"id":22484,"href":"https:\/\/labestiadeportiva.com\/lbd\/wp-json\/wp\/v2\/posts\/22480\/revisions\/22484"}],"wp:featuredmedia":[{"embeddable":true,"href":"https:\/\/labestiadeportiva.com\/lbd\/wp-json\/wp\/v2\/media\/22481"}],"wp:attachment":[{"href":"https:\/\/labestiadeportiva.com\/lbd\/wp-json\/wp\/v2\/media?parent=22480"}],"wp:term":[{"taxonomy":"category","embeddable":true,"href":"https:\/\/labestiadeportiva.com\/lbd\/wp-json\/wp\/v2\/categories?post=22480"},{"taxonomy":"post_tag","embeddable":true,"href":"https:\/\/labestiadeportiva.com\/lbd\/wp-json\/wp\/v2\/tags?post=22480"}],"curies":[{"name":"wp","href":"https:\/\/api.w.org\/{rel}","templated":true}]}}