{"id":22593,"date":"2016-12-13T18:58:30","date_gmt":"2016-12-13T21:58:30","guid":{"rendered":"http:\/\/labestiadeportiva.com\/lbd\/?p=22593"},"modified":"2016-12-13T18:58:30","modified_gmt":"2016-12-13T21:58:30","slug":"gran-velada-en-campolter","status":"publish","type":"post","link":"https:\/\/labestiadeportiva.com\/lbd\/gran-velada-en-campolter\/","title":{"rendered":"Gran velada en Campolter"},"content":{"rendered":"<p><a href=\"http:\/\/labestiadeportiva.com\/lbd\/wp-content\/uploads\/2016\/12\/15541584_10209100988375159_7321389015884033286_n.jpg\"><img loading=\"lazy\" class=\"alignleft size-medium wp-image-22594\" src=\"http:\/\/labestiadeportiva.com\/lbd\/wp-content\/uploads\/2016\/12\/15541584_10209100988375159_7321389015884033286_n-300x200.jpg\" alt=\"15541584_10209100988375159_7321389015884033286_n\" width=\"300\" height=\"200\" srcset=\"https:\/\/labestiadeportiva.com\/lbd\/wp-content\/uploads\/2016\/12\/15541584_10209100988375159_7321389015884033286_n-300x200.jpg 300w, https:\/\/labestiadeportiva.com\/lbd\/wp-content\/uploads\/2016\/12\/15541584_10209100988375159_7321389015884033286_n.jpg 960w\" sizes=\"(max-width: 300px) 100vw, 300px\" \/><\/a>S\u00e1bado y domingo de actividades para el Kick Boxing. Con la organizaci\u00f3n de \u201cHuerfanos Figth Team\u201d se organiz\u00f3 \u201cLegends\u201d, jornada deportiva que cont\u00f3 con trece combates y tres copas en juego. Cerca de 1.000 personal colmaron el reducto policial en la tarde noche dominguera. Ari Hermann se adjudic\u00f3 el t\u00edtulo argentino en la categor\u00eda semi profesional. La foto principal es gentileza de Ariel Contreras.<!--more--><\/p>\n<p><a href=\"http:\/\/labestiadeportiva.com\/lbd\/wp-content\/uploads\/2016\/12\/MG_4813.jpg\"><img loading=\"lazy\" class=\"aligncenter size-medium wp-image-22595\" src=\"http:\/\/labestiadeportiva.com\/lbd\/wp-content\/uploads\/2016\/12\/MG_4813-300x164.jpg\" alt=\"_mg_4813\" width=\"300\" height=\"164\" srcset=\"https:\/\/labestiadeportiva.com\/lbd\/wp-content\/uploads\/2016\/12\/MG_4813-300x164.jpg 300w, https:\/\/labestiadeportiva.com\/lbd\/wp-content\/uploads\/2016\/12\/MG_4813-1024x558.jpg 1024w, https:\/\/labestiadeportiva.com\/lbd\/wp-content\/uploads\/2016\/12\/MG_4813.jpg 1172w\" sizes=\"(max-width: 300px) 100vw, 300px\" \/><\/a>Con varios meses de organizaci\u00f3n previa y la cara visible de Gerardo Gonz\u00e1lez se realizaron en nuestra ciudad 48 horas a puro kick boxing. Todo comenz\u00f3 en el shopping \u201cPaseo del Fuego\u201d con el pesaje de los peleadores y conferencia de prensa.<\/p>\n<p>Ya el domingo en el gimnasio de Campolter, ubicado en el barrio 640 Viviendas, minutos despu\u00e9s de las seis de la tarde se abrieron las puertas para que el p\u00fablico comenzara a acomodarse en el lugar.<\/p>\n<p><a href=\"http:\/\/labestiadeportiva.com\/lbd\/wp-content\/uploads\/2016\/12\/MG_4820.jpg\"><img loading=\"lazy\" class=\"aligncenter size-medium wp-image-22596\" src=\"http:\/\/labestiadeportiva.com\/lbd\/wp-content\/uploads\/2016\/12\/MG_4820-300x200.jpg\" alt=\"_mg_4820\" width=\"300\" height=\"200\" srcset=\"https:\/\/labestiadeportiva.com\/lbd\/wp-content\/uploads\/2016\/12\/MG_4820-300x200.jpg 300w, https:\/\/labestiadeportiva.com\/lbd\/wp-content\/uploads\/2016\/12\/MG_4820.jpg 800w\" sizes=\"(max-width: 300px) 100vw, 300px\" \/><\/a>Gran puesta en escena donde no qued\u00f3 nada librado al azar. El presentador fue anunciando cada uno de los choques, que finalmente fueron trece. Las copas \u201cLeyends Amateur\u201d, \u201cLeyens Semi Profesional\u201d y \u201cH\u00e9roes de Malvinas\u201d en juego a lo que se agreg\u00f3 el t\u00edtulo argentino de la Asociaci\u00f3n Sudamericana \u201cCobra Thai\u201d.<\/p>\n<p>En lo estrictamente deportivo, empate de Luciano Caro, Federico Moreno en su primera pelea gan\u00f3 por decisi\u00f3n un\u00e1nime, Lautaro Esperanza venci\u00f3 en decisi\u00f3n dividida, Carlos Rosales triunf\u00f3 por decisi\u00f3n un\u00e1nime, Lucas Pierotti se impuso por decisi\u00f3n dividida, Ana Olano gan\u00f3 por KO, Esteban Reinoso empat\u00f3 su pelea.<\/p>\n<p><a href=\"http:\/\/labestiadeportiva.com\/lbd\/wp-content\/uploads\/2016\/12\/MG_4823.jpg\"><img loading=\"lazy\" class=\"aligncenter size-medium wp-image-22597\" src=\"http:\/\/labestiadeportiva.com\/lbd\/wp-content\/uploads\/2016\/12\/MG_4823-274x300.jpg\" alt=\"_mg_4823\" width=\"274\" height=\"300\" srcset=\"https:\/\/labestiadeportiva.com\/lbd\/wp-content\/uploads\/2016\/12\/MG_4823-274x300.jpg 274w, https:\/\/labestiadeportiva.com\/lbd\/wp-content\/uploads\/2016\/12\/MG_4823.jpg 600w\" sizes=\"(max-width: 274px) 100vw, 274px\" \/><\/a>Asimismo Federico Moreno en decisi\u00f3n dividida se qued\u00f3 con la copa \u201cH\u00e9roes de Malvinas\u201d, Gustavo Hager cay\u00f3 por KO en el 2\u00ba round en la definici\u00f3n de la copa \u201cLegends Amateur\u201d, Daniel \u201cCata\u201d Zu\u00f1iga perdi\u00f3 por decisi\u00f3n dividida la copa \u201cLegends Semi Profesional\u201d mientras que Ari \u201cEl Pirata\u201d Hermann se qued\u00f3 con el t\u00edtulo argentino en decisi\u00f3n dividida en el segmento semi profesional.<\/p>\n<p>LBD estuvo all\u00ed y se contact\u00f3 brevemente con Gerardo Gonz\u00e1lez quien se mostr\u00f3 exultante y nos dijo:<span style=\"color: #0000ff;\"> \u201cLa verdad que superamos las expectativas. Hace varios meses que estamos proyectando esto. La idea es mostrar cada vez m\u00e1s nuestro deporte, que no es solo dos personas peg\u00e1ndose en un ring. Quiero agradecer a todos los que colaboraron para que esto sea posible, al p\u00fablico que dio un rotundo s\u00ed con su presencia y a los peleadores locales como as\u00ed tambi\u00e9n los que hicieron el sacrificio de visitarnos.\u201d<\/span><\/p>\n<p><a href=\"http:\/\/labestiadeportiva.com\/lbd\/wp-content\/uploads\/2016\/12\/MG_4826.jpg\"><img loading=\"lazy\" class=\"aligncenter size-medium wp-image-22598\" src=\"http:\/\/labestiadeportiva.com\/lbd\/wp-content\/uploads\/2016\/12\/MG_4826-300x145.jpg\" alt=\"_mg_4826\" width=\"300\" height=\"145\" srcset=\"https:\/\/labestiadeportiva.com\/lbd\/wp-content\/uploads\/2016\/12\/MG_4826-300x145.jpg 300w, https:\/\/labestiadeportiva.com\/lbd\/wp-content\/uploads\/2016\/12\/MG_4826.jpg 800w\" sizes=\"(max-width: 300px) 100vw, 300px\" \/><\/a><\/p>\n<div class='epvc-post-count'><span class='epvc-eye'><\/span>  <span class=\"epvc-count\"> 1.209<\/span><span class='epvc-label'> veces le\u00edda<\/span><\/div>\n<div class=\"jwsharethis\">\nShare this: \n<br \/>\n<a href=\"mailto:?subject=Gran%20velada%20en%20Campolter&amp;body=https%3A%2F%2Flabestiadeportiva.com%2Flbd%2Fgran-velada-en-campolter%2F\">\n<img src=\"https:\/\/labestiadeportiva.com\/lbd\/wp-content\/plugins\/jw-share-this\/email.png\" alt=\"Share this page via Email\" \/>\n<\/a>\n<a target=\"_blank\" href=\"http:\/\/www.stumbleupon.com\/submit?url=https%3A%2F%2Flabestiadeportiva.com%2Flbd%2Fgran-velada-en-campolter%2F&amp;title=Gran+velada+en+Campolter\">\n<img src=\"https:\/\/labestiadeportiva.com\/lbd\/wp-content\/plugins\/jw-share-this\/su.png\" alt=\"Share this page via Stumble Upon\" \/>\n<\/a>\n<a target=\"_blank\" href=\"http:\/\/digg.com\/submit?url=https%3A%2F%2Flabestiadeportiva.com%2Flbd%2Fgran-velada-en-campolter%2F&amp;title=Gran+velada+en+Campolter\">\n<img src=\"https:\/\/labestiadeportiva.com\/lbd\/wp-content\/plugins\/jw-share-this\/digg.png\" alt=\"Share this page via Digg this\" \/>\n<\/a>\n<a target=\"_blank\" href=\"http:\/\/www.facebook.com\/sharer.php?u=https%3A%2F%2Flabestiadeportiva.com%2Flbd%2Fgran-velada-en-campolter%2F&amp;t=Gran+velada+en+Campolter\">\n<img src=\"https:\/\/labestiadeportiva.com\/lbd\/wp-content\/plugins\/jw-share-this\/fb.png\" alt=\"Share this page via Facebook\" \/>\n<\/a>\n<a target=\"_blank\" href=\"http:\/\/twitter.com\/intent\/tweet?text=I+like+https%3A%2F%2Flabestiadeportiva.com%2Flbd%2Fgran-velada-en-campolter%2F&amp;title=Gran+velada+en+Campolter\">\n<img src=\"https:\/\/labestiadeportiva.com\/lbd\/wp-content\/plugins\/jw-share-this\/twitter.png\" alt=\"Share this page via Twitter\" \/>\n<\/a>\n<\/div>\n","protected":false},"excerpt":{"rendered":"<p>S\u00e1bado y domingo de actividades para el Kick Boxing. Con la organizaci\u00f3n de \u201cHuerfanos Figth Team\u201d se organiz\u00f3 \u201cLegends\u201d, jornada deportiva que cont\u00f3 con trece combates y tres copas en juego. Cerca de 1.000 personal colmaron el reducto policial en la tarde noche dominguera. Ari Hermann se adjudic\u00f3 el t\u00edtulo argentino en la categor\u00eda semi &hellip; <a href=\"https:\/\/labestiadeportiva.com\/lbd\/gran-velada-en-campolter\/\" class=\"more-link\">Seguir leyendo <span class=\"screen-reader-text\">Gran velada en Campolter<\/span> <span class=\"meta-nav\">&rarr;<\/span><\/a><\/p>\n","protected":false},"author":1,"featured_media":22594,"comment_status":"open","ping_status":"open","sticky":false,"template":"","format":"standard","meta":[],"categories":[5,6,2241,1],"tags":[1443,83,2895],"_links":{"self":[{"href":"https:\/\/labestiadeportiva.com\/lbd\/wp-json\/wp\/v2\/posts\/22593"}],"collection":[{"href":"https:\/\/labestiadeportiva.com\/lbd\/wp-json\/wp\/v2\/posts"}],"about":[{"href":"https:\/\/labestiadeportiva.com\/lbd\/wp-json\/wp\/v2\/types\/post"}],"author":[{"embeddable":true,"href":"https:\/\/labestiadeportiva.com\/lbd\/wp-json\/wp\/v2\/users\/1"}],"replies":[{"embeddable":true,"href":"https:\/\/labestiadeportiva.com\/lbd\/wp-json\/wp\/v2\/comments?post=22593"}],"version-history":[{"count":1,"href":"https:\/\/labestiadeportiva.com\/lbd\/wp-json\/wp\/v2\/posts\/22593\/revisions"}],"predecessor-version":[{"id":22599,"href":"https:\/\/labestiadeportiva.com\/lbd\/wp-json\/wp\/v2\/posts\/22593\/revisions\/22599"}],"wp:featuredmedia":[{"embeddable":true,"href":"https:\/\/labestiadeportiva.com\/lbd\/wp-json\/wp\/v2\/media\/22594"}],"wp:attachment":[{"href":"https:\/\/labestiadeportiva.com\/lbd\/wp-json\/wp\/v2\/media?parent=22593"}],"wp:term":[{"taxonomy":"category","embeddable":true,"href":"https:\/\/labestiadeportiva.com\/lbd\/wp-json\/wp\/v2\/categories?post=22593"},{"taxonomy":"post_tag","embeddable":true,"href":"https:\/\/labestiadeportiva.com\/lbd\/wp-json\/wp\/v2\/tags?post=22593"}],"curies":[{"name":"wp","href":"https:\/\/api.w.org\/{rel}","templated":true}]}}