{"id":22600,"date":"2016-12-14T01:21:02","date_gmt":"2016-12-14T04:21:02","guid":{"rendered":"http:\/\/labestiadeportiva.com\/lbd\/?p=22600"},"modified":"2016-12-14T18:37:16","modified_gmt":"2016-12-14T21:37:16","slug":"jorge-newbery-de-oro-para-ala-audiovideo","status":"publish","type":"post","link":"https:\/\/labestiadeportiva.com\/lbd\/jorge-newbery-de-oro-para-ala-audiovideo\/","title":{"rendered":"\u201cJorge Newbery\u201d de Oro para \u201cAla\u201d (Audio\/Video)"},"content":{"rendered":"<p><a href=\"http:\/\/labestiadeportiva.com\/lbd\/wp-content\/uploads\/2016\/12\/15390832_1305536646179534_3291857165414740415_n.jpg\"><img loading=\"lazy\" class=\"alignleft size-full wp-image-22601\" src=\"http:\/\/labestiadeportiva.com\/lbd\/wp-content\/uploads\/2016\/12\/15390832_1305536646179534_3291857165414740415_n.jpg\" alt=\"15390832_1305536646179534_3291857165414740415_n\" width=\"251\" height=\"244\" \/><\/a>El jugador ushuaiense Alamiro Vaporaki se qued\u00f3 este lunes por la noche con el m\u00e1ximo galard\u00f3n de los premios otorgados en la Ciudad Aut\u00f3noma de Buenos Aires. Por primera vez el futsal recibe tama\u00f1o reconocimiento. Desde LBD nos contactamos con el fueguino quien se encuentra en la provincia de La Rioja junto a su equipo Boca Juniors. Compartimos parte de sus declaraciones agradeciendo el material a los colegas de TVP Deportes.<!--more--><\/p>\n<p><iframe loading=\"lazy\" width=\"560\" height=\"315\" src=\"https:\/\/www.youtube.com\/embed\/lMMXdx2sRQk\" frameborder=\"0\" allowfullscreen><\/iframe><\/p>\n<p>Premios \u201cJorge Newbery\u201d 2016<br \/>\nTodos los ternados por la Subsecretar\u00eda de Deportes del Gobierno de la Ciudad<br \/>\n<span style=\"color: #0000ff;\">FEDERACI\u00d3N METROPOLITANA DE AJEDREZ<\/span><br \/>\nLUCAS LIASCOVICH ERNESTO JULIA JUANA RUEDA NESSI<br \/>\n<span style=\"color: #0000ff;\">FEDERACI\u00d3N METROPOLITANA DE ARTE MARCIAL CHINO WU SHU<\/span><br \/>\nDIEGO ZAGORDO &#8211; MIGUEL FERN\u00c1NDEZ &#8211; MIRIAM CANEPA<br \/>\n<span style=\"color: #0000ff;\">FEDERACI\u00d3N ATL\u00c9TICA METROPOLITANA<\/span><br \/>\nFIORELLA CHIAPPE MADSEN &#8211; DANIEL LONDERO &#8211; JOAQU\u00cdN G\u00d3MEZ<br \/>\n<span style=\"color: #0000ff;\">COMISI\u00d3N DEPORTIVA AUTOMOV\u00cdLISTICA DEL AUT\u00d3MOVIL CLUB ARGENTINO<\/span><br \/>\nAGUST\u00cdN CANAPINO &#8211; MAT\u00cdAS FERN\u00c1NDEZ &#8211; EMANUEL MORIATIS<br \/>\n<span style=\"color: #0000ff;\">FEDERACI\u00d3N DE B\u00c1DMINTON DE LA REP\u00daBLICA ARGENTINA<\/span><br \/>\nFEDERICO D\u00cdAZ &#8211; B\u00c1RBARA BERRUEZO &#8211; PABLO MACAGNO<br \/>\n<span style=\"color: #0000ff;\">FEDERACI\u00d3N METROPOLITANA DE BALONMANO<\/span><br \/>\nFEDERICO FERN\u00c1NDEZ &#8211; FEDERICO PIZARRO &#8211; ROC\u00cdO CAMPIGLI<br \/>\n<span style=\"color: #0000ff;\">ASOCIACI\u00d3N FEMENINA METROPOLITANA DE B\u00c1SQUETBOL<\/span><br \/>\nFLORENCIA CHAGAS &#8211; SOF\u00cdA ACEVEDO &#8211; LUCIANA DELABARBA<br \/>\n<span style=\"color: #0000ff;\">FEDERACI\u00d3N DE B\u00c1SQUETBOL DEL \u00c1REA METROPOLITANA DE BUENOS AIRES<\/span><br \/>\nFERNANDO ZURBRIGGEN &#8211; M\u00c1XIMO MILOVICH &#8211; TOM\u00c1S COLLOCA<br \/>\n<span style=\"color: #0000ff;\">LIGA METROPOLITANA DE B\u00c9ISBOL<\/span><br \/>\nJULI\u00c1N PEDROUZO &#8211; AGUST\u00cdN FIGUERAS &#8211; FELIPE BRITOS<br \/>\n<span style=\"color: #0000ff;\">FEDERACI\u00d3N ARGENTINA DE BOCHAS<\/span><br \/>\nEDUARDO ENRIQUE AGRA &#8211; ORLANDO FERN\u00c1NDEZ &#8211; NICOL\u00c1S MUSTENZO<br \/>\n<span style=\"color: #0000ff;\">FEDERACI\u00d3N METROPOLITANA DE BOWLING<\/span><br \/>\nFRANCO SCARFONE &#8211; CLARA RIVERO &#8211; CINTHYA ALCOBA<br \/>\n<span style=\"color: #0000ff;\">FEDERACI\u00d3N ARGENTINA DE BOXEO<\/span><br \/>\nALBERTO MELI\u00c1N &#8211; YAMIL PERALTA &#8211; FERNANDO MART\u00cdNEZ<br \/>\n<span style=\"color: #0000ff;\">FEDERACI\u00d3N ARGENTINA DE CANOAS<\/span><br \/>\nSEBASTI\u00c1N ROSSI &#8211; DANIEL DAL B\u00d3, JUAN IGNACIO C\u00c1CERES, GONZALO CARRERAS Y PABLO DE TORRES &#8211; SABRINA AMEGHINO, ALEXANDRA KERESZTESI, MAGDALENA CARRO Y BRENDA ROJAS<br \/>\n<span style=\"color: #0000ff;\">FEDERACI\u00d3N DE CESTOBALL DE CAPITAL FEDERAL<\/span><br \/>\nPAULA FERRARO &#8211; MAR\u00cdA CECILIA LABAKE &#8211; MAR\u00cdA BEL\u00c9N LADOGANA<br \/>\n<span style=\"color: #0000ff;\">ASOCIACI\u00d3N METROPOLITANA DE CICLISMO<\/span><br \/>\nTOM\u00c1S CONTE &#8211; PABLO PERRUCHOUD &#8211; FRANCISCO LOMBARDO<br \/>\n<span style=\"color: #0000ff;\">ASOCIACI\u00d3N ARGENTINA DE CRICKET<\/span><br \/>\nLAUTARO MUSIANI &#8211; PABLO FERGUSON &#8211; MARTINA DEL VALLE<br \/>\n<span style=\"color: #0000ff;\">FEDERACI\u00d3N ARGENTINA DE DEPORTES CON PAR\u00c1LISIS CEREBRAL<\/span><br \/>\nSEBASTI\u00c1N GONZ\u00c1LEZ (boccia) &#8211; MAT\u00cdAS FERN\u00c1NDEZ (f\u00fatbol 7) &#8211; FERNANDO CARLOMAGNO (nataci\u00f3n)<br \/>\n<span style=\"color: #0000ff;\">FEDERACI\u00d3N ARGENTINA DE DEPORTES PARA CIEGOS<\/span><br \/>\nLOS MURCI\u00c9LAGOS (f\u00fatbol) &#8211; GERM\u00c1N MULECK (f\u00fatbol) &#8211; ANABEL MORO (nataci\u00f3n)<br \/>\n<span style=\"color: #0000ff;\">CONFEDERACI\u00d3N ARGENTINA DEPORTIVA DE SORDOS<\/span><br \/>\nEMANUEL LLANOS (nataci\u00f3n) &#8211; BEL\u00c9N CUBURU (voleibol) &#8211; MIGUEL MACIEL (futsal)<br \/>\n<span style=\"color: #0000ff;\">FEDERACI\u00d3N ARGENTINA DE DEPORTES SOBRE SILLA DE RUEDAS<\/span><br \/>\nFACUNDO ARREGUI (nataci\u00f3n) &#8211; DANIELA GIM\u00c9NEZ (nataci\u00f3n) &#8211; JONATHAN AVELLANEDA (atletismo)<br \/>\nFEDERACI\u00d3N ECUESTRE ARGENTINA<br \/>\nEZEQUIEL DAPONTE &#8211; LEANDRO MOSCHINI &#8211; C\u00c9SAR LOPARDO GRANA<br \/>\n<span style=\"color: #0000ff;\">FEDERACI\u00d3N DE ESGRIMA DE LA CIUDAD DE BUENOS AIRES<\/span><br \/>\nMAR\u00cdA BEL\u00c9N P\u00c9REZ MAURICE &#8211; ST\u00c9FANO IV\u00c1N LUCCHETTI &#8211; EQUIPO DE SABLE MASCULINO (RICARDO BUSTAMANTE, STEFANO LUCCHETTI, PASCUAL MAR\u00cdA DI TELLA Y MART\u00cdN LORA GR\u00dcNWALDT)<br \/>\n<span style=\"color: #0000ff;\">FEDERACI\u00d3N ARGENTINA DE ESQU\u00cd N\u00c1UTICO Y WAKEBOARD<\/span><br \/>\nPATRICIO ZOHAR \u00c1LVAREZ &#8211; EUGENIA DE ARMAS &#8211; KAI DITSCH<br \/>\n<span style=\"color: #0000ff;\">ASOCIACI\u00d3N DEL F\u00daTBOL ARGENTINO (AFA) F\u00daTBOL FEMENINO<\/span><br \/>\nYAEL OVIEDO &#8211; FLORENCIA QUI\u00d1ONEZ &#8211; MERCEDES PEREYRA<br \/>\n<span style=\"color: #0000ff;\">ASOCIACI\u00d3N ARGENTINA DE F\u00daTBOL (AFA) F\u00daTBOL MASCULINO<\/span><br \/>\nANDR\u00c9S D&#8217;ALESSANDRO &#8211; SEBASTI\u00c1N TORRICO &#8211; N\u00c9STOR ORTIGOZA<br \/>\n<span style=\"color: #0000ff;\">ASOCIACI\u00d3N DEL F\u00daTBOL ARGENTINO (AFA) FUTSAL FEMENINO<\/span><br \/>\nCARMEN BRUSCA &#8211; AILYN RODR\u00cdGUEZ &#8211; LUCRECIA MORRA<br \/>\n<span style=\"color: #0000ff;\">ASOCIACI\u00d3N DEL F\u00daTBOL ARGENTINO (AFA) FUTSAL MASCULINO<\/span><br \/>\n<span style=\"color: #ff0000;\">ALAMIRO VAPORAKI TELLO<\/span> &#8211; DAMI\u00c1N STAZZONE ALVAREZ &#8211; CONSTANTINO VAPORAKI TELLO<br \/>\n<span style=\"color: #0000ff;\">ASOCIACI\u00d3N METROPOLITANA DE F\u00daTBOL DE SAL\u00d3N<\/span><br \/>\nJUAN MANUEL MU\u00d1OZ &#8211; AGUST\u00cdN LEIVA &#8211; IGNACIO SCOCCO<br \/>\n<span style=\"color: #0000ff;\">FEDERACI\u00d3N METROPOLITANA DE GIMNASIA<\/span><br \/>\nMARTINA DOMINICI &#8211; MICAELA HERB\u00d3N &#8211; DANIEL \u00c1NGEL VILLAFA\u00d1E<br \/>\n<span style=\"color: #0000ff;\">ASOCIACI\u00d3N ARGENTINA DE GOLF<\/span><br \/>\nELA ANACONA &#8211; ANDR\u00c9S GALLEGOS &#8211; AGUSTINA ZEBALLOS<br \/>\n<span style=\"color: #0000ff;\">ASOCIACI\u00d3N AMATEUR DE HOCKEY DE BUENOS AIRES<\/span><br \/>\nNICOL\u00c1S DELLA TORRE &#8211; SANTIAGO CAMACHO PANDO &#8211; SANTIAGO SARTO<br \/>\n<span style=\"color: #0000ff;\">FEDERACI\u00d3N ARGENTINA DE HOCKEY SOBRE HIELO<\/span><br \/>\nCELESTE PROVENZANO &#8211; IV\u00c1N SCHVARTZMAN &#8211; FACUNDO CASASOLA<br \/>\n<span style=\"color: #0000ff;\">FEDERACI\u00d3N METROPOLITANA DE JUDO<\/span><br \/>\nABI CARDOZO &#8211; LUIS VEGA P\u00c9REZ &#8211; YOAV ABRAMSON<br \/>\n<span style=\"color: #0000ff;\">FEDERACI\u00d3N DE KARATE DE LA CIUDAD DE BUENOS AIRES<\/span><br \/>\nSEBASTI\u00c1N OLAZARRI &#8211; FRANCO RECOUSO &#8211; YAMILA BEN\u00cdTEZ<br \/>\n<span style=\"color: #0000ff;\">FEDERACI\u00d3N ARGENTINA DE LUCHAS ASOCIADAS<\/span><br \/>\nPATRICIA BERM\u00daDEZ &#8211; DANIEL RODR\u00cdGUEZ &#8211; MERUZHAN NIKOYAN<br \/>\n<span style=\"color: #0000ff;\">FEDERACI\u00d3N DE NATACI\u00d3N DE BUENOS AIRES<\/span><br \/>\nVIRGINIA BARDACH &#8211; MART\u00cdN NAIDICH &#8211; PILAR GEIJO<br \/>\n<span style=\"color: #0000ff;\">FEDERACI\u00d3N ARGENTINA DE NETBALL<\/span><br \/>\nMAGAL\u00cd ALONSO &#8211; ROC\u00cdO BURGU\u00c9Z &#8211; YANINA MERCANCINI<br \/>\n<span style=\"color: #0000ff;\">ASOCIACI\u00d3N METROPOLITANA DE PADEL<\/span><br \/>\nSOF\u00cdA MOLLE &#8211; LEONEL AGUIRRE &#8211; RAMIRO VALENZUELA<br \/>\n<span style=\"color: #0000ff;\">FEDERACI\u00d3N PORTE\u00d1A DE PAT\u00cdN<\/span><br \/>\nANABELLA MENDOZ &#8211; JUAN CRUZ ARALDI &#8211; MICAELA MAGLIOCO<br \/>\n<span style=\"color: #0000ff;\">ASOCIACI\u00d3N DE PATINADORES METROPOLITANOS<\/span><br \/>\nIGNACIO HERN\u00c1N GARC\u00cdA &#8211; VIOLETA CUELLA &#8211; NICOLE URQUIJO<br \/>\n<span style=\"color: #0000ff;\">FEDERACI\u00d3N ARGENTINA DE PATINAJE SOBRE HIELO<\/span><br \/>\nFLORENCIA DIANA LIN &#8211; ANHELINA BOSKO &#8211; VIRGINIA ELISA BUSTOS<br \/>\n<span style=\"color: #0000ff;\">FEDERACI\u00d3N ARGENTINA DE PATO<\/span><br \/>\nSANTIAGO IRIARTE &#8211; SALVADOR GARDELLA &#8211; TOM\u00c1S LI\u00d1EIRO<br \/>\n<span style=\"color: #0000ff;\">FEDERACI\u00d3N METROPOLITANA DE PELOTA<\/span><br \/>\nFACUNDO ANDREASEN &#8211; SANTIAGO ANDREASEN &#8211; SEBASTI\u00c1N ANDREASEN<br \/>\n<span style=\"color: #0000ff;\">FEDERACI\u00d3N ARGENTINA DE PENTATL\u00d3N MODERNO<\/span><br \/>\nEMMANUEL ZAPATA &#8211; IRYNA KHOKHLOVA &#8211; JOHANNA AYEL\u00c9N ZAPATA<br \/>\n<span style=\"color: #0000ff;\">FEDERACI\u00d3N ARGENTINA DE PESAS<\/span><br \/>\nFLORENCIA LEIVA &#8211; FRANCO ROMERO &#8211; SOLEDAD SANTILL\u00c1N<br \/>\n<span style=\"color: #0000ff;\">ASOCIACI\u00d3N ARGENTINA DE POLO<\/span><br \/>\nADOLFO CAMBIASO (H) &#8211; JUAN MART\u00cdN NERO &#8211; FACUNDO PIERES<br \/>\n<span style=\"color: #0000ff;\">UNI\u00d3N DE RUGBY DE BUENOS AIRES<\/span><br \/>\nTOM\u00c1S ROSATI &#8211; TOM\u00c1S DE LA VEGA &#8211; SANTIAGO TSIN<br \/>\n<span style=\"color: #0000ff;\">FEDERACI\u00d3N DE RUGBY ADAPTADO<\/span><br \/>\nNICOL\u00c1S STUPENENGO &#8211; MAT\u00cdAS CARDOZO &#8211; ALEJANDRO L\u00d3PEZ<br \/>\n<span style=\"color: #0000ff;\">ASOCIACI\u00d3N ARGENTINA DE SKATE<\/span><br \/>\nPARIS LAURENTI &#8211; EZEQUIEL LARROSA &#8211; CHRISTIAN BICA<br \/>\n<span style=\"color: #0000ff;\">ASOCIACI\u00d3N DE SOFTBOL DE BUENOS AIRES<\/span><br \/>\nMERCEDES GRIMOLIZZI &#8211; FERNANDA RAINIERI &#8211; GONZALO RODR\u00cdGUEZ<br \/>\n<span style=\"color: #0000ff;\">ASOCIACI\u00d3N METROPOLITANA DE SQUASH<\/span><br \/>\nGONZALO MIRANDA &#8211; ANTONELLA FALCIONE &#8211; IGNACIO GUTI\u00c9RREZ KEEN<br \/>\n<span style=\"color: #0000ff;\">ASOCIACI\u00d3N DE SURF DE BUENOS AIRES<\/span><br \/>\nMANUEL RESANO &#8211; NICOL\u00c1S CARVALHO &#8211; URIEL SPOSARO<br \/>\n<span style=\"color: #0000ff;\">FEDERACI\u00d3N METROPOLITANA DE TAEKWONDO<\/span><br \/>\nCARLA SALINAS &#8211; LEANDRO SOBRINO &#8211; LUIS BELTR\u00c1N Y FEDERICO BEYLEN<br \/>\n<span style=\"color: #0000ff;\">ASOCIACI\u00d3N ARGENTINA DE TENIS<\/span><br \/>\nJUAN MANUEL CERUNDOLO &#8211; ROM\u00c1N BURRUCHAGA &#8211; ANDREA FARULLA DI PALMA<br \/>\n<span style=\"color: #0000ff;\">ASOCIACI\u00d3N METROPOLITANA DE TENIS ADAPTADO<\/span><br \/>\nFACUNDO PALACIO &#8211; ANTONELLA PRALONG &#8211; LUCAS SCARAZZINI<br \/>\n<span style=\"color: #0000ff;\">FEDERACI\u00d3N DE TENIS DE MESA DE BUENOS AIRES<\/span><br \/>\nRODRIGO GILABERT &#8211; LUCAS BAYONA &#8211; ALEXIS ORENCEL<br \/>\n<span style=\"color: #0000ff;\">FEDERACI\u00d3N ARGENTINA DE TENIS DE MESA ADAPTADO<\/span><br \/>\nGISELLE MU\u00d1OZ &#8211; GABRIEL C\u00d3POLA &#8211; MAURO DEP\u00c9RGOLA<br \/>\n<span style=\"color: #0000ff;\">FEDERACI\u00d3N ARGENTINA DE TIRO<\/span><br \/>\nMELISA GIL &#8211; FEDERICO GONZALO GIL &#8211; FERNANDO GAZZOTTI<br \/>\n<span style=\"color: #0000ff;\">FEDERACI\u00d3N ARGENTINA DE TIRO CON ARCO<\/span><br \/>\nIGNACIO ESCALANTE &#8211; XIOMARA PENA VILLAR &#8211; ESTEBAN FRANKE<br \/>\n<span style=\"color: #0000ff;\">FEDERACI\u00d3N ARGENTINA DE TRIATL\u00d3N<\/span><br \/>\nSANTIAGO BELTR\u00c1N &#8211; BRENDA ROSSO &#8211; FLAVIO MORANDINI<br \/>\n<span style=\"color: #0000ff;\">COMISI\u00d3N DE CARRERAS DEL HIP\u00d3DROMO DE PALERMO (TURF)<\/span><br \/>\nFRANCISCO GONCALVES &#8211; PABLO FALERO &#8211; JUAN NORIEGA<br \/>\n<span style=\"color: #0000ff;\">ASOCIACI\u00d3N DE CORREDORES DE TURISMO CARRETERA<\/span><br \/>\nGUILLERMO ORTELLI &#8211; MAT\u00cdAS ROSSI &#8211; MARIANO WERNER<br \/>\n<span style=\"color: #0000ff;\">FEDERACI\u00d3N METROPOLITANA DE VOLEIBOL<\/span><br \/>\nSOL PICCOLO &#8211; MARI\u00c1NGELES COSSAR &#8211; GRACIELA ALLENDE<br \/>\n<span style=\"color: #0000ff;\">FEDERACI\u00d3N DE WATERPOLO DE BUENOS AIRES<\/span><br \/>\nFACUNDO CAMPS &#8211; MACARENA P\u00c9REZ &#8211; LAUTARO ST\u00c1BILE<br \/>\nFEDERACI\u00d3N ARGENTINA DE YACHTING<br \/>\nVICTORIA TRAVASCIO Y MAR\u00cdA SOL BRANZ &#8211; JULIO ALSOGARAY &#8211; LUC\u00cdA FALASCA<\/p>\n<div class='epvc-post-count'><span class='epvc-eye'><\/span>  <span class=\"epvc-count\"> 1.376<\/span><span class='epvc-label'> veces le\u00edda<\/span><\/div>\n<div class=\"jwsharethis\">\nShare this: \n<br \/>\n<a href=\"mailto:?subject=%E2%80%9CJorge%20Newbery%E2%80%9D%20de%20Oro%20para%20%E2%80%9CAla%E2%80%9D%20%28Audio%2FVideo%29&amp;body=https%3A%2F%2Flabestiadeportiva.com%2Flbd%2Fjorge-newbery-de-oro-para-ala-audiovideo%2F\">\n<img src=\"https:\/\/labestiadeportiva.com\/lbd\/wp-content\/plugins\/jw-share-this\/email.png\" alt=\"Share this page via Email\" \/>\n<\/a>\n<a target=\"_blank\" href=\"http:\/\/www.stumbleupon.com\/submit?url=https%3A%2F%2Flabestiadeportiva.com%2Flbd%2Fjorge-newbery-de-oro-para-ala-audiovideo%2F&amp;title=%E2%80%9CJorge+Newbery%E2%80%9D+de+Oro+para+%E2%80%9CAla%E2%80%9D+%28Audio%2FVideo%29\">\n<img src=\"https:\/\/labestiadeportiva.com\/lbd\/wp-content\/plugins\/jw-share-this\/su.png\" alt=\"Share this page via Stumble Upon\" \/>\n<\/a>\n<a target=\"_blank\" href=\"http:\/\/digg.com\/submit?url=https%3A%2F%2Flabestiadeportiva.com%2Flbd%2Fjorge-newbery-de-oro-para-ala-audiovideo%2F&amp;title=%E2%80%9CJorge+Newbery%E2%80%9D+de+Oro+para+%E2%80%9CAla%E2%80%9D+%28Audio%2FVideo%29\">\n<img src=\"https:\/\/labestiadeportiva.com\/lbd\/wp-content\/plugins\/jw-share-this\/digg.png\" alt=\"Share this page via Digg this\" \/>\n<\/a>\n<a target=\"_blank\" href=\"http:\/\/www.facebook.com\/sharer.php?u=https%3A%2F%2Flabestiadeportiva.com%2Flbd%2Fjorge-newbery-de-oro-para-ala-audiovideo%2F&amp;t=%E2%80%9CJorge+Newbery%E2%80%9D+de+Oro+para+%E2%80%9CAla%E2%80%9D+%28Audio%2FVideo%29\">\n<img src=\"https:\/\/labestiadeportiva.com\/lbd\/wp-content\/plugins\/jw-share-this\/fb.png\" alt=\"Share this page via Facebook\" \/>\n<\/a>\n<a target=\"_blank\" href=\"http:\/\/twitter.com\/intent\/tweet?text=I+like+https%3A%2F%2Flabestiadeportiva.com%2Flbd%2Fjorge-newbery-de-oro-para-ala-audiovideo%2F&amp;title=%E2%80%9CJorge+Newbery%E2%80%9D+de+Oro+para+%E2%80%9CAla%E2%80%9D+%28Audio%2FVideo%29\">\n<img src=\"https:\/\/labestiadeportiva.com\/lbd\/wp-content\/plugins\/jw-share-this\/twitter.png\" alt=\"Share this page via Twitter\" \/>\n<\/a>\n<\/div>\n","protected":false},"excerpt":{"rendered":"<p>El jugador ushuaiense Alamiro Vaporaki se qued\u00f3 este lunes por la noche con el m\u00e1ximo galard\u00f3n de los premios otorgados en la Ciudad Aut\u00f3noma de Buenos Aires. Por primera vez el futsal recibe tama\u00f1o reconocimiento. Desde LBD nos contactamos con el fueguino quien se encuentra en la provincia de La Rioja junto a su equipo &hellip; <a href=\"https:\/\/labestiadeportiva.com\/lbd\/jorge-newbery-de-oro-para-ala-audiovideo\/\" class=\"more-link\">Seguir leyendo <span class=\"screen-reader-text\">\u201cJorge Newbery\u201d de Oro para \u201cAla\u201d (Audio\/Video)<\/span> <span class=\"meta-nav\">&rarr;<\/span><\/a><\/p>\n","protected":false},"author":1,"featured_media":22601,"comment_status":"open","ping_status":"open","sticky":false,"template":"","format":"standard","meta":[],"categories":[5,4,6,2343,1],"tags":[210,2843,4838,30,2897,2896],"_links":{"self":[{"href":"https:\/\/labestiadeportiva.com\/lbd\/wp-json\/wp\/v2\/posts\/22600"}],"collection":[{"href":"https:\/\/labestiadeportiva.com\/lbd\/wp-json\/wp\/v2\/posts"}],"about":[{"href":"https:\/\/labestiadeportiva.com\/lbd\/wp-json\/wp\/v2\/types\/post"}],"author":[{"embeddable":true,"href":"https:\/\/labestiadeportiva.com\/lbd\/wp-json\/wp\/v2\/users\/1"}],"replies":[{"embeddable":true,"href":"https:\/\/labestiadeportiva.com\/lbd\/wp-json\/wp\/v2\/comments?post=22600"}],"version-history":[{"count":2,"href":"https:\/\/labestiadeportiva.com\/lbd\/wp-json\/wp\/v2\/posts\/22600\/revisions"}],"predecessor-version":[{"id":22609,"href":"https:\/\/labestiadeportiva.com\/lbd\/wp-json\/wp\/v2\/posts\/22600\/revisions\/22609"}],"wp:featuredmedia":[{"embeddable":true,"href":"https:\/\/labestiadeportiva.com\/lbd\/wp-json\/wp\/v2\/media\/22601"}],"wp:attachment":[{"href":"https:\/\/labestiadeportiva.com\/lbd\/wp-json\/wp\/v2\/media?parent=22600"}],"wp:term":[{"taxonomy":"category","embeddable":true,"href":"https:\/\/labestiadeportiva.com\/lbd\/wp-json\/wp\/v2\/categories?post=22600"},{"taxonomy":"post_tag","embeddable":true,"href":"https:\/\/labestiadeportiva.com\/lbd\/wp-json\/wp\/v2\/tags?post=22600"}],"curies":[{"name":"wp","href":"https:\/\/api.w.org\/{rel}","templated":true}]}}