{"id":22733,"date":"2016-12-30T19:57:50","date_gmt":"2016-12-30T22:57:50","guid":{"rendered":"http:\/\/labestiadeportiva.com\/lbd\/?p=22733"},"modified":"2016-12-30T20:33:37","modified_gmt":"2016-12-30T23:33:37","slug":"el-futsal-afa-cerro-un-ano-sonado","status":"publish","type":"post","link":"https:\/\/labestiadeportiva.com\/lbd\/el-futsal-afa-cerro-un-ano-sonado\/","title":{"rendered":"El futsal AFA cerr\u00f3 un a\u00f1o so\u00f1ado"},"content":{"rendered":"<p><a href=\"http:\/\/labestiadeportiva.com\/lbd\/wp-content\/uploads\/2016\/12\/15726293_1323541751045690_1059751281944242391_n.jpg\"><img loading=\"lazy\" class=\"alignleft size-medium wp-image-22734\" src=\"http:\/\/labestiadeportiva.com\/lbd\/wp-content\/uploads\/2016\/12\/15726293_1323541751045690_1059751281944242391_n-300x141.jpg\" alt=\"15726293_1323541751045690_1059751281944242391_n\" width=\"300\" height=\"141\" srcset=\"https:\/\/labestiadeportiva.com\/lbd\/wp-content\/uploads\/2016\/12\/15726293_1323541751045690_1059751281944242391_n-300x141.jpg 300w, https:\/\/labestiadeportiva.com\/lbd\/wp-content\/uploads\/2016\/12\/15726293_1323541751045690_1059751281944242391_n-520x245.jpg 520w, https:\/\/labestiadeportiva.com\/lbd\/wp-content\/uploads\/2016\/12\/15726293_1323541751045690_1059751281944242391_n-720x340.jpg 720w, https:\/\/labestiadeportiva.com\/lbd\/wp-content\/uploads\/2016\/12\/15726293_1323541751045690_1059751281944242391_n.jpg 960w\" sizes=\"(max-width: 300px) 100vw, 300px\" \/><\/a>Con la revancha del Juego de las Estrellas, disputada el jueves por la noche en el gimnasio de Campolter, concluyeron las acciones deportivas de la temporada. Nuevo encuentro amistoso entre los amigos de Alamiro y \u201cKiki\u201d Vaporaki ante los de \u201cRiki\u201d Torrez y Pablo Vidal que finaliz\u00f3 con una ajustada victoria capitalina de 7 a 6. Gran marco de p\u00fablico acompa\u00f1o la jornada salonera. Diego Giustozzi seguir\u00e1 al frente de la Selecci\u00f3n Argentina hasta el 2018. las fotos son gentileza de los colegas y amigos Vicente Molina y Pablo Alac\u00f3n.<!--more--><\/p>\n<p><a href=\"http:\/\/labestiadeportiva.com\/lbd\/wp-content\/uploads\/2016\/12\/15826164_1323541731045692_2199685051219034096_n1.jpg\"><img loading=\"lazy\" class=\"aligncenter size-medium wp-image-22739\" src=\"http:\/\/labestiadeportiva.com\/lbd\/wp-content\/uploads\/2016\/12\/15826164_1323541731045692_2199685051219034096_n1-300x174.jpg\" alt=\"15826164_1323541731045692_2199685051219034096_n\" width=\"300\" height=\"174\" srcset=\"https:\/\/labestiadeportiva.com\/lbd\/wp-content\/uploads\/2016\/12\/15826164_1323541731045692_2199685051219034096_n1-300x174.jpg 300w, https:\/\/labestiadeportiva.com\/lbd\/wp-content\/uploads\/2016\/12\/15826164_1323541731045692_2199685051219034096_n1.jpg 758w\" sizes=\"(max-width: 300px) 100vw, 300px\" \/><\/a>El reducto policial del barrio 640 Viviendas fue el lugar elegido para el segundo juego amistoso entre \u00a0los m\u00e1ximos referentes de la disciplina, Alamiro y Constantino \u201cKiki\u201d Vaporaki, Riki Torrez y Pablo Vidal.<\/p>\n<p>Como siete d\u00edas atr\u00e1s en el norte de la isla acompa\u00f1ado por sus amigos, en el caso de los riograndenses pudo verse a Facundo \u201cManteca\u201d Perpetto, quien hasta hace poco visti\u00f3 la camiseta del River Plate capitalino, m\u00e1s los inagotables Gustavo \u201cCachete\u201d Torres y Marcelo \u201cPache\u201d Barrientos entre los principales.<\/p>\n<p><a href=\"http:\/\/labestiadeportiva.com\/lbd\/wp-content\/uploads\/2016\/12\/15780670_1323554931044372_9065494547249052583_n.jpg\"><img loading=\"lazy\" class=\"aligncenter size-medium wp-image-22736\" src=\"http:\/\/labestiadeportiva.com\/lbd\/wp-content\/uploads\/2016\/12\/15780670_1323554931044372_9065494547249052583_n-213x300.jpg\" alt=\"15780670_1323554931044372_9065494547249052583_n\" width=\"213\" height=\"300\" srcset=\"https:\/\/labestiadeportiva.com\/lbd\/wp-content\/uploads\/2016\/12\/15780670_1323554931044372_9065494547249052583_n-213x300.jpg 213w, https:\/\/labestiadeportiva.com\/lbd\/wp-content\/uploads\/2016\/12\/15780670_1323554931044372_9065494547249052583_n.jpg 510w\" sizes=\"(max-width: 213px) 100vw, 213px\" \/><\/a>Por el lado de los locales los campeones del mundo fueron acompa\u00f1ados por su padre \u201cVapo\u201d y hermano mayor Walter a los que se agregaron Nicol\u00e1s Bueno, Lucas Baz\u00e1n, Mat\u00edas Mart\u00ednez, Hern\u00e1n Fern\u00e1ndez y Esteban \u201cSanjua\u201d S\u00e1nchez entre los m\u00e1s destacados.<\/p>\n<p>M\u00e1s all\u00e1 de lo amistoso del encuentro, que fue una verdadera excusa para poder tener bien cerca a los flamantes \u00eddolos deportivos, el marcador siempre tuvo arriba a los due\u00f1os de casa. El primer \u00a0tiempo finaliz\u00f3 3 a 1 para los ushuaienses.<\/p>\n<p>El descanso se alarg\u00f3 un poco m\u00e1s de lo acostumbrado, a esa altura ya estaba presente la Gobernadora de la Provincia, doctora Rosana Bertone, acompa\u00f1ada por varios de sus ministros, secretarios y subsecretarios.<\/p>\n<p><a href=\"http:\/\/labestiadeportiva.com\/lbd\/wp-content\/uploads\/2016\/12\/15727334_1323541717712360_4751191845388339306_n.jpg\"><img loading=\"lazy\" class=\"aligncenter size-medium wp-image-22735\" src=\"http:\/\/labestiadeportiva.com\/lbd\/wp-content\/uploads\/2016\/12\/15727334_1323541717712360_4751191845388339306_n-300x181.jpg\" alt=\"15727334_1323541717712360_4751191845388339306_n\" width=\"300\" height=\"181\" srcset=\"https:\/\/labestiadeportiva.com\/lbd\/wp-content\/uploads\/2016\/12\/15727334_1323541717712360_4751191845388339306_n-300x181.jpg 300w, https:\/\/labestiadeportiva.com\/lbd\/wp-content\/uploads\/2016\/12\/15727334_1323541717712360_4751191845388339306_n.jpg 442w\" sizes=\"(max-width: 300px) 100vw, 300px\" \/><\/a>Distinciones para Alamiro, Constantino, Riki y Pablo a las que se sumaron fotos y aut\u00f3grafos de los chicos y grandes que aprovecharon la ocasi\u00f3n para ingresar al campo de juego. El complemento fue de similares caracter\u00edsticas, los riograndenses se acercaron en el marcador a tal punto de igualar las acciones.<\/p>\n<p>Una nueva r\u00e1faga de talento de los hombres de la celeste y blanca permiti\u00f3 tomar una ventaja que lleg\u00f3 a ser de cuatro tantos pero el \u00faltimo esfuerzo de la visita estar\u00eda por venir. Dos r\u00e1pidos goles de la visita y para el cierre Pablo Vidal transformado en arquero jugador.<\/p>\n<p>Final con un lindo ida y vuelta, ya sin compromisos defensivos, que concluy\u00f3 con un 7 a 6 para los \u201cvapos\u201d quedando la historia con un juego por lado cada uno en su ciudad. Sentido saludo entre todos los protagonistas , fotos y reconocimientos con entrega de premios por parte de las autoridades de gobierno.<\/p>\n<p>Asimismo los \u00abchicos\u00bb de los clubes Ateneo y Amistad le entregaron camisetas y presentes a los cuatro atletas destacados.<\/p>\n<p>La Liga Ushuaiense de f\u00fatbol aprovech\u00f3 la oportunidad para premiar sus torneos bajo techo y al aire libre en primera divisi\u00f3n, inferiores y femenino.<\/p>\n<p><a href=\"http:\/\/labestiadeportiva.com\/lbd\/wp-content\/uploads\/2016\/12\/15726708_10211523183783911_5943727230265533232_n.jpg\"><img loading=\"lazy\" class=\"aligncenter size-medium wp-image-22742\" src=\"http:\/\/labestiadeportiva.com\/lbd\/wp-content\/uploads\/2016\/12\/15726708_10211523183783911_5943727230265533232_n-300x192.jpg\" alt=\"15726708_10211523183783911_5943727230265533232_n\" width=\"300\" height=\"192\" srcset=\"https:\/\/labestiadeportiva.com\/lbd\/wp-content\/uploads\/2016\/12\/15726708_10211523183783911_5943727230265533232_n-300x192.jpg 300w, https:\/\/labestiadeportiva.com\/lbd\/wp-content\/uploads\/2016\/12\/15726708_10211523183783911_5943727230265533232_n.jpg 960w\" sizes=\"(max-width: 300px) 100vw, 300px\" \/><\/a>Cuando el reloj marcaba cerca de las once y media de la noche se dio por finalizado el amistoso evento que homenaje\u00f3 por partida doble a nuestros campeones del mundo como as\u00ed tambi\u00e9n a los talentos riograndenses que hoy son figuras en los principales clubes de la Ciudad Aut\u00f3noma de Buenos Aires.<\/p>\n<p>Como ep\u00edlogo llegaba desde el continente la merecida confirmaci\u00f3n por parte de AFA para el cuerpo t\u00e9cnico nacional encabezado por Diego Giustozzi quien seguir\u00e1 a cargo del actual campe\u00f3n del mundo hasta el 2018.<\/p>\n<p><a href=\"http:\/\/labestiadeportiva.com\/lbd\/wp-content\/uploads\/2016\/12\/15726395_10211522441605357_9138590763519061299_n.jpg\"><img loading=\"lazy\" class=\"aligncenter size-medium wp-image-22743\" src=\"http:\/\/labestiadeportiva.com\/lbd\/wp-content\/uploads\/2016\/12\/15726395_10211522441605357_9138590763519061299_n-300x200.jpg\" alt=\"15726395_10211522441605357_9138590763519061299_n\" width=\"300\" height=\"200\" srcset=\"https:\/\/labestiadeportiva.com\/lbd\/wp-content\/uploads\/2016\/12\/15726395_10211522441605357_9138590763519061299_n-300x200.jpg 300w, https:\/\/labestiadeportiva.com\/lbd\/wp-content\/uploads\/2016\/12\/15726395_10211522441605357_9138590763519061299_n.jpg 525w\" sizes=\"(max-width: 300px) 100vw, 300px\" \/><\/a><\/p>\n<div class='epvc-post-count'><span class='epvc-eye'><\/span>  <span class=\"epvc-count\"> 1.004<\/span><span class='epvc-label'> veces le\u00edda<\/span><\/div>\n<div class=\"jwsharethis\">\nShare this: \n<br \/>\n<a href=\"mailto:?subject=El%20futsal%20AFA%20cerr%C3%B3%20un%20a%C3%B1o%20so%C3%B1ado&amp;body=https%3A%2F%2Flabestiadeportiva.com%2Flbd%2Fel-futsal-afa-cerro-un-ano-sonado%2F\">\n<img src=\"https:\/\/labestiadeportiva.com\/lbd\/wp-content\/plugins\/jw-share-this\/email.png\" alt=\"Share this page via Email\" \/>\n<\/a>\n<a target=\"_blank\" href=\"http:\/\/www.stumbleupon.com\/submit?url=https%3A%2F%2Flabestiadeportiva.com%2Flbd%2Fel-futsal-afa-cerro-un-ano-sonado%2F&amp;title=El+futsal+AFA+cerr%C3%B3+un+a%C3%B1o+so%C3%B1ado\">\n<img src=\"https:\/\/labestiadeportiva.com\/lbd\/wp-content\/plugins\/jw-share-this\/su.png\" alt=\"Share this page via Stumble Upon\" \/>\n<\/a>\n<a target=\"_blank\" href=\"http:\/\/digg.com\/submit?url=https%3A%2F%2Flabestiadeportiva.com%2Flbd%2Fel-futsal-afa-cerro-un-ano-sonado%2F&amp;title=El+futsal+AFA+cerr%C3%B3+un+a%C3%B1o+so%C3%B1ado\">\n<img src=\"https:\/\/labestiadeportiva.com\/lbd\/wp-content\/plugins\/jw-share-this\/digg.png\" alt=\"Share this page via Digg this\" \/>\n<\/a>\n<a target=\"_blank\" href=\"http:\/\/www.facebook.com\/sharer.php?u=https%3A%2F%2Flabestiadeportiva.com%2Flbd%2Fel-futsal-afa-cerro-un-ano-sonado%2F&amp;t=El+futsal+AFA+cerr%C3%B3+un+a%C3%B1o+so%C3%B1ado\">\n<img src=\"https:\/\/labestiadeportiva.com\/lbd\/wp-content\/plugins\/jw-share-this\/fb.png\" alt=\"Share this page via Facebook\" \/>\n<\/a>\n<a target=\"_blank\" href=\"http:\/\/twitter.com\/intent\/tweet?text=I+like+https%3A%2F%2Flabestiadeportiva.com%2Flbd%2Fel-futsal-afa-cerro-un-ano-sonado%2F&amp;title=El+futsal+AFA+cerr%C3%B3+un+a%C3%B1o+so%C3%B1ado\">\n<img src=\"https:\/\/labestiadeportiva.com\/lbd\/wp-content\/plugins\/jw-share-this\/twitter.png\" alt=\"Share this page via Twitter\" \/>\n<\/a>\n<\/div>\n","protected":false},"excerpt":{"rendered":"<p>Con la revancha del Juego de las Estrellas, disputada el jueves por la noche en el gimnasio de Campolter, concluyeron las acciones deportivas de la temporada. Nuevo encuentro amistoso entre los amigos de Alamiro y \u201cKiki\u201d Vaporaki ante los de \u201cRiki\u201d Torrez y Pablo Vidal que finaliz\u00f3 con una ajustada victoria capitalina de 7 a &hellip; <a href=\"https:\/\/labestiadeportiva.com\/lbd\/el-futsal-afa-cerro-un-ano-sonado\/\" class=\"more-link\">Seguir leyendo <span class=\"screen-reader-text\">El futsal AFA cerr\u00f3 un a\u00f1o so\u00f1ado<\/span> <span class=\"meta-nav\">&rarr;<\/span><\/a><\/p>\n","protected":false},"author":1,"featured_media":22734,"comment_status":"open","ping_status":"open","sticky":false,"template":"","format":"standard","meta":[],"categories":[5,4,6,2343,1],"tags":[2930,30,2928,2929],"_links":{"self":[{"href":"https:\/\/labestiadeportiva.com\/lbd\/wp-json\/wp\/v2\/posts\/22733"}],"collection":[{"href":"https:\/\/labestiadeportiva.com\/lbd\/wp-json\/wp\/v2\/posts"}],"about":[{"href":"https:\/\/labestiadeportiva.com\/lbd\/wp-json\/wp\/v2\/types\/post"}],"author":[{"embeddable":true,"href":"https:\/\/labestiadeportiva.com\/lbd\/wp-json\/wp\/v2\/users\/1"}],"replies":[{"embeddable":true,"href":"https:\/\/labestiadeportiva.com\/lbd\/wp-json\/wp\/v2\/comments?post=22733"}],"version-history":[{"count":3,"href":"https:\/\/labestiadeportiva.com\/lbd\/wp-json\/wp\/v2\/posts\/22733\/revisions"}],"predecessor-version":[{"id":22747,"href":"https:\/\/labestiadeportiva.com\/lbd\/wp-json\/wp\/v2\/posts\/22733\/revisions\/22747"}],"wp:featuredmedia":[{"embeddable":true,"href":"https:\/\/labestiadeportiva.com\/lbd\/wp-json\/wp\/v2\/media\/22734"}],"wp:attachment":[{"href":"https:\/\/labestiadeportiva.com\/lbd\/wp-json\/wp\/v2\/media?parent=22733"}],"wp:term":[{"taxonomy":"category","embeddable":true,"href":"https:\/\/labestiadeportiva.com\/lbd\/wp-json\/wp\/v2\/categories?post=22733"},{"taxonomy":"post_tag","embeddable":true,"href":"https:\/\/labestiadeportiva.com\/lbd\/wp-json\/wp\/v2\/tags?post=22733"}],"curies":[{"name":"wp","href":"https:\/\/api.w.org\/{rel}","templated":true}]}}