{"id":22795,"date":"2017-01-08T15:05:28","date_gmt":"2017-01-08T18:05:28","guid":{"rendered":"http:\/\/labestiadeportiva.com\/lbd\/?p=22795"},"modified":"2017-01-08T15:05:28","modified_gmt":"2017-01-08T18:05:28","slug":"persisten-las-tormentas-en-el-altiplano","status":"publish","type":"post","link":"https:\/\/labestiadeportiva.com\/lbd\/persisten-las-tormentas-en-el-altiplano\/","title":{"rendered":"Persisten las tormentas en el altiplano"},"content":{"rendered":"<p><a href=\"http:\/\/labestiadeportiva.com\/lbd\/wp-content\/uploads\/2017\/01\/0000943278.jpg\"><img loading=\"lazy\" class=\"alignleft size-medium wp-image-22796\" src=\"http:\/\/labestiadeportiva.com\/lbd\/wp-content\/uploads\/2017\/01\/0000943278-300x133.jpg\" alt=\"0000943278\" width=\"300\" height=\"133\" srcset=\"https:\/\/labestiadeportiva.com\/lbd\/wp-content\/uploads\/2017\/01\/0000943278-300x133.jpg 300w, https:\/\/labestiadeportiva.com\/lbd\/wp-content\/uploads\/2017\/01\/0000943278.jpg 1001w\" sizes=\"(max-width: 300px) 100vw, 300px\" \/><\/a>Finalmente los participantes de la 39\u00ba edici\u00f3n del Rally Dakar tendr\u00e1n 24 horas m\u00e1s de descanso. Las adversas condiciones clim\u00e1ticas de las \u00faltimas horas motivaron la suspensi\u00f3n del especial Oruro\/La Paz previsto para este s\u00e1bado. Hasta el momento Peterhansel, Sunderland, Vitse, De Rooy y Ruijin lideran sus categor\u00edas.<\/p>\n<p><span style=\"color: #0000ff;\">\u201cLa etapa est\u00e1 anulada. Se intentaron hacer muchas cosas para al menos disputar un peque\u00f1o especial cronometrado pero fue imposible\u201d<\/span> fueron las palabras del ex campe\u00f3n del Dakar y actual Director Deportivo Marc Coma.<\/p>\n<p>La cerrera se reanudar\u00e1 el lunes dirigi\u00e9ndose hacia la gran pampa salada llegando a la localidad de Uyuni, \u00faltima parada antes de volver a ingresar a territorio argentino.<\/p>\n<p>Cabe recordar que hasta la forzada detenci\u00f3n los punteros de los diferentes segmentos eran Stephane Peterhansel en autos, Sam Sunderland dentro de las motos, Sim\u00f3n Vitse en quads, Gerard De Rooy en trucks y Mao Ruijin sobre UTV.<\/p>\n<div class='epvc-post-count'><span class='epvc-eye'><\/span>  <span class=\"epvc-count\"> 1.262<\/span><span class='epvc-label'> veces le\u00edda<\/span><\/div>\n<div class=\"jwsharethis\">\nShare this: \n<br \/>\n<a href=\"mailto:?subject=Persisten%20las%20tormentas%20en%20el%20altiplano&amp;body=https%3A%2F%2Flabestiadeportiva.com%2Flbd%2Fpersisten-las-tormentas-en-el-altiplano%2F\">\n<img src=\"https:\/\/labestiadeportiva.com\/lbd\/wp-content\/plugins\/jw-share-this\/email.png\" alt=\"Share this page via Email\" \/>\n<\/a>\n<a target=\"_blank\" href=\"http:\/\/www.stumbleupon.com\/submit?url=https%3A%2F%2Flabestiadeportiva.com%2Flbd%2Fpersisten-las-tormentas-en-el-altiplano%2F&amp;title=Persisten+las+tormentas+en+el+altiplano\">\n<img src=\"https:\/\/labestiadeportiva.com\/lbd\/wp-content\/plugins\/jw-share-this\/su.png\" alt=\"Share this page via Stumble Upon\" \/>\n<\/a>\n<a target=\"_blank\" href=\"http:\/\/digg.com\/submit?url=https%3A%2F%2Flabestiadeportiva.com%2Flbd%2Fpersisten-las-tormentas-en-el-altiplano%2F&amp;title=Persisten+las+tormentas+en+el+altiplano\">\n<img src=\"https:\/\/labestiadeportiva.com\/lbd\/wp-content\/plugins\/jw-share-this\/digg.png\" alt=\"Share this page via Digg this\" \/>\n<\/a>\n<a target=\"_blank\" href=\"http:\/\/www.facebook.com\/sharer.php?u=https%3A%2F%2Flabestiadeportiva.com%2Flbd%2Fpersisten-las-tormentas-en-el-altiplano%2F&amp;t=Persisten+las+tormentas+en+el+altiplano\">\n<img src=\"https:\/\/labestiadeportiva.com\/lbd\/wp-content\/plugins\/jw-share-this\/fb.png\" alt=\"Share this page via Facebook\" \/>\n<\/a>\n<a target=\"_blank\" href=\"http:\/\/twitter.com\/intent\/tweet?text=I+like+https%3A%2F%2Flabestiadeportiva.com%2Flbd%2Fpersisten-las-tormentas-en-el-altiplano%2F&amp;title=Persisten+las+tormentas+en+el+altiplano\">\n<img src=\"https:\/\/labestiadeportiva.com\/lbd\/wp-content\/plugins\/jw-share-this\/twitter.png\" alt=\"Share this page via Twitter\" \/>\n<\/a>\n<\/div>\n","protected":false},"excerpt":{"rendered":"<p>Finalmente los participantes de la 39\u00ba edici\u00f3n del Rally Dakar tendr\u00e1n 24 horas m\u00e1s de descanso. Las adversas condiciones clim\u00e1ticas de las \u00faltimas horas motivaron la suspensi\u00f3n del especial Oruro\/La Paz previsto para este s\u00e1bado. Hasta el momento Peterhansel, Sunderland, Vitse, De Rooy y Ruijin lideran sus categor\u00edas. \u201cLa etapa est\u00e1 anulada. Se intentaron hacer &hellip; <a href=\"https:\/\/labestiadeportiva.com\/lbd\/persisten-las-tormentas-en-el-altiplano\/\" class=\"more-link\">Seguir leyendo <span class=\"screen-reader-text\">Persisten las tormentas en el altiplano<\/span> <span class=\"meta-nav\">&rarr;<\/span><\/a><\/p>\n","protected":false},"author":1,"featured_media":22796,"comment_status":"open","ping_status":"open","sticky":false,"template":"","format":"standard","meta":[],"categories":[2922,4,6,1],"tags":[2925,2940,83,2941,337],"_links":{"self":[{"href":"https:\/\/labestiadeportiva.com\/lbd\/wp-json\/wp\/v2\/posts\/22795"}],"collection":[{"href":"https:\/\/labestiadeportiva.com\/lbd\/wp-json\/wp\/v2\/posts"}],"about":[{"href":"https:\/\/labestiadeportiva.com\/lbd\/wp-json\/wp\/v2\/types\/post"}],"author":[{"embeddable":true,"href":"https:\/\/labestiadeportiva.com\/lbd\/wp-json\/wp\/v2\/users\/1"}],"replies":[{"embeddable":true,"href":"https:\/\/labestiadeportiva.com\/lbd\/wp-json\/wp\/v2\/comments?post=22795"}],"version-history":[{"count":1,"href":"https:\/\/labestiadeportiva.com\/lbd\/wp-json\/wp\/v2\/posts\/22795\/revisions"}],"predecessor-version":[{"id":22797,"href":"https:\/\/labestiadeportiva.com\/lbd\/wp-json\/wp\/v2\/posts\/22795\/revisions\/22797"}],"wp:featuredmedia":[{"embeddable":true,"href":"https:\/\/labestiadeportiva.com\/lbd\/wp-json\/wp\/v2\/media\/22796"}],"wp:attachment":[{"href":"https:\/\/labestiadeportiva.com\/lbd\/wp-json\/wp\/v2\/media?parent=22795"}],"wp:term":[{"taxonomy":"category","embeddable":true,"href":"https:\/\/labestiadeportiva.com\/lbd\/wp-json\/wp\/v2\/categories?post=22795"},{"taxonomy":"post_tag","embeddable":true,"href":"https:\/\/labestiadeportiva.com\/lbd\/wp-json\/wp\/v2\/tags?post=22795"}],"curies":[{"name":"wp","href":"https:\/\/api.w.org\/{rel}","templated":true}]}}