{"id":22798,"date":"2017-01-09T19:16:34","date_gmt":"2017-01-09T22:16:34","guid":{"rendered":"http:\/\/labestiadeportiva.com\/lbd\/?p=22798"},"modified":"2017-01-10T00:25:22","modified_gmt":"2017-01-10T03:25:22","slug":"etapa-reducida","status":"publish","type":"post","link":"https:\/\/labestiadeportiva.com\/lbd\/etapa-reducida\/","title":{"rendered":"Etapa reducida"},"content":{"rendered":"<p><a href=\"http:\/\/labestiadeportiva.com\/lbd\/wp-content\/uploads\/2017\/01\/pilotos-dakar-2016-dmitry-sotnikov-kamaz.jpg\"><img loading=\"lazy\" class=\"alignleft size-medium wp-image-22799\" src=\"http:\/\/labestiadeportiva.com\/lbd\/wp-content\/uploads\/2017\/01\/pilotos-dakar-2016-dmitry-sotnikov-kamaz-300x200.jpg\" alt=\"pilotos-dakar-2016-dmitry-sotnikov-kamaz\" width=\"300\" height=\"200\" srcset=\"https:\/\/labestiadeportiva.com\/lbd\/wp-content\/uploads\/2017\/01\/pilotos-dakar-2016-dmitry-sotnikov-kamaz-300x200.jpg 300w, https:\/\/labestiadeportiva.com\/lbd\/wp-content\/uploads\/2017\/01\/pilotos-dakar-2016-dmitry-sotnikov-kamaz-1024x683.jpg 1024w, https:\/\/labestiadeportiva.com\/lbd\/wp-content\/uploads\/2017\/01\/pilotos-dakar-2016-dmitry-sotnikov-kamaz.jpg 1500w\" sizes=\"(max-width: 300px) 100vw, 300px\" \/><\/a>La organizaci\u00f3n de la 39\u00ba edici\u00f3n del Rally Dakar finalmente decidi\u00f3 modificar el especial n\u00famero 7 debido al anegamiento de gran parte del trayecto entre la capital boliviana y Uyuni. De esta forma el tramo cronometrado se redujo de 322 a tan solo 161 kil\u00f3metros. Bravec, Karyakin, Peterhandel, Sotnikov y Ravil ganaron sus categor\u00edas. Este martes la prueba reingresar\u00e1 a nuestro pa\u00eds.<!--more--><\/p>\n<p>Asimismo los trayectos de enlace tambi\u00e9n sufrieron modificaciones quedando constituidos por 640 kil\u00f3metros, repartidos en dos zonas de 400 y 240. Cabe aclarar que el especial de este lunes tuvo la caracter\u00edstica de \u201cMarat\u00f3n\u201d donde los participantes no pueden contar con ning\u00fan tipo de asistencia.<\/p>\n<p><a href=\"http:\/\/labestiadeportiva.com\/lbd\/wp-content\/uploads\/2017\/01\/13772.jpg\"><img loading=\"lazy\" class=\"aligncenter size-medium wp-image-22800\" src=\"http:\/\/labestiadeportiva.com\/lbd\/wp-content\/uploads\/2017\/01\/13772-300x200.jpg\" alt=\"13772\" width=\"300\" height=\"200\" \/><\/a>En cuanto a los resultados de carrera nuevo ganador entre las motos, el estadounidense Ricky Brabec quien emple\u00f3 2 horas 2 minutos y 5 segundos para quedarse con el reducido especial. El ruso Sergey Karyakin domin\u00f3 entre los quads con 2 horas 32 minutos y 49 segundos.<\/p>\n<p>Dentro de los autos Stephane Peterhansel se qued\u00f3 con el parcial en 1 hora 54 minutos y 8 segundos. Dymitri Sotnikov venci\u00f3 en los trucks en 1 hora 41 minutos y 35 segundos. Finalmente en UTV se impuso el ruso Maganov Ravil en 3 horas 2 minutos y 9 segundos.<\/p>\n<p><a href=\"http:\/\/labestiadeportiva.com\/lbd\/wp-content\/uploads\/2017\/01\/IMAGEN-16474563-2.jpg\"><img loading=\"lazy\" class=\"aligncenter size-medium wp-image-22801\" src=\"http:\/\/labestiadeportiva.com\/lbd\/wp-content\/uploads\/2017\/01\/IMAGEN-16474563-2-300x150.jpg\" alt=\"imagen-16474563-2\" width=\"300\" height=\"150\" srcset=\"https:\/\/labestiadeportiva.com\/lbd\/wp-content\/uploads\/2017\/01\/IMAGEN-16474563-2-300x150.jpg 300w, https:\/\/labestiadeportiva.com\/lbd\/wp-content\/uploads\/2017\/01\/IMAGEN-16474563-2.jpg 600w\" sizes=\"(max-width: 300px) 100vw, 300px\" \/><\/a>La clasificaci\u00f3n general dentro de las motos tiene como l\u00edder al ingl\u00e9s Sunderland con un acumulado de 17 horas 28 minutos y 53 segundos escoltado por el chileno Quintanilla con Husvarna a 17 minutos y 45 segundos de la punta. Completa el podio el franc\u00e9s Van Beveren a 22 minutos y 16 segundos del l\u00edder.<\/p>\n<p>En los Quads el ruso Karyakin manda con 22 horas 13 minutos y 25 segundos, el franc\u00e9s Vitse es su escolta a 5 minutos y 16 segundos ocupando el tercer lugar otro galo Dutrie a 5 minutos y 20 segundos, todos ellos a bordo de Yamaha.<\/p>\n<p><a href=\"http:\/\/labestiadeportiva.com\/lbd\/wp-content\/uploads\/2017\/01\/images.jpg\"><img loading=\"lazy\" class=\"aligncenter size-full wp-image-22802\" src=\"http:\/\/labestiadeportiva.com\/lbd\/wp-content\/uploads\/2017\/01\/images.jpg\" alt=\"images\" width=\"299\" height=\"168\" \/><\/a>Stephane \u00a0Peterhansel lidera los autos en 15 horas 57 minutos y 6 segundos, Loeb lo escolta a 1 minuto y 57 segundos ambos con Peugeot siendo tercero el espa\u00f1ol Nani Roma con Toyota a 11 minutos y 7 segundos del puntero.<\/p>\n<p>De Rooy sostiene el liderazgo con su Iveco entre los trucks en 15 horas 52 minutos y 7 segundos, Sotnikov es escolta a tan solo 2 minutos y 11 segundos completando el podio Nikolaev a 5 minutos y 57 segundos del puntero.<\/p>\n<p>Finalmente en UTV, donde solo quedan 5 veh\u00edculos, el brasile\u00f1o Torres es puntero con 28 horas 29 minutos y 32 segundos, Ruijin lo sigue a 2 horas 33 minutos y 25 segundos siendo tercero Dongsheng quien marcha a 2 horas 43 minutos y 13 segundos de la punta.<\/p>\n<p>Ma\u00f1ana martes se volver\u00e1 a ingresar a la Argentina. La etapa ser\u00e1 la n\u00famero 8 Uyuni\/Salta, 892 kil\u00f3metros siendo 492 de ellos cronometrados. Se abandonar\u00e1 el altiplano para ingresar en vados y dunas en busca de la recta final de la competencia.<\/p>\n<p><a href=\"http:\/\/labestiadeportiva.com\/lbd\/wp-content\/uploads\/2017\/01\/UTV-del-Dakar-2017-02.jpg\"><img loading=\"lazy\" class=\"aligncenter size-medium wp-image-22803\" src=\"http:\/\/labestiadeportiva.com\/lbd\/wp-content\/uploads\/2017\/01\/UTV-del-Dakar-2017-02-300x172.jpg\" alt=\"utv-del-dakar-2017-02\" width=\"300\" height=\"172\" srcset=\"https:\/\/labestiadeportiva.com\/lbd\/wp-content\/uploads\/2017\/01\/UTV-del-Dakar-2017-02-300x172.jpg 300w, https:\/\/labestiadeportiva.com\/lbd\/wp-content\/uploads\/2017\/01\/UTV-del-Dakar-2017-02.jpg 750w\" sizes=\"(max-width: 300px) 100vw, 300px\" \/><\/a><\/p>\n<div class='epvc-post-count'><span class='epvc-eye'><\/span>  <span class=\"epvc-count\"> 1.147<\/span><span class='epvc-label'> veces le\u00edda<\/span><\/div>\n<div class=\"jwsharethis\">\nShare this: \n<br \/>\n<a href=\"mailto:?subject=Etapa%20reducida&amp;body=https%3A%2F%2Flabestiadeportiva.com%2Flbd%2Fetapa-reducida%2F\">\n<img src=\"https:\/\/labestiadeportiva.com\/lbd\/wp-content\/plugins\/jw-share-this\/email.png\" alt=\"Share this page via Email\" \/>\n<\/a>\n<a target=\"_blank\" href=\"http:\/\/www.stumbleupon.com\/submit?url=https%3A%2F%2Flabestiadeportiva.com%2Flbd%2Fetapa-reducida%2F&amp;title=Etapa+reducida\">\n<img src=\"https:\/\/labestiadeportiva.com\/lbd\/wp-content\/plugins\/jw-share-this\/su.png\" alt=\"Share this page via Stumble Upon\" \/>\n<\/a>\n<a target=\"_blank\" href=\"http:\/\/digg.com\/submit?url=https%3A%2F%2Flabestiadeportiva.com%2Flbd%2Fetapa-reducida%2F&amp;title=Etapa+reducida\">\n<img src=\"https:\/\/labestiadeportiva.com\/lbd\/wp-content\/plugins\/jw-share-this\/digg.png\" alt=\"Share this page via Digg this\" \/>\n<\/a>\n<a target=\"_blank\" href=\"http:\/\/www.facebook.com\/sharer.php?u=https%3A%2F%2Flabestiadeportiva.com%2Flbd%2Fetapa-reducida%2F&amp;t=Etapa+reducida\">\n<img src=\"https:\/\/labestiadeportiva.com\/lbd\/wp-content\/plugins\/jw-share-this\/fb.png\" alt=\"Share this page via Facebook\" \/>\n<\/a>\n<a target=\"_blank\" href=\"http:\/\/twitter.com\/intent\/tweet?text=I+like+https%3A%2F%2Flabestiadeportiva.com%2Flbd%2Fetapa-reducida%2F&amp;title=Etapa+reducida\">\n<img src=\"https:\/\/labestiadeportiva.com\/lbd\/wp-content\/plugins\/jw-share-this\/twitter.png\" alt=\"Share this page via Twitter\" \/>\n<\/a>\n<\/div>\n","protected":false},"excerpt":{"rendered":"<p>La organizaci\u00f3n de la 39\u00ba edici\u00f3n del Rally Dakar finalmente decidi\u00f3 modificar el especial n\u00famero 7 debido al anegamiento de gran parte del trayecto entre la capital boliviana y Uyuni. De esta forma el tramo cronometrado se redujo de 322 a tan solo 161 kil\u00f3metros. Bravec, Karyakin, Peterhandel, Sotnikov y Ravil ganaron sus categor\u00edas. Este &hellip; <a href=\"https:\/\/labestiadeportiva.com\/lbd\/etapa-reducida\/\" class=\"more-link\">Seguir leyendo <span class=\"screen-reader-text\">Etapa reducida<\/span> <span class=\"meta-nav\">&rarr;<\/span><\/a><\/p>\n","protected":false},"author":1,"featured_media":22799,"comment_status":"open","ping_status":"open","sticky":false,"template":"","format":"standard","meta":[],"categories":[2922,4,6,1],"tags":[2925,2942,2943,83,2926,337],"_links":{"self":[{"href":"https:\/\/labestiadeportiva.com\/lbd\/wp-json\/wp\/v2\/posts\/22798"}],"collection":[{"href":"https:\/\/labestiadeportiva.com\/lbd\/wp-json\/wp\/v2\/posts"}],"about":[{"href":"https:\/\/labestiadeportiva.com\/lbd\/wp-json\/wp\/v2\/types\/post"}],"author":[{"embeddable":true,"href":"https:\/\/labestiadeportiva.com\/lbd\/wp-json\/wp\/v2\/users\/1"}],"replies":[{"embeddable":true,"href":"https:\/\/labestiadeportiva.com\/lbd\/wp-json\/wp\/v2\/comments?post=22798"}],"version-history":[{"count":5,"href":"https:\/\/labestiadeportiva.com\/lbd\/wp-json\/wp\/v2\/posts\/22798\/revisions"}],"predecessor-version":[{"id":22811,"href":"https:\/\/labestiadeportiva.com\/lbd\/wp-json\/wp\/v2\/posts\/22798\/revisions\/22811"}],"wp:featuredmedia":[{"embeddable":true,"href":"https:\/\/labestiadeportiva.com\/lbd\/wp-json\/wp\/v2\/media\/22799"}],"wp:attachment":[{"href":"https:\/\/labestiadeportiva.com\/lbd\/wp-json\/wp\/v2\/media?parent=22798"}],"wp:term":[{"taxonomy":"category","embeddable":true,"href":"https:\/\/labestiadeportiva.com\/lbd\/wp-json\/wp\/v2\/categories?post=22798"},{"taxonomy":"post_tag","embeddable":true,"href":"https:\/\/labestiadeportiva.com\/lbd\/wp-json\/wp\/v2\/tags?post=22798"}],"curies":[{"name":"wp","href":"https:\/\/api.w.org\/{rel}","templated":true}]}}