{"id":22819,"date":"2017-01-10T19:13:40","date_gmt":"2017-01-10T22:13:40","guid":{"rendered":"http:\/\/labestiadeportiva.com\/lbd\/?p=22819"},"modified":"2017-01-10T19:13:40","modified_gmt":"2017-01-10T22:13:40","slug":"me-retiro-de-la-competencia-profesional-de-basquet","status":"publish","type":"post","link":"https:\/\/labestiadeportiva.com\/lbd\/me-retiro-de-la-competencia-profesional-de-basquet\/","title":{"rendered":"\u201cMe retiro de la competencia profesional de b\u00e1squet\u201d"},"content":{"rendered":"<p>Por Agust\u00edn \u201cColo\u201d Aguirre (Corresponsal LBD en La Pampa)<\/p>\n<p><a href=\"http:\/\/labestiadeportiva.com\/lbd\/wp-content\/uploads\/2017\/01\/pablo-prigioni-trade-houston_crop1424451178268.jpg\"><img loading=\"lazy\" class=\"alignleft size-medium wp-image-22820\" src=\"http:\/\/labestiadeportiva.com\/lbd\/wp-content\/uploads\/2017\/01\/pablo-prigioni-trade-houston_crop1424451178268-300x168.jpg\" alt=\"pablo-prigioni-trade-houston_crop1424451178268\" width=\"300\" height=\"168\" srcset=\"https:\/\/labestiadeportiva.com\/lbd\/wp-content\/uploads\/2017\/01\/pablo-prigioni-trade-houston_crop1424451178268-300x168.jpg 300w, https:\/\/labestiadeportiva.com\/lbd\/wp-content\/uploads\/2017\/01\/pablo-prigioni-trade-houston_crop1424451178268.jpg 960w\" sizes=\"(max-width: 300px) 100vw, 300px\" \/><\/a>Mediante una carta publicada en su cuenta oficial de Twitter, Pablo Prigioni, confirm\u00f3 su retiro definitivo de la actividad. M\u00e1s de 20 a\u00f1os de carrera para el base argentino que dej\u00f3 un sello en la disciplina y el puesto.<!--more--><\/p>\n<p>Para algunos fue sorpresivo el anuncio, para otros era algo que se ven\u00eda venir, pero lo cierto es que el ex base de la Selecci\u00f3n Argentina, le dijo adi\u00f3s definitivo a la competencia profesional. Prigioni fue un jugador que se super\u00f3 d\u00eda a d\u00eda, para llegar al punto m\u00e1ximo, que fue la NBA a los 37 a\u00f1os.<\/p>\n<p>Prigioni fue uno de los mejores bases que dio el b\u00e1squet nacional, un excelente defensor, siempre atento para lograr robo de balones, y con un inteligencia descomunal, a la hora de dar pases que a veces eran imperceptibles hasta para la televisi\u00f3n.<\/p>\n<p>Pablo, hizo se debut en el a\u00f1o 1994 en Club Social Ramallo. Pas\u00f3 por\u00a0 Belgrano de San Nicol\u00e1s y Obras Sanitarias. En suelo espa\u00f1ol jug\u00f3 en Fuenlabrada, Lucentum Alicante, TAU Cer\u00e1mica, Real Madrid y Baskonia.<\/p>\n<p>En 2012, dar\u00eda el salto a la NBA, firmando con New York Knicks, donde permasnecer\u00eda desde la temporada 2012 a la 2015. En febrero de ese a\u00f1o pas\u00f3 a Houston Rockets donde estar\u00eda hasta julio del mismo a\u00f1o, para luego ser traspasado a los Clippers. Tras una temporada en la franquicia de Los \u00c1ngeles, regres\u00f3 a Houston. A un d\u00eda del inicio de la actual temporada de la NBA, los Rockets decidieron cortar al argentino.<\/p>\n<p>Con la selecci\u00f3n logr\u00f3 la medalla de la Plata en el Sudamericano del 2003, tambi\u00e9n el segundo puesta en el FIBA Am\u00e9ricas en el mismo a\u00f1o, en el 2004 consigui\u00f3 la medalla de Oro en el Sudamericano, en el torneo de las Am\u00e9ricas del 2007 se alz\u00f3 con la medalla de Oro, luego en el 2008 obtuvo la medalla de Bronce en los JJ.OO de Pek\u00edn 2008, otro Bronce en el Fiba Am\u00e9ricas del 2009 y por ultimo medalla de Oro en el torneo de las Am\u00e9ricas del 2011.<\/p>\n<p>M\u00e1s all\u00e1 de todos estos logros colectivos nos quedamos con su talento y sinceridad pues entre los principales conceptos del comunicado expres\u00f3: <span style=\"color: #0000ff;\">\u201cMi cabeza y mi cuerpo est\u00e1n completamente de acuerdo en que este es el momento. Ambos ya no tienen la fortaleza que yo exijo como competidor al m\u00e1s alto nivel. He superado l\u00edmites que jam\u00e1s hab\u00eda imaginado.\u201d<\/span><\/p>\n<p>Pablo Prigioni, un grande del b\u00e1squet que nos entreg\u00f3 m\u00e1s de 20 a\u00f1os al mejor nivel con un talento y profesionalismo fuera de lo com\u00fan. Gracias por todo.<\/p>\n<div class='epvc-post-count'><span class='epvc-eye'><\/span>  <span class=\"epvc-count\"> 1.049<\/span><span class='epvc-label'> veces le\u00edda<\/span><\/div>\n<div class=\"jwsharethis\">\nShare this: \n<br \/>\n<a href=\"mailto:?subject=%E2%80%9CMe%20retiro%20de%20la%20competencia%20profesional%20de%20b%C3%A1squet%E2%80%9D&amp;body=https%3A%2F%2Flabestiadeportiva.com%2Flbd%2Fme-retiro-de-la-competencia-profesional-de-basquet%2F\">\n<img src=\"https:\/\/labestiadeportiva.com\/lbd\/wp-content\/plugins\/jw-share-this\/email.png\" alt=\"Share this page via Email\" \/>\n<\/a>\n<a target=\"_blank\" href=\"http:\/\/www.stumbleupon.com\/submit?url=https%3A%2F%2Flabestiadeportiva.com%2Flbd%2Fme-retiro-de-la-competencia-profesional-de-basquet%2F&amp;title=%E2%80%9CMe+retiro+de+la+competencia+profesional+de+b%C3%A1squet%E2%80%9D\">\n<img src=\"https:\/\/labestiadeportiva.com\/lbd\/wp-content\/plugins\/jw-share-this\/su.png\" alt=\"Share this page via Stumble Upon\" \/>\n<\/a>\n<a target=\"_blank\" href=\"http:\/\/digg.com\/submit?url=https%3A%2F%2Flabestiadeportiva.com%2Flbd%2Fme-retiro-de-la-competencia-profesional-de-basquet%2F&amp;title=%E2%80%9CMe+retiro+de+la+competencia+profesional+de+b%C3%A1squet%E2%80%9D\">\n<img src=\"https:\/\/labestiadeportiva.com\/lbd\/wp-content\/plugins\/jw-share-this\/digg.png\" alt=\"Share this page via Digg this\" \/>\n<\/a>\n<a target=\"_blank\" href=\"http:\/\/www.facebook.com\/sharer.php?u=https%3A%2F%2Flabestiadeportiva.com%2Flbd%2Fme-retiro-de-la-competencia-profesional-de-basquet%2F&amp;t=%E2%80%9CMe+retiro+de+la+competencia+profesional+de+b%C3%A1squet%E2%80%9D\">\n<img src=\"https:\/\/labestiadeportiva.com\/lbd\/wp-content\/plugins\/jw-share-this\/fb.png\" alt=\"Share this page via Facebook\" \/>\n<\/a>\n<a target=\"_blank\" href=\"http:\/\/twitter.com\/intent\/tweet?text=I+like+https%3A%2F%2Flabestiadeportiva.com%2Flbd%2Fme-retiro-de-la-competencia-profesional-de-basquet%2F&amp;title=%E2%80%9CMe+retiro+de+la+competencia+profesional+de+b%C3%A1squet%E2%80%9D\">\n<img src=\"https:\/\/labestiadeportiva.com\/lbd\/wp-content\/plugins\/jw-share-this\/twitter.png\" alt=\"Share this page via Twitter\" \/>\n<\/a>\n<\/div>\n","protected":false},"excerpt":{"rendered":"<p>Por Agust\u00edn \u201cColo\u201d Aguirre (Corresponsal LBD en La Pampa) Mediante una carta publicada en su cuenta oficial de Twitter, Pablo Prigioni, confirm\u00f3 su retiro definitivo de la actividad. M\u00e1s de 20 a\u00f1os de carrera para el base argentino que dej\u00f3 un sello en la disciplina y el puesto. 1.049 veces le\u00edda Share this:<\/p>\n","protected":false},"author":1,"featured_media":22820,"comment_status":"open","ping_status":"open","sticky":false,"template":"","format":"standard","meta":[],"categories":[2432,1246,4,6,1],"tags":[171,83,2946,2621],"_links":{"self":[{"href":"https:\/\/labestiadeportiva.com\/lbd\/wp-json\/wp\/v2\/posts\/22819"}],"collection":[{"href":"https:\/\/labestiadeportiva.com\/lbd\/wp-json\/wp\/v2\/posts"}],"about":[{"href":"https:\/\/labestiadeportiva.com\/lbd\/wp-json\/wp\/v2\/types\/post"}],"author":[{"embeddable":true,"href":"https:\/\/labestiadeportiva.com\/lbd\/wp-json\/wp\/v2\/users\/1"}],"replies":[{"embeddable":true,"href":"https:\/\/labestiadeportiva.com\/lbd\/wp-json\/wp\/v2\/comments?post=22819"}],"version-history":[{"count":1,"href":"https:\/\/labestiadeportiva.com\/lbd\/wp-json\/wp\/v2\/posts\/22819\/revisions"}],"predecessor-version":[{"id":22821,"href":"https:\/\/labestiadeportiva.com\/lbd\/wp-json\/wp\/v2\/posts\/22819\/revisions\/22821"}],"wp:featuredmedia":[{"embeddable":true,"href":"https:\/\/labestiadeportiva.com\/lbd\/wp-json\/wp\/v2\/media\/22820"}],"wp:attachment":[{"href":"https:\/\/labestiadeportiva.com\/lbd\/wp-json\/wp\/v2\/media?parent=22819"}],"wp:term":[{"taxonomy":"category","embeddable":true,"href":"https:\/\/labestiadeportiva.com\/lbd\/wp-json\/wp\/v2\/categories?post=22819"},{"taxonomy":"post_tag","embeddable":true,"href":"https:\/\/labestiadeportiva.com\/lbd\/wp-json\/wp\/v2\/tags?post=22819"}],"curies":[{"name":"wp","href":"https:\/\/api.w.org\/{rel}","templated":true}]}}