{"id":22869,"date":"2017-01-16T18:15:48","date_gmt":"2017-01-16T21:15:48","guid":{"rendered":"http:\/\/labestiadeportiva.com\/lbd\/?p=22869"},"modified":"2017-01-16T18:38:05","modified_gmt":"2017-01-16T21:38:05","slug":"comenzo-el-abierto-de-australia-2017","status":"publish","type":"post","link":"https:\/\/labestiadeportiva.com\/lbd\/comenzo-el-abierto-de-australia-2017\/","title":{"rendered":"Comenz\u00f3 el Abierto de Australia 2017"},"content":{"rendered":"<p><strong><a href=\"http:\/\/labestiadeportiva.com\/lbd\/wp-content\/uploads\/2017\/01\/IMG_4788.jpg\"><img loading=\"lazy\" class=\"aligncenter size-medium wp-image-22873\" src=\"http:\/\/labestiadeportiva.com\/lbd\/wp-content\/uploads\/2017\/01\/IMG_4788-300x191.jpg\" alt=\"IMG_4788\" width=\"300\" height=\"191\" srcset=\"https:\/\/labestiadeportiva.com\/lbd\/wp-content\/uploads\/2017\/01\/IMG_4788-300x191.jpg 300w, https:\/\/labestiadeportiva.com\/lbd\/wp-content\/uploads\/2017\/01\/IMG_4788.jpg 800w\" sizes=\"(max-width: 300px) 100vw, 300px\" \/><\/a><\/strong><\/p>\n<p style=\"text-align: center;\"><em>Por Mat\u00edas Pouso (Corresponsal LBD en CABA)<\/em><\/p>\n<p><strong>El primer Grand Slam de la temporada est\u00e1 en marcha y en la jornada inicial hubo una alegr\u00eda y dos despedidas para los argentinos: Diego Schwartzman clasific\u00f3 a la segunda ronda, mientras que Facundo Bagnis y Federico Delbonis ya hicieron las valijas. Esta noche ser\u00e1 el turno de Carlos Berlocq, Guido Pella, Horacio Zeballos y Renzo Olivo, los cuatro albicelestes en la parte baja del cuadro.<\/strong><!--more--><\/p>\n<p>El Australian Open 2017 ya comenz\u00f3 y con mucha presencia argentina desde el arranque. El torneo oce\u00e1nico es la primer gran cita del a\u00f1o y el \u00fanico ausente con aviso fue Juan Mart\u00edn Del Potro, el resto de los candidatos habituales ya se encuentran en Melbourne buscando tener una gran temporada desde temprano.<\/p>\n<p>Hoy s\u00f3lo uno de nuestros tres representantes\u00a0que debut\u00f3 pudo acceder a la siguiente ronda: Diego Schwartzman, quien jug\u00f3 un partido impecable y se aprovech\u00f3 de los errores del uruguayo Pablo Cuevas para vencerlo por 6-3, 6-3 y 6-0 en una hora y media de partido. En la pr\u00f3xima rueda se enfrentar\u00e1 al belga Steve Darcis.<\/p>\n<p>Otro de los argentinos que sali\u00f3 a la cancha fue Federico Delbonis, quien se despidi\u00f3 luego de caer por 6-3, 6-4 y 6-4 en dos horas ante Steve Johnson. El azule\u00f1o, uno de los h\u00e9roes campeones de la Copa Davis, no lleg\u00f3 al 100% f\u00edsicamente y eso repercuti\u00f3 negativamente en su nivel. Si bien el estadounidense es un buen jugador, se esperaba m\u00e1s de Fede, que se ubica en el puesto 41 del ranking y vive uno de los mejores momentos de su carrera.<\/p>\n<p>Por \u00faltimo, Facundo Bagnis no pudo ante el brit\u00e1nico Daniel Evans cayendo por 7-6 (8), 6-3 y 6-1 en casi dos horas de partido. Era la primera vez que el rosarino acced\u00eda al cuadro principal del Abierto de Australia y su mejor registro en torneos de esta categor\u00eda fue en 2016 cuando alcanz\u00f3 la segunda ronda en Roland Garros.<\/p>\n<p>La segunda tanda de partidos tendr\u00e1 a cuatro albicelestes\u00a0buscando avanzar a la segunda, con Carlos Berlocq, Guido Pella, Horacio Zeballos y Renzo Olivo en la cartelera. Desde las 22.30, Berlocq (90\u00ba), enfrentar\u00e1 al moldavo Radu Albot (96\u00ba). El oriundo de Chascom\u00fas intentar\u00e1\u00a0 igualar su mejor marca en Melbourne, donde accedi\u00f3 a la segunda fase como lo hizo en 2012 y 2013.<\/p>\n<p>A las 0.30 del martes, Pella (81\u00ba) chocar\u00e1 con el espa\u00f1ol Roberto Bautista-Agut (14\u00ba), mientras que Zeballos (68\u00ba) ir\u00e1 contra el viejo conocido Ivo Karlovic (21\u00ba). Por \u00faltimo, desde las 2am, Olivo (79\u00ba) jugar\u00e1 ante el surcoreano Hyeon Chung (105\u00ba).<\/p>\n<div class='epvc-post-count'><span class='epvc-eye'><\/span>  <span class=\"epvc-count\"> 1.187<\/span><span class='epvc-label'> veces le\u00edda<\/span><\/div>\n<div class=\"jwsharethis\">\nShare this: \n<br \/>\n<a href=\"mailto:?subject=Comenz%C3%B3%20el%20Abierto%20de%20Australia%202017&amp;body=https%3A%2F%2Flabestiadeportiva.com%2Flbd%2Fcomenzo-el-abierto-de-australia-2017%2F\">\n<img src=\"https:\/\/labestiadeportiva.com\/lbd\/wp-content\/plugins\/jw-share-this\/email.png\" alt=\"Share this page via Email\" \/>\n<\/a>\n<a target=\"_blank\" href=\"http:\/\/www.stumbleupon.com\/submit?url=https%3A%2F%2Flabestiadeportiva.com%2Flbd%2Fcomenzo-el-abierto-de-australia-2017%2F&amp;title=Comenz%C3%B3+el+Abierto+de+Australia+2017\">\n<img src=\"https:\/\/labestiadeportiva.com\/lbd\/wp-content\/plugins\/jw-share-this\/su.png\" alt=\"Share this page via Stumble Upon\" \/>\n<\/a>\n<a target=\"_blank\" href=\"http:\/\/digg.com\/submit?url=https%3A%2F%2Flabestiadeportiva.com%2Flbd%2Fcomenzo-el-abierto-de-australia-2017%2F&amp;title=Comenz%C3%B3+el+Abierto+de+Australia+2017\">\n<img src=\"https:\/\/labestiadeportiva.com\/lbd\/wp-content\/plugins\/jw-share-this\/digg.png\" alt=\"Share this page via Digg this\" \/>\n<\/a>\n<a target=\"_blank\" href=\"http:\/\/www.facebook.com\/sharer.php?u=https%3A%2F%2Flabestiadeportiva.com%2Flbd%2Fcomenzo-el-abierto-de-australia-2017%2F&amp;t=Comenz%C3%B3+el+Abierto+de+Australia+2017\">\n<img src=\"https:\/\/labestiadeportiva.com\/lbd\/wp-content\/plugins\/jw-share-this\/fb.png\" alt=\"Share this page via Facebook\" \/>\n<\/a>\n<a target=\"_blank\" href=\"http:\/\/twitter.com\/intent\/tweet?text=I+like+https%3A%2F%2Flabestiadeportiva.com%2Flbd%2Fcomenzo-el-abierto-de-australia-2017%2F&amp;title=Comenz%C3%B3+el+Abierto+de+Australia+2017\">\n<img src=\"https:\/\/labestiadeportiva.com\/lbd\/wp-content\/plugins\/jw-share-this\/twitter.png\" alt=\"Share this page via Twitter\" \/>\n<\/a>\n<\/div>\n","protected":false},"excerpt":{"rendered":"<p>Por Mat\u00edas Pouso (Corresponsal LBD en CABA) El primer Grand Slam de la temporada est\u00e1 en marcha y en la jornada inicial hubo una alegr\u00eda y dos despedidas para los argentinos: Diego Schwartzman clasific\u00f3 a la segunda ronda, mientras que Facundo Bagnis y Federico Delbonis ya hicieron las valijas. Esta noche ser\u00e1 el turno de &hellip; <a href=\"https:\/\/labestiadeportiva.com\/lbd\/comenzo-el-abierto-de-australia-2017\/\" class=\"more-link\">Seguir leyendo <span class=\"screen-reader-text\">Comenz\u00f3 el Abierto de Australia 2017<\/span> <span class=\"meta-nav\">&rarr;<\/span><\/a><\/p>\n","protected":false},"author":1,"featured_media":22871,"comment_status":"open","ping_status":"open","sticky":false,"template":"","format":"standard","meta":[],"categories":[4,1,39],"tags":[2960,992,2959,2963,2962,2961],"_links":{"self":[{"href":"https:\/\/labestiadeportiva.com\/lbd\/wp-json\/wp\/v2\/posts\/22869"}],"collection":[{"href":"https:\/\/labestiadeportiva.com\/lbd\/wp-json\/wp\/v2\/posts"}],"about":[{"href":"https:\/\/labestiadeportiva.com\/lbd\/wp-json\/wp\/v2\/types\/post"}],"author":[{"embeddable":true,"href":"https:\/\/labestiadeportiva.com\/lbd\/wp-json\/wp\/v2\/users\/1"}],"replies":[{"embeddable":true,"href":"https:\/\/labestiadeportiva.com\/lbd\/wp-json\/wp\/v2\/comments?post=22869"}],"version-history":[{"count":3,"href":"https:\/\/labestiadeportiva.com\/lbd\/wp-json\/wp\/v2\/posts\/22869\/revisions"}],"predecessor-version":[{"id":22876,"href":"https:\/\/labestiadeportiva.com\/lbd\/wp-json\/wp\/v2\/posts\/22869\/revisions\/22876"}],"wp:featuredmedia":[{"embeddable":true,"href":"https:\/\/labestiadeportiva.com\/lbd\/wp-json\/wp\/v2\/media\/22871"}],"wp:attachment":[{"href":"https:\/\/labestiadeportiva.com\/lbd\/wp-json\/wp\/v2\/media?parent=22869"}],"wp:term":[{"taxonomy":"category","embeddable":true,"href":"https:\/\/labestiadeportiva.com\/lbd\/wp-json\/wp\/v2\/categories?post=22869"},{"taxonomy":"post_tag","embeddable":true,"href":"https:\/\/labestiadeportiva.com\/lbd\/wp-json\/wp\/v2\/tags?post=22869"}],"curies":[{"name":"wp","href":"https:\/\/api.w.org\/{rel}","templated":true}]}}