{"id":22912,"date":"2017-01-19T19:32:37","date_gmt":"2017-01-19T22:32:37","guid":{"rendered":"http:\/\/labestiadeportiva.com\/lbd\/?p=22912"},"modified":"2017-01-19T20:18:33","modified_gmt":"2017-01-19T23:18:33","slug":"5-fueguinos-con-becas-del-enard","status":"publish","type":"post","link":"https:\/\/labestiadeportiva.com\/lbd\/5-fueguinos-con-becas-del-enard\/","title":{"rendered":"5 fueguinos con becas del ENARD"},"content":{"rendered":"<p><a href=\"http:\/\/labestiadeportiva.com\/lbd\/wp-content\/uploads\/2017\/01\/descarga2.jpg\"><img loading=\"lazy\" class=\"alignleft size-full wp-image-22913\" src=\"http:\/\/labestiadeportiva.com\/lbd\/wp-content\/uploads\/2017\/01\/descarga2.jpg\" alt=\"descarga\" width=\"269\" height=\"187\" \/><\/a>Erik Varas (esgrima), Roc\u00edo Ledesma (judo\/discapacidad), \u00c1ngelo Villalobos (Judo), Lisandro Muhoberac (discapacidad) y Sebasti\u00e1n Menci (esqu\u00ed de fondo) fueron alcanzados por la ayuda econ\u00f3mica que brinda el Ente Nacional de Alto Rendimiento Deportivo durante esta temporada.<!--more--><\/p>\n<p>En los \u00faltimos d\u00edas el Secretario de Deportes de la Naci\u00f3n, el pampeano Javier Mac Allister, inform\u00f3 quienes acceder\u00e1n a la ayuda econ\u00f3mica anual de la presente temporada.<\/p>\n<p>La misma tiene como principal objetivo el de colaborar con deportistas y entrenadores en su puesta a punto, perfeccionamiento, planificaciones anuales y compromisos a los que concurren.<\/p>\n<p>Erik Varas (18 a\u00f1os) \u00a0y \u00c1ngelo Villalobos (20 a\u00f1os), ambos con presencias internacionales, fueron enrolados en la categor\u00eda \u201cJ\u00f3venes Talentos\u201d y percibir\u00e1n una suma mensual de 4.800 pesos.<\/p>\n<p>En el caso de Roc\u00edo Ledesma (18 a\u00f1os), judoca riograndense con discapacidad visual, quien estuvo presente en los Juegos \u00a0Parapanamericanos 2015 tendr\u00e1 a disposici\u00f3n 10.000 pesos mensuales para colaborar con su puesta a punto.<\/p>\n<p>En cuanto a los entrenadores el profesor Lisandro Muhoberac, quien forma parte del Cuerpo T\u00e9cnico de la Selecci\u00f3n Argentina de PC (Par\u00e1lisis Cerebral), \u00a0siendo parte del Atletismo Paral\u00edmpico recibir\u00e1 9.000 pesos mensuales, finalmente su par el profesor Sebasti\u00e1n Menci referente del esqu\u00ed de fondo y preparador f\u00edsico de Mat\u00edas Zuloaga, el esquiador con mayor proyecci\u00f3n en la disciplina dispondr\u00e1 de 12.000 pesos mensuales.<\/p>\n<p>Los compromisos de los atletas argentinos ser\u00e1n varios y casi ininterrumpidos dado que desde el 2017 al 2020 tendr\u00e1n por delante Sudamericanos, los propios Juegos Ol\u00edmpicos de la Juventud en Buenos Aires, Panamericanos, Juegos de Invierno y Mundiales por partida doble en el caso del atletismo.<\/p>\n<div class='epvc-post-count'><span class='epvc-eye'><\/span>  <span class=\"epvc-count\"> 1.124<\/span><span class='epvc-label'> veces le\u00edda<\/span><\/div>\n<div class=\"jwsharethis\">\nShare this: \n<br \/>\n<a href=\"mailto:?subject=5%20fueguinos%20con%20becas%20del%20ENARD&amp;body=https%3A%2F%2Flabestiadeportiva.com%2Flbd%2F5-fueguinos-con-becas-del-enard%2F\">\n<img src=\"https:\/\/labestiadeportiva.com\/lbd\/wp-content\/plugins\/jw-share-this\/email.png\" alt=\"Share this page via Email\" \/>\n<\/a>\n<a target=\"_blank\" href=\"http:\/\/www.stumbleupon.com\/submit?url=https%3A%2F%2Flabestiadeportiva.com%2Flbd%2F5-fueguinos-con-becas-del-enard%2F&amp;title=5+fueguinos+con+becas+del+ENARD\">\n<img src=\"https:\/\/labestiadeportiva.com\/lbd\/wp-content\/plugins\/jw-share-this\/su.png\" alt=\"Share this page via Stumble Upon\" \/>\n<\/a>\n<a target=\"_blank\" href=\"http:\/\/digg.com\/submit?url=https%3A%2F%2Flabestiadeportiva.com%2Flbd%2F5-fueguinos-con-becas-del-enard%2F&amp;title=5+fueguinos+con+becas+del+ENARD\">\n<img src=\"https:\/\/labestiadeportiva.com\/lbd\/wp-content\/plugins\/jw-share-this\/digg.png\" alt=\"Share this page via Digg this\" \/>\n<\/a>\n<a target=\"_blank\" href=\"http:\/\/www.facebook.com\/sharer.php?u=https%3A%2F%2Flabestiadeportiva.com%2Flbd%2F5-fueguinos-con-becas-del-enard%2F&amp;t=5+fueguinos+con+becas+del+ENARD\">\n<img src=\"https:\/\/labestiadeportiva.com\/lbd\/wp-content\/plugins\/jw-share-this\/fb.png\" alt=\"Share this page via Facebook\" \/>\n<\/a>\n<a target=\"_blank\" href=\"http:\/\/twitter.com\/intent\/tweet?text=I+like+https%3A%2F%2Flabestiadeportiva.com%2Flbd%2F5-fueguinos-con-becas-del-enard%2F&amp;title=5+fueguinos+con+becas+del+ENARD\">\n<img src=\"https:\/\/labestiadeportiva.com\/lbd\/wp-content\/plugins\/jw-share-this\/twitter.png\" alt=\"Share this page via Twitter\" \/>\n<\/a>\n<\/div>\n","protected":false},"excerpt":{"rendered":"<p>Erik Varas (esgrima), Roc\u00edo Ledesma (judo\/discapacidad), \u00c1ngelo Villalobos (Judo), Lisandro Muhoberac (discapacidad) y Sebasti\u00e1n Menci (esqu\u00ed de fondo) fueron alcanzados por la ayuda econ\u00f3mica que brinda el Ente Nacional de Alto Rendimiento Deportivo durante esta temporada. 1.124 veces le\u00edda Share this:<\/p>\n","protected":false},"author":1,"featured_media":22913,"comment_status":"open","ping_status":"open","sticky":false,"template":"","format":"standard","meta":[],"categories":[5,6,1],"tags":[2973,486,2974,83],"_links":{"self":[{"href":"https:\/\/labestiadeportiva.com\/lbd\/wp-json\/wp\/v2\/posts\/22912"}],"collection":[{"href":"https:\/\/labestiadeportiva.com\/lbd\/wp-json\/wp\/v2\/posts"}],"about":[{"href":"https:\/\/labestiadeportiva.com\/lbd\/wp-json\/wp\/v2\/types\/post"}],"author":[{"embeddable":true,"href":"https:\/\/labestiadeportiva.com\/lbd\/wp-json\/wp\/v2\/users\/1"}],"replies":[{"embeddable":true,"href":"https:\/\/labestiadeportiva.com\/lbd\/wp-json\/wp\/v2\/comments?post=22912"}],"version-history":[{"count":3,"href":"https:\/\/labestiadeportiva.com\/lbd\/wp-json\/wp\/v2\/posts\/22912\/revisions"}],"predecessor-version":[{"id":22916,"href":"https:\/\/labestiadeportiva.com\/lbd\/wp-json\/wp\/v2\/posts\/22912\/revisions\/22916"}],"wp:featuredmedia":[{"embeddable":true,"href":"https:\/\/labestiadeportiva.com\/lbd\/wp-json\/wp\/v2\/media\/22913"}],"wp:attachment":[{"href":"https:\/\/labestiadeportiva.com\/lbd\/wp-json\/wp\/v2\/media?parent=22912"}],"wp:term":[{"taxonomy":"category","embeddable":true,"href":"https:\/\/labestiadeportiva.com\/lbd\/wp-json\/wp\/v2\/categories?post=22912"},{"taxonomy":"post_tag","embeddable":true,"href":"https:\/\/labestiadeportiva.com\/lbd\/wp-json\/wp\/v2\/tags?post=22912"}],"curies":[{"name":"wp","href":"https:\/\/api.w.org\/{rel}","templated":true}]}}