{"id":2318,"date":"2013-01-04T15:54:53","date_gmt":"2013-01-04T15:54:53","guid":{"rendered":"http:\/\/labestiadeportiva.com\/lbd\/?p=2318"},"modified":"2013-01-04T15:57:22","modified_gmt":"2013-01-04T15:57:22","slug":"cuenta-regresiva","status":"publish","type":"post","link":"https:\/\/labestiadeportiva.com\/lbd\/cuenta-regresiva\/","title":{"rendered":"Cuenta regresiva"},"content":{"rendered":"<p><em>Por Mauricio Zentner Lavori (Corresponsal LBD en Buenos Aires)<\/em><\/p>\n<p>Lucas Bonetto y Marcelo Fern\u00e1ndez superaron la revisaci\u00f3n previa t\u00e9cnica\/administrativa en la Village Dakar de Magdalena, Per\u00fa y recuperan energ\u00edas pensando en la largada de ma\u00f1ana. Dos ilusiones con acento ushuaiense en el rally m\u00e1s duro del planeta: orgullo fueguino.<\/p>\n<figure id=\"attachment_2320\" aria-describedby=\"caption-attachment-2320\" style=\"width: 570px\" class=\"wp-caption aligncenter\"><a href=\"http:\/\/labestiadeportiva.com\/lbd\/wp-content\/uploads\/2013\/01\/282941_580874721939623_1138543230_n.jpg\"><img loading=\"lazy\" class=\"wp-image-2320 \" title=\"Bonetto\" src=\"http:\/\/labestiadeportiva.com\/lbd\/wp-content\/uploads\/2013\/01\/282941_580874721939623_1138543230_n.jpg\" alt=\"\" width=\"570\" height=\"210\" srcset=\"https:\/\/labestiadeportiva.com\/lbd\/wp-content\/uploads\/2013\/01\/282941_580874721939623_1138543230_n.jpg 950w, https:\/\/labestiadeportiva.com\/lbd\/wp-content\/uploads\/2013\/01\/282941_580874721939623_1138543230_n-300x110.jpg 300w\" sizes=\"(max-width: 570px) 100vw, 570px\" \/><\/a><figcaption id=\"caption-attachment-2320\" class=\"wp-caption-text\">Foto: Todo Motor Per\u00fa<\/figcaption><\/figure>\n<p><!--moreLeer nota completa --><\/p>\n<p>M\u00e1s de 7500 kil\u00f3metros separan a Ushuaia con la capital peruana de Lima y, si bien eso ser\u00eda un impedimento para competir a tan alto nivel, no es escollo para ninguno de los dos pilotos fueguinos que dar\u00e1 el presente en la largada de la 34ta edici\u00f3n del Rally Dakar.<\/p>\n<p>Lucas Bonetto, qui\u00e9n volver\u00e1 a formar parte a bordo de su Honda 700, pis\u00f3 suelo extranjero justo antes de que las agujas del reloj indiquen el comienzo de un nuevo a\u00f1o mientras que Marcelo Fern\u00e1ndez, qui\u00e9n lo har\u00e1 al comando de un Can-am, lo hizo un par de d\u00edas antes junto a su familia y su preparador f\u00edsico.<\/p>\n<p>El pasado mi\u00e9rcoles por la tarde, en la Village Dakar de Magdalena, los ushuaienses presentaron sus m\u00e1quinas y superaron las revisaciones t\u00e9cnicas y administrativas protocolares previas.<\/p>\n<p style=\"text-align: center;\"><a href=\"http:\/\/labestiadeportiva.com\/lbd\/wp-content\/uploads\/2013\/01\/Village-Magdalena.jpg\"><img loading=\"lazy\" class=\"wp-image-2319 aligncenter\" title=\"Village Magdalena\" src=\"http:\/\/labestiadeportiva.com\/lbd\/wp-content\/uploads\/2013\/01\/Village-Magdalena.jpg\" alt=\"\" width=\"564\" height=\"165\" srcset=\"https:\/\/labestiadeportiva.com\/lbd\/wp-content\/uploads\/2013\/01\/Village-Magdalena.jpg 1959w, https:\/\/labestiadeportiva.com\/lbd\/wp-content\/uploads\/2013\/01\/Village-Magdalena-300x87.jpg 300w, https:\/\/labestiadeportiva.com\/lbd\/wp-content\/uploads\/2013\/01\/Village-Magdalena-1024x298.jpg 1024w\" sizes=\"(max-width: 564px) 100vw, 564px\" \/><\/a><\/p>\n<p><em>\u201cD\u00eda de verificaciones por la ma\u00f1ana, todo de diez. R\u00e1pido y sin problemas. \u00a1La m\u00e1quina ya est\u00e1 en parque cerrado hasta el d\u00eda de la largada!\u201d<\/em>, escribi\u00f3 el capitalino que fue s\u00e9ptimo en su anterior Dakar v\u00eda Twitter mientras que Marcelo Fern\u00e1ndez se mostr\u00f3 ansioso por el arranque de una aventura nueva: \u201c<em>Estoy ansioso y expectante por la largada de mi primer Dakar pero contento porque pasamos todo OK\u201d<\/em>.<\/p>\n<p style=\"text-align: center;\"><a href=\"http:\/\/labestiadeportiva.com\/lbd\/wp-content\/uploads\/2013\/01\/Previa-2.jpg\"><img loading=\"lazy\" class=\"aligncenter  wp-image-2321\" title=\"Previa 2\" src=\"http:\/\/labestiadeportiva.com\/lbd\/wp-content\/uploads\/2013\/01\/Previa-2.jpg\" alt=\"\" width=\"570\" height=\"210\" srcset=\"https:\/\/labestiadeportiva.com\/lbd\/wp-content\/uploads\/2013\/01\/Previa-2.jpg 950w, https:\/\/labestiadeportiva.com\/lbd\/wp-content\/uploads\/2013\/01\/Previa-2-300x110.jpg 300w\" sizes=\"(max-width: 570px) 100vw, 570px\" \/><\/a><\/p>\n<p>Ma\u00f1ana la actividad comprender\u00e1 la rampa simb\u00f3lica, luego un enlace de algo m\u00e1s de cien kil\u00f3metros antes de dar inicio a la especial \u201cprotocolar\u201d de 13 km. que pondr\u00e1 punto final a la primera etapa.<\/p>\n<p>El segundo d\u00eda de carrera, el domingo, someter\u00e1 a los pilotos a una zona de dunas y arena blanda que pondr\u00e1 a prueba de manera exigente a las unidades iniciando el \u201cverdadero\u201d Dakar.<\/p>\n<p>Cuenta regresiva para el arranque\u2026<\/p>\n<div class='epvc-post-count'><span class='epvc-eye'><\/span>  <span class=\"epvc-count\"> 1.161<\/span><span class='epvc-label'> veces le\u00edda<\/span><\/div>\n<div class=\"jwsharethis\">\nShare this: \n<br \/>\n<a href=\"mailto:?subject=Cuenta%20regresiva&amp;body=https%3A%2F%2Flabestiadeportiva.com%2Flbd%2Fcuenta-regresiva%2F\">\n<img src=\"https:\/\/labestiadeportiva.com\/lbd\/wp-content\/plugins\/jw-share-this\/email.png\" alt=\"Share this page via Email\" \/>\n<\/a>\n<a target=\"_blank\" href=\"http:\/\/www.stumbleupon.com\/submit?url=https%3A%2F%2Flabestiadeportiva.com%2Flbd%2Fcuenta-regresiva%2F&amp;title=Cuenta+regresiva\">\n<img src=\"https:\/\/labestiadeportiva.com\/lbd\/wp-content\/plugins\/jw-share-this\/su.png\" alt=\"Share this page via Stumble Upon\" \/>\n<\/a>\n<a target=\"_blank\" href=\"http:\/\/digg.com\/submit?url=https%3A%2F%2Flabestiadeportiva.com%2Flbd%2Fcuenta-regresiva%2F&amp;title=Cuenta+regresiva\">\n<img src=\"https:\/\/labestiadeportiva.com\/lbd\/wp-content\/plugins\/jw-share-this\/digg.png\" alt=\"Share this page via Digg this\" \/>\n<\/a>\n<a target=\"_blank\" href=\"http:\/\/www.facebook.com\/sharer.php?u=https%3A%2F%2Flabestiadeportiva.com%2Flbd%2Fcuenta-regresiva%2F&amp;t=Cuenta+regresiva\">\n<img src=\"https:\/\/labestiadeportiva.com\/lbd\/wp-content\/plugins\/jw-share-this\/fb.png\" alt=\"Share this page via Facebook\" \/>\n<\/a>\n<a target=\"_blank\" href=\"http:\/\/twitter.com\/intent\/tweet?text=I+like+https%3A%2F%2Flabestiadeportiva.com%2Flbd%2Fcuenta-regresiva%2F&amp;title=Cuenta+regresiva\">\n<img src=\"https:\/\/labestiadeportiva.com\/lbd\/wp-content\/plugins\/jw-share-this\/twitter.png\" alt=\"Share this page via Twitter\" \/>\n<\/a>\n<\/div>\n","protected":false},"excerpt":{"rendered":"<p>Por Mauricio Zentner Lavori (Corresponsal LBD en Buenos Aires) Lucas Bonetto y Marcelo Fern\u00e1ndez superaron la revisaci\u00f3n previa t\u00e9cnica\/administrativa en la Village Dakar de Magdalena, Per\u00fa y recuperan energ\u00edas pensando en la largada de ma\u00f1ana. Dos ilusiones con acento ushuaiense en el rally m\u00e1s duro del planeta: orgullo fueguino. 1.161 veces le\u00edda Share this:<\/p>\n","protected":false},"author":1,"featured_media":2320,"comment_status":"open","ping_status":"open","sticky":false,"template":"","format":"standard","meta":[],"categories":[5,4,6,1],"tags":[187,256,186,331,90,332],"_links":{"self":[{"href":"https:\/\/labestiadeportiva.com\/lbd\/wp-json\/wp\/v2\/posts\/2318"}],"collection":[{"href":"https:\/\/labestiadeportiva.com\/lbd\/wp-json\/wp\/v2\/posts"}],"about":[{"href":"https:\/\/labestiadeportiva.com\/lbd\/wp-json\/wp\/v2\/types\/post"}],"author":[{"embeddable":true,"href":"https:\/\/labestiadeportiva.com\/lbd\/wp-json\/wp\/v2\/users\/1"}],"replies":[{"embeddable":true,"href":"https:\/\/labestiadeportiva.com\/lbd\/wp-json\/wp\/v2\/comments?post=2318"}],"version-history":[{"count":3,"href":"https:\/\/labestiadeportiva.com\/lbd\/wp-json\/wp\/v2\/posts\/2318\/revisions"}],"predecessor-version":[{"id":2324,"href":"https:\/\/labestiadeportiva.com\/lbd\/wp-json\/wp\/v2\/posts\/2318\/revisions\/2324"}],"wp:featuredmedia":[{"embeddable":true,"href":"https:\/\/labestiadeportiva.com\/lbd\/wp-json\/wp\/v2\/media\/2320"}],"wp:attachment":[{"href":"https:\/\/labestiadeportiva.com\/lbd\/wp-json\/wp\/v2\/media?parent=2318"}],"wp:term":[{"taxonomy":"category","embeddable":true,"href":"https:\/\/labestiadeportiva.com\/lbd\/wp-json\/wp\/v2\/categories?post=2318"},{"taxonomy":"post_tag","embeddable":true,"href":"https:\/\/labestiadeportiva.com\/lbd\/wp-json\/wp\/v2\/tags?post=2318"}],"curies":[{"name":"wp","href":"https:\/\/api.w.org\/{rel}","templated":true}]}}