{"id":23663,"date":"2017-03-30T21:04:57","date_gmt":"2017-03-31T00:04:57","guid":{"rendered":"http:\/\/labestiadeportiva.com\/lbd\/?p=23663"},"modified":"2017-03-31T10:32:52","modified_gmt":"2017-03-31T13:32:52","slug":"lannes-el-mejor-senior-de-espana","status":"publish","type":"post","link":"https:\/\/labestiadeportiva.com\/lbd\/lannes-el-mejor-senior-de-espana\/","title":{"rendered":"Lannes, el mejor senior de Espa\u00f1a"},"content":{"rendered":"<p><a href=\"http:\/\/labestiadeportiva.com\/lbd\/wp-content\/uploads\/2017\/03\/17553946_1409874309079100_6412007489023880937_n.jpg\"><img loading=\"lazy\" class=\"alignleft size-medium wp-image-23665\" src=\"http:\/\/labestiadeportiva.com\/lbd\/wp-content\/uploads\/2017\/03\/17553946_1409874309079100_6412007489023880937_n-300x264.jpg\" alt=\"17553946_1409874309079100_6412007489023880937_n\" width=\"300\" height=\"264\" srcset=\"https:\/\/labestiadeportiva.com\/lbd\/wp-content\/uploads\/2017\/03\/17553946_1409874309079100_6412007489023880937_n-300x264.jpg 300w, https:\/\/labestiadeportiva.com\/lbd\/wp-content\/uploads\/2017\/03\/17553946_1409874309079100_6412007489023880937_n.jpg 960w\" sizes=\"(max-width: 300px) 100vw, 300px\" \/><\/a>El esquiador de fondo argentino Carlos Lannes gan\u00f3 por segunda vez la Copa Espa\u00f1a, premio que fue entregado el pasado 26 de marzo, transform\u00e1ndose en el deportista con m\u00e1s puntos de la temporada. El experimentado atleta de invierno hizo gala de su regularidad para obtener el positivo resultado. Consultado por LBD expres\u00f3 sus ganas de estar en nuestra Marchablanca y Ushuaia Loppet durante este invierno.<!--more--><\/p>\n<p>A pesar de perder importantes puntos por enfermedad y cuestiones personales antes de su participaci\u00f3n en el Campeonato del Mundo que lo relegaron a la quinta posici\u00f3n sobre el final de temporada pudo recuperarse de la mejor manera.<\/p>\n<p>Triunf\u00f3 en el Campeonato de Arag\u00f3n en t\u00e9cnica cl\u00e1sica siendo segundo dentro del skating, resultados que le sirvieron para volver a ser el l\u00edder de la clasificaci\u00f3n general con opciones de sumar los puntos necesarios en la \u00faltima prueba.<\/p>\n<p><a href=\"http:\/\/labestiadeportiva.com\/lbd\/wp-content\/uploads\/2017\/03\/17554203_1409874239079107_2159559536333138410_n.jpg\"><img loading=\"lazy\" class=\"aligncenter size-medium wp-image-23666\" src=\"http:\/\/labestiadeportiva.com\/lbd\/wp-content\/uploads\/2017\/03\/17554203_1409874239079107_2159559536333138410_n-300x171.jpg\" alt=\"17554203_1409874239079107_2159559536333138410_n\" width=\"300\" height=\"171\" srcset=\"https:\/\/labestiadeportiva.com\/lbd\/wp-content\/uploads\/2017\/03\/17554203_1409874239079107_2159559536333138410_n-300x171.jpg 300w, https:\/\/labestiadeportiva.com\/lbd\/wp-content\/uploads\/2017\/03\/17554203_1409874239079107_2159559536333138410_n.jpg 960w\" sizes=\"(max-width: 300px) 100vw, 300px\" \/><\/a>A pesar de no estar conforme del todo con su producci\u00f3n en la \u00faltima carrera finalmente mostr\u00f3 su satisfacci\u00f3n por lo logrado a lo largo de toda la temporada. Lleg\u00f3 el momento del descanso para el ushuaiense y comenzar a pensar en el invierno del hemisferio sur donde intentar\u00e1 estar nuevamente en el Fin del Mundo para ser parte de las ediciones 2017 de Ushuaia Loppet y Marchablanca.<\/p>\n<p>Desde LBD nos contactamos brevemente con Carlos quien expres\u00f3 que Ushuaia Loppet presentar\u00e1 un verdadera ilusi\u00f3n, poder realizar el desaf\u00edo de 50 k en t\u00e9cnica cl\u00e1sica. Su presencia quedar\u00e1 supeditada a conseguir el apoyo que le permita trasladarse desde el viejo continente a la capital provincial.<\/p>\n<p><a href=\"http:\/\/labestiadeportiva.com\/lbd\/wp-content\/uploads\/2017\/03\/17629813_1409900402409824_4601306797982818776_n.jpg\"><img loading=\"lazy\" class=\"aligncenter size-medium wp-image-23668\" src=\"http:\/\/labestiadeportiva.com\/lbd\/wp-content\/uploads\/2017\/03\/17629813_1409900402409824_4601306797982818776_n-300x225.jpg\" alt=\"17629813_1409900402409824_4601306797982818776_n\" width=\"300\" height=\"225\" srcset=\"https:\/\/labestiadeportiva.com\/lbd\/wp-content\/uploads\/2017\/03\/17629813_1409900402409824_4601306797982818776_n-300x225.jpg 300w, https:\/\/labestiadeportiva.com\/lbd\/wp-content\/uploads\/2017\/03\/17629813_1409900402409824_4601306797982818776_n.jpg 526w\" sizes=\"(max-width: 300px) 100vw, 300px\" \/><\/a><\/p>\n<div class='epvc-post-count'><span class='epvc-eye'><\/span>  <span class=\"epvc-count\"> 1.209<\/span><span class='epvc-label'> veces le\u00edda<\/span><\/div>\n<div class=\"jwsharethis\">\nShare this: \n<br \/>\n<a href=\"mailto:?subject=Lannes%2C%20el%20mejor%20senior%20de%20Espa%C3%B1a&amp;body=https%3A%2F%2Flabestiadeportiva.com%2Flbd%2Flannes-el-mejor-senior-de-espana%2F\">\n<img src=\"https:\/\/labestiadeportiva.com\/lbd\/wp-content\/plugins\/jw-share-this\/email.png\" alt=\"Share this page via Email\" \/>\n<\/a>\n<a target=\"_blank\" href=\"http:\/\/www.stumbleupon.com\/submit?url=https%3A%2F%2Flabestiadeportiva.com%2Flbd%2Flannes-el-mejor-senior-de-espana%2F&amp;title=Lannes%2C+el+mejor+senior+de+Espa%C3%B1a\">\n<img src=\"https:\/\/labestiadeportiva.com\/lbd\/wp-content\/plugins\/jw-share-this\/su.png\" alt=\"Share this page via Stumble Upon\" \/>\n<\/a>\n<a target=\"_blank\" href=\"http:\/\/digg.com\/submit?url=https%3A%2F%2Flabestiadeportiva.com%2Flbd%2Flannes-el-mejor-senior-de-espana%2F&amp;title=Lannes%2C+el+mejor+senior+de+Espa%C3%B1a\">\n<img src=\"https:\/\/labestiadeportiva.com\/lbd\/wp-content\/plugins\/jw-share-this\/digg.png\" alt=\"Share this page via Digg this\" \/>\n<\/a>\n<a target=\"_blank\" href=\"http:\/\/www.facebook.com\/sharer.php?u=https%3A%2F%2Flabestiadeportiva.com%2Flbd%2Flannes-el-mejor-senior-de-espana%2F&amp;t=Lannes%2C+el+mejor+senior+de+Espa%C3%B1a\">\n<img src=\"https:\/\/labestiadeportiva.com\/lbd\/wp-content\/plugins\/jw-share-this\/fb.png\" alt=\"Share this page via Facebook\" \/>\n<\/a>\n<a target=\"_blank\" href=\"http:\/\/twitter.com\/intent\/tweet?text=I+like+https%3A%2F%2Flabestiadeportiva.com%2Flbd%2Flannes-el-mejor-senior-de-espana%2F&amp;title=Lannes%2C+el+mejor+senior+de+Espa%C3%B1a\">\n<img src=\"https:\/\/labestiadeportiva.com\/lbd\/wp-content\/plugins\/jw-share-this\/twitter.png\" alt=\"Share this page via Twitter\" \/>\n<\/a>\n<\/div>\n","protected":false},"excerpt":{"rendered":"<p>El esquiador de fondo argentino Carlos Lannes gan\u00f3 por segunda vez la Copa Espa\u00f1a, premio que fue entregado el pasado 26 de marzo, transform\u00e1ndose en el deportista con m\u00e1s puntos de la temporada. El experimentado atleta de invierno hizo gala de su regularidad para obtener el positivo resultado. Consultado por LBD expres\u00f3 sus ganas de &hellip; <a href=\"https:\/\/labestiadeportiva.com\/lbd\/lannes-el-mejor-senior-de-espana\/\" class=\"more-link\">Seguir leyendo <span class=\"screen-reader-text\">Lannes, el mejor senior de Espa\u00f1a<\/span> <span class=\"meta-nav\">&rarr;<\/span><\/a><\/p>\n","protected":false},"author":1,"featured_media":23665,"comment_status":"open","ping_status":"open","sticky":false,"template":"","format":"standard","meta":[],"categories":[4,41,29,1],"tags":[1921,3091,4832,83],"_links":{"self":[{"href":"https:\/\/labestiadeportiva.com\/lbd\/wp-json\/wp\/v2\/posts\/23663"}],"collection":[{"href":"https:\/\/labestiadeportiva.com\/lbd\/wp-json\/wp\/v2\/posts"}],"about":[{"href":"https:\/\/labestiadeportiva.com\/lbd\/wp-json\/wp\/v2\/types\/post"}],"author":[{"embeddable":true,"href":"https:\/\/labestiadeportiva.com\/lbd\/wp-json\/wp\/v2\/users\/1"}],"replies":[{"embeddable":true,"href":"https:\/\/labestiadeportiva.com\/lbd\/wp-json\/wp\/v2\/comments?post=23663"}],"version-history":[{"count":5,"href":"https:\/\/labestiadeportiva.com\/lbd\/wp-json\/wp\/v2\/posts\/23663\/revisions"}],"predecessor-version":[{"id":23673,"href":"https:\/\/labestiadeportiva.com\/lbd\/wp-json\/wp\/v2\/posts\/23663\/revisions\/23673"}],"wp:featuredmedia":[{"embeddable":true,"href":"https:\/\/labestiadeportiva.com\/lbd\/wp-json\/wp\/v2\/media\/23665"}],"wp:attachment":[{"href":"https:\/\/labestiadeportiva.com\/lbd\/wp-json\/wp\/v2\/media?parent=23663"}],"wp:term":[{"taxonomy":"category","embeddable":true,"href":"https:\/\/labestiadeportiva.com\/lbd\/wp-json\/wp\/v2\/categories?post=23663"},{"taxonomy":"post_tag","embeddable":true,"href":"https:\/\/labestiadeportiva.com\/lbd\/wp-json\/wp\/v2\/tags?post=23663"}],"curies":[{"name":"wp","href":"https:\/\/api.w.org\/{rel}","templated":true}]}}