{"id":24139,"date":"2017-05-08T10:08:07","date_gmt":"2017-05-08T13:08:07","guid":{"rendered":"http:\/\/labestiadeportiva.com\/lbd\/?p=24139"},"modified":"2017-05-08T10:08:07","modified_gmt":"2017-05-08T13:08:07","slug":"la-liga-es-cosa-de-dos","status":"publish","type":"post","link":"https:\/\/labestiadeportiva.com\/lbd\/la-liga-es-cosa-de-dos\/","title":{"rendered":"La Liga es cosa de dos"},"content":{"rendered":"<p>Por Daniel Campos (Corresponsal LBD en Palma de Mallorca, Espa\u00f1a)<\/p>\n<p><a href=\"http:\/\/labestiadeportiva.com\/lbd\/wp-content\/uploads\/2017\/05\/barcelona-villarreal-messi.jpg\"><img loading=\"lazy\" class=\"alignleft size-medium wp-image-24140\" src=\"http:\/\/labestiadeportiva.com\/lbd\/wp-content\/uploads\/2017\/05\/barcelona-villarreal-messi-300x225.jpg\" alt=\"barcelona-villarreal-messi\" width=\"300\" height=\"225\" srcset=\"https:\/\/labestiadeportiva.com\/lbd\/wp-content\/uploads\/2017\/05\/barcelona-villarreal-messi-300x225.jpg 300w, https:\/\/labestiadeportiva.com\/lbd\/wp-content\/uploads\/2017\/05\/barcelona-villarreal-messi.jpg 611w\" sizes=\"(max-width: 300px) 100vw, 300px\" \/><\/a>El Madrid y el Barcelona siguen al frente la clasificaci\u00f3n y todo parece que se decidir\u00e1 en la \u00faltima jornada. La Liga entr\u00f3 ya en su recta final y empez\u00f3 a disputarse, el viernes por la noche, con el cruce entre sevillanos y donostiarras.<!--more--><\/p>\n<p>En el S\u00e1nchez Pizjuan, el Sevilla se dej\u00f3 un par de puntos en su batalla particular por el tercer puesto de la Liga, al igualar con la Real Sociedad, 1 a 1. El primer gol lo anot\u00f3 el argentino Sarabia al final de la primera parte. El tanto de la igualdad para los donostiarras, lo marc\u00f3 Carlos Vela, en el minuto 61 de juego.<\/p>\n<p>El s\u00e1bado sigui\u00f3 el f\u00fatbol y en El Molin\u00f3n, el Sporting de Gij\u00f3n no tira la toalla y se aferra con m\u00e1s ganas que buen juego, a la permanencia. Los asturianos con un solitario gol de Carmona vencieron a la Uni\u00f3n Deportiva Las Palmas.<\/p>\n<p>En el Manzanares, el Atl\u00e9tico de Madrid debi\u00f3 batallar duro contra un correoso Eibar, para quedarse con los tres puntos y la victoria, para confirmarse como tercer mejor equipo de la liga. Un disparo rasante de Sa\u00fal firm\u00f3 el 1 a 0 para los de Simeone, que piensan ya en el partido del mi\u00e9rcoles de Champions.<\/p>\n<p>En el Camp Nou, el Barcelona solvent\u00f3 sin problemas su encuentro ante el Villarreal, gan\u00e1ndole por 4 tantos a 1. Goles blaugranas de Neymar, Luis Su\u00e1rez y dos de Messi, uno de ellos de penal. El descuento para el Villarreral, se lo apunt\u00f3 Bakambu.<\/p>\n<p>En Los C\u00e1rmenes, el Granada ya descendido recibi\u00f3 al Real Madrid, buscaba una victoria para mantener su pulso con el Barcelona. Contest\u00f3 el conjunto de Zidane con similares guarismos, con doblete de James y Morata, 4 a 0 y se acab\u00f3. Tras el tr\u00e1mite, el Madrid ya se prepara para el partido del Vicente Calder\u00f3n.<\/p>\n<p>El domingo al mediod\u00eda, d\u00eda de la Madre en Espa\u00f1a, el t\u00e9cnico argentino Mauricio Pellegrino, dedic\u00f3 el triunfo de su equipo, el Alav\u00e9s, a todas ellas. Los locales vencieron por 1 a 0 al Athletic de Bilbao. El gol, una verdadera obra de arte, disparo cruzado de volea al \u00e1ngulo, lo anot\u00f3 el juvenil Theo.<\/p>\n<p>En Mestalla, ante escaso p\u00fablico, el Valencia gole\u00f3 al Osasuna por 4 a 1. En este caso los goles del conjunto \u201dche\u201d, dos del argentino Garay, uno de Zaza y otro de Rodr\u00edgo, para los de Pamplona descont\u00f3 Olavide.<\/p>\n<p>En Riazor, el Deportivo se complic\u00f3 la tarde y tal vez, la liga, al perder 2 a 1 ante el Espanyol. Le bastaba con sumar dos puntos m\u00e1s, y la permanencia estar\u00eda asegurada. Ahora deber\u00e1 esperar a la pr\u00f3xima jornada.<\/p>\n<p>Abri\u00f3 la cuenta para los catalanes Baptistao en el primer cuarto de hora del partido. Al siguiente cuarto Gerard Moreno anot\u00f3 el segundo y el descuento gallego lleg\u00f3 en la segunda parte, pero el marcador ya no se movi\u00f3 m\u00e1s.<\/p>\n<p>Cerrando la noche de domingo, el M\u00e1laga como local, venci\u00f3 por 3 a 0 al Celta. Anotaron para el equipo de Michel, Ontiveros, Recio de penal y Sandro en el tiempo de a\u00f1adido. El conjunto del Toto Berizzo, quien se march\u00f3 expulsado de La Rosaleda, pensando ya en Old Trafford.<\/p>\n<p>Este lunes completan la fecha el Legan\u00e9s y el Betis en la capital de Espa\u00f1a.<\/p>\n<p><a href=\"http:\/\/labestiadeportiva.com\/lbd\/wp-content\/uploads\/2017\/05\/granada-real-madrid-19_g.jpg\"><img loading=\"lazy\" class=\"aligncenter size-medium wp-image-24141\" src=\"http:\/\/labestiadeportiva.com\/lbd\/wp-content\/uploads\/2017\/05\/granada-real-madrid-19_g-300x216.jpg\" alt=\"granada-real-madrid-19_g\" width=\"300\" height=\"216\" srcset=\"https:\/\/labestiadeportiva.com\/lbd\/wp-content\/uploads\/2017\/05\/granada-real-madrid-19_g-300x216.jpg 300w, https:\/\/labestiadeportiva.com\/lbd\/wp-content\/uploads\/2017\/05\/granada-real-madrid-19_g.jpg 970w\" sizes=\"(max-width: 300px) 100vw, 300px\" \/><\/a><\/p>\n<div class='epvc-post-count'><span class='epvc-eye'><\/span>  <span class=\"epvc-count\"> 1.309<\/span><span class='epvc-label'> veces le\u00edda<\/span><\/div>\n<div class=\"jwsharethis\">\nShare this: \n<br \/>\n<a href=\"mailto:?subject=La%20Liga%20es%20cosa%20de%20dos&amp;body=https%3A%2F%2Flabestiadeportiva.com%2Flbd%2Fla-liga-es-cosa-de-dos%2F\">\n<img src=\"https:\/\/labestiadeportiva.com\/lbd\/wp-content\/plugins\/jw-share-this\/email.png\" alt=\"Share this page via Email\" \/>\n<\/a>\n<a target=\"_blank\" href=\"http:\/\/www.stumbleupon.com\/submit?url=https%3A%2F%2Flabestiadeportiva.com%2Flbd%2Fla-liga-es-cosa-de-dos%2F&amp;title=La+Liga+es+cosa+de+dos\">\n<img src=\"https:\/\/labestiadeportiva.com\/lbd\/wp-content\/plugins\/jw-share-this\/su.png\" alt=\"Share this page via Stumble Upon\" \/>\n<\/a>\n<a target=\"_blank\" href=\"http:\/\/digg.com\/submit?url=https%3A%2F%2Flabestiadeportiva.com%2Flbd%2Fla-liga-es-cosa-de-dos%2F&amp;title=La+Liga+es+cosa+de+dos\">\n<img src=\"https:\/\/labestiadeportiva.com\/lbd\/wp-content\/plugins\/jw-share-this\/digg.png\" alt=\"Share this page via Digg this\" \/>\n<\/a>\n<a target=\"_blank\" href=\"http:\/\/www.facebook.com\/sharer.php?u=https%3A%2F%2Flabestiadeportiva.com%2Flbd%2Fla-liga-es-cosa-de-dos%2F&amp;t=La+Liga+es+cosa+de+dos\">\n<img src=\"https:\/\/labestiadeportiva.com\/lbd\/wp-content\/plugins\/jw-share-this\/fb.png\" alt=\"Share this page via Facebook\" \/>\n<\/a>\n<a target=\"_blank\" href=\"http:\/\/twitter.com\/intent\/tweet?text=I+like+https%3A%2F%2Flabestiadeportiva.com%2Flbd%2Fla-liga-es-cosa-de-dos%2F&amp;title=La+Liga+es+cosa+de+dos\">\n<img src=\"https:\/\/labestiadeportiva.com\/lbd\/wp-content\/plugins\/jw-share-this\/twitter.png\" alt=\"Share this page via Twitter\" \/>\n<\/a>\n<\/div>\n","protected":false},"excerpt":{"rendered":"<p>Por Daniel Campos (Corresponsal LBD en Palma de Mallorca, Espa\u00f1a) El Madrid y el Barcelona siguen al frente la clasificaci\u00f3n y todo parece que se decidir\u00e1 en la \u00faltima jornada. La Liga entr\u00f3 ya en su recta final y empez\u00f3 a disputarse, el viernes por la noche, con el cruce entre sevillanos y donostiarras. 1.309 &hellip; <a href=\"https:\/\/labestiadeportiva.com\/lbd\/la-liga-es-cosa-de-dos\/\" class=\"more-link\">Seguir leyendo <span class=\"screen-reader-text\">La Liga es cosa de dos<\/span> <span class=\"meta-nav\">&rarr;<\/span><\/a><\/p>\n","protected":false},"author":1,"featured_media":24140,"comment_status":"open","ping_status":"open","sticky":false,"template":"","format":"standard","meta":[],"categories":[4,14,2799,1],"tags":[618,17,35,83],"_links":{"self":[{"href":"https:\/\/labestiadeportiva.com\/lbd\/wp-json\/wp\/v2\/posts\/24139"}],"collection":[{"href":"https:\/\/labestiadeportiva.com\/lbd\/wp-json\/wp\/v2\/posts"}],"about":[{"href":"https:\/\/labestiadeportiva.com\/lbd\/wp-json\/wp\/v2\/types\/post"}],"author":[{"embeddable":true,"href":"https:\/\/labestiadeportiva.com\/lbd\/wp-json\/wp\/v2\/users\/1"}],"replies":[{"embeddable":true,"href":"https:\/\/labestiadeportiva.com\/lbd\/wp-json\/wp\/v2\/comments?post=24139"}],"version-history":[{"count":1,"href":"https:\/\/labestiadeportiva.com\/lbd\/wp-json\/wp\/v2\/posts\/24139\/revisions"}],"predecessor-version":[{"id":24142,"href":"https:\/\/labestiadeportiva.com\/lbd\/wp-json\/wp\/v2\/posts\/24139\/revisions\/24142"}],"wp:featuredmedia":[{"embeddable":true,"href":"https:\/\/labestiadeportiva.com\/lbd\/wp-json\/wp\/v2\/media\/24140"}],"wp:attachment":[{"href":"https:\/\/labestiadeportiva.com\/lbd\/wp-json\/wp\/v2\/media?parent=24139"}],"wp:term":[{"taxonomy":"category","embeddable":true,"href":"https:\/\/labestiadeportiva.com\/lbd\/wp-json\/wp\/v2\/categories?post=24139"},{"taxonomy":"post_tag","embeddable":true,"href":"https:\/\/labestiadeportiva.com\/lbd\/wp-json\/wp\/v2\/tags?post=24139"}],"curies":[{"name":"wp","href":"https:\/\/api.w.org\/{rel}","templated":true}]}}