{"id":24344,"date":"2017-05-23T18:20:52","date_gmt":"2017-05-23T21:20:52","guid":{"rendered":"http:\/\/labestiadeportiva.com\/lbd\/?p=24344"},"modified":"2017-05-23T18:20:52","modified_gmt":"2017-05-23T21:20:52","slug":"zverev-campeon-en-roma","status":"publish","type":"post","link":"https:\/\/labestiadeportiva.com\/lbd\/zverev-campeon-en-roma\/","title":{"rendered":"Zverev campe\u00f3n en Roma"},"content":{"rendered":"<p>Por Mat\u00edas Pouso (Corresponsal LBD en CABA)<\/p>\n<p><a href=\"http:\/\/labestiadeportiva.com\/lbd\/wp-content\/uploads\/2017\/05\/1495355077_676685_1495383875_noticia_normal.jpg\"><img loading=\"lazy\" class=\"alignleft size-medium wp-image-24347\" src=\"http:\/\/labestiadeportiva.com\/lbd\/wp-content\/uploads\/2017\/05\/1495355077_676685_1495383875_noticia_normal-300x169.jpg\" alt=\"1495355077_676685_1495383875_noticia_normal\" width=\"300\" height=\"169\" srcset=\"https:\/\/labestiadeportiva.com\/lbd\/wp-content\/uploads\/2017\/05\/1495355077_676685_1495383875_noticia_normal-300x169.jpg 300w, https:\/\/labestiadeportiva.com\/lbd\/wp-content\/uploads\/2017\/05\/1495355077_676685_1495383875_noticia_normal-1024x576.jpg 1024w, https:\/\/labestiadeportiva.com\/lbd\/wp-content\/uploads\/2017\/05\/1495355077_676685_1495383875_noticia_normal.jpg 1200w\" sizes=\"(max-width: 300px) 100vw, 300px\" \/><\/a>El alem\u00e1n Alexander Zverev sorprendi\u00f3 a Novak Djokovic y lo venci\u00f3 en la final del Masters 1000 de Roma por 6-4 y 6-3, en 1 hora y 21 minutos. Es el primer t\u00edtulo de esta categor\u00eda para el germano de 20 a\u00f1os y el tercero en lo que va de la temporada.<!--more--><\/p>\n<p>Nole jugaba este domingo para ganar su trig\u00e9simo primer t\u00edtulo de Masters 1000, luego de dejar en el camino a Juan Mart\u00edn del Potro en cuartos de final y aprovechando la eliminaci\u00f3n de Rafa Nadal en esa misma instancia, todo hac\u00eda presagiar que el serbio se alzar\u00eda con su quinta corona en suelo romano.<\/p>\n<p>Pero hab\u00eda un joven tenista que ten\u00eda otros planes en mente, Alexander Zverev, que este a\u00f1o ya hab\u00eda ganado los t\u00edtulos de Montpellier y M\u00fanich.<\/p>\n<p><a href=\"http:\/\/labestiadeportiva.com\/lbd\/wp-content\/uploads\/2017\/05\/zVEREV-InteBNLdItalia.jpg\"><img loading=\"lazy\" class=\"aligncenter size-medium wp-image-24348\" src=\"http:\/\/labestiadeportiva.com\/lbd\/wp-content\/uploads\/2017\/05\/zVEREV-InteBNLdItalia-300x235.jpg\" alt=\"zVEREV-InteBNLdItalia\" width=\"300\" height=\"235\" srcset=\"https:\/\/labestiadeportiva.com\/lbd\/wp-content\/uploads\/2017\/05\/zVEREV-InteBNLdItalia-300x235.jpg 300w, https:\/\/labestiadeportiva.com\/lbd\/wp-content\/uploads\/2017\/05\/zVEREV-InteBNLdItalia.jpg 1024w\" sizes=\"(max-width: 300px) 100vw, 300px\" \/><\/a>El alem\u00e1n no se amedrent\u00f3 por la situaci\u00f3n y logr\u00f3 la mejor victoria en su carrera, hasta ahora. El oriundo de Hamburgo sum\u00f3 su tercera corona en apenas cinco meses, igualando las de Roger Federer y Rafael Nadal en esta temporada.<\/p>\n<p>Desde el primer juego, en el que el campe\u00f3n arranc\u00f3 quebrando, Zverev fue el mejor tenista en el Foro It\u00e1lico, comand\u00f3 los hilos del encuentro apoyado en su punzante servicio. Otra rotura en el tercer game de la segunda manga fue suficiente ante un Djokovic que sigui\u00f3 luchando sin suerte.<\/p>\n<p>Sin haber tenido una actuaci\u00f3n rutilante (16 winners y un 84% de puntos con el primer servicio), el joven Zverev tuvo paciencia y aprovech\u00f3 los errores no forzados del serbio (27), que volv\u00eda a la final en el Foro It\u00e1lico por cuarto a\u00f1o consecutivo (el a\u00f1o pasado cay\u00f3 ante Murray).<\/p>\n<p>La victoria del teut\u00f3n le permite ingresar esta semana en el selecto grupo de los Top 10 por primera vez en su carrera. Djokovic, buscaba reencaminar su gris presente ten\u00edstico, pero ese intento choc\u00f3 contra la juventud y el talento de Zverev.<\/p>\n<p><a href=\"http:\/\/labestiadeportiva.com\/lbd\/wp-content\/uploads\/2017\/05\/Novak-Djokovic-of-Serbia-v-Alexander-Zverev-1920-3.jpg\"><img loading=\"lazy\" class=\"aligncenter size-medium wp-image-24346\" src=\"http:\/\/labestiadeportiva.com\/lbd\/wp-content\/uploads\/2017\/05\/Novak-Djokovic-of-Serbia-v-Alexander-Zverev-1920-3-300x169.jpg\" alt=\"Novak-Djokovic-of-Serbia-v-Alexander-Zverev-1920-3\" width=\"300\" height=\"169\" srcset=\"https:\/\/labestiadeportiva.com\/lbd\/wp-content\/uploads\/2017\/05\/Novak-Djokovic-of-Serbia-v-Alexander-Zverev-1920-3-300x169.jpg 300w, https:\/\/labestiadeportiva.com\/lbd\/wp-content\/uploads\/2017\/05\/Novak-Djokovic-of-Serbia-v-Alexander-Zverev-1920-3-1024x575.jpg 1024w, https:\/\/labestiadeportiva.com\/lbd\/wp-content\/uploads\/2017\/05\/Novak-Djokovic-of-Serbia-v-Alexander-Zverev-1920-3.jpg 1920w\" sizes=\"(max-width: 300px) 100vw, 300px\" \/><\/a>La confianza de Nole estaba en pleno ascenso a pocos d\u00edas del inicio de Roland Garros, donde tendr\u00e1 como entrenador a Andre Agassi. Pero esta contundente derrota alimenta las dudas que ha generado su juego en 2017. Se mantiene as\u00ed el empate en 30 trofeos de Masters 1000 con Rafa Nadal en lo m\u00e1s alto de la tabla.<\/p>\n<p>Zverev, estrella emergente del circuito, ya muestra condiciones como para pelear el n\u00famero uno del mundo, y esta semana dio un salto importante en el r\u00e1nking mundial, llegando al d\u00e9cimo puesto. Suma tres t\u00edtulos este a\u00f1o (Montpellier, M\u00fanich y Roma) que se suman al que logr\u00f3 en 2016 en San Petersburgo.<\/p>\n<p>Es el m\u00e1s joven en ganar un Masters 1000 desde que Djokovic lo hiciera con 19 a\u00f1os en Miami 2007 y el segundo jugador que se lleva uno de los 26 \u00faltimos y no se llama Federer, Nadal, Djokovic ni Murray (el otro es Marin Cilic). Ning\u00fan jugador de la generaci\u00f3n de 1990 hab\u00eda ganado a\u00fan un gran torneo, Alex lo hizo.<\/p>\n<p><a href=\"http:\/\/labestiadeportiva.com\/lbd\/wp-content\/uploads\/2017\/05\/zverev-roma-10.jpg\"><img loading=\"lazy\" class=\"aligncenter size-medium wp-image-24345\" src=\"http:\/\/labestiadeportiva.com\/lbd\/wp-content\/uploads\/2017\/05\/zverev-roma-10-238x300.jpg\" alt=\"zverev-roma-10\" width=\"238\" height=\"300\" srcset=\"https:\/\/labestiadeportiva.com\/lbd\/wp-content\/uploads\/2017\/05\/zverev-roma-10-238x300.jpg 238w, https:\/\/labestiadeportiva.com\/lbd\/wp-content\/uploads\/2017\/05\/zverev-roma-10.jpg 814w\" sizes=\"(max-width: 238px) 100vw, 238px\" \/><\/a><\/p>\n<div class='epvc-post-count'><span class='epvc-eye'><\/span>  <span class=\"epvc-count\"> 1.110<\/span><span class='epvc-label'> veces le\u00edda<\/span><\/div>\n<div class=\"jwsharethis\">\nShare this: \n<br \/>\n<a href=\"mailto:?subject=Zverev%20campe%C3%B3n%20en%20Roma&amp;body=https%3A%2F%2Flabestiadeportiva.com%2Flbd%2Fzverev-campeon-en-roma%2F\">\n<img src=\"https:\/\/labestiadeportiva.com\/lbd\/wp-content\/plugins\/jw-share-this\/email.png\" alt=\"Share this page via Email\" \/>\n<\/a>\n<a target=\"_blank\" href=\"http:\/\/www.stumbleupon.com\/submit?url=https%3A%2F%2Flabestiadeportiva.com%2Flbd%2Fzverev-campeon-en-roma%2F&amp;title=Zverev+campe%C3%B3n+en+Roma\">\n<img src=\"https:\/\/labestiadeportiva.com\/lbd\/wp-content\/plugins\/jw-share-this\/su.png\" alt=\"Share this page via Stumble Upon\" \/>\n<\/a>\n<a target=\"_blank\" href=\"http:\/\/digg.com\/submit?url=https%3A%2F%2Flabestiadeportiva.com%2Flbd%2Fzverev-campeon-en-roma%2F&amp;title=Zverev+campe%C3%B3n+en+Roma\">\n<img src=\"https:\/\/labestiadeportiva.com\/lbd\/wp-content\/plugins\/jw-share-this\/digg.png\" alt=\"Share this page via Digg this\" \/>\n<\/a>\n<a target=\"_blank\" href=\"http:\/\/www.facebook.com\/sharer.php?u=https%3A%2F%2Flabestiadeportiva.com%2Flbd%2Fzverev-campeon-en-roma%2F&amp;t=Zverev+campe%C3%B3n+en+Roma\">\n<img src=\"https:\/\/labestiadeportiva.com\/lbd\/wp-content\/plugins\/jw-share-this\/fb.png\" alt=\"Share this page via Facebook\" \/>\n<\/a>\n<a target=\"_blank\" href=\"http:\/\/twitter.com\/intent\/tweet?text=I+like+https%3A%2F%2Flabestiadeportiva.com%2Flbd%2Fzverev-campeon-en-roma%2F&amp;title=Zverev+campe%C3%B3n+en+Roma\">\n<img src=\"https:\/\/labestiadeportiva.com\/lbd\/wp-content\/plugins\/jw-share-this\/twitter.png\" alt=\"Share this page via Twitter\" \/>\n<\/a>\n<\/div>\n","protected":false},"excerpt":{"rendered":"<p>Por Mat\u00edas Pouso (Corresponsal LBD en CABA) El alem\u00e1n Alexander Zverev sorprendi\u00f3 a Novak Djokovic y lo venci\u00f3 en la final del Masters 1000 de Roma por 6-4 y 6-3, en 1 hora y 21 minutos. Es el primer t\u00edtulo de esta categor\u00eda para el germano de 20 a\u00f1os y el tercero en lo que &hellip; <a href=\"https:\/\/labestiadeportiva.com\/lbd\/zverev-campeon-en-roma\/\" class=\"more-link\">Seguir leyendo <span class=\"screen-reader-text\">Zverev campe\u00f3n en Roma<\/span> <span class=\"meta-nav\">&rarr;<\/span><\/a><\/p>\n","protected":false},"author":1,"featured_media":24347,"comment_status":"open","ping_status":"open","sticky":false,"template":"","format":"standard","meta":[],"categories":[4,1,39],"tags":[2155,83,4835],"_links":{"self":[{"href":"https:\/\/labestiadeportiva.com\/lbd\/wp-json\/wp\/v2\/posts\/24344"}],"collection":[{"href":"https:\/\/labestiadeportiva.com\/lbd\/wp-json\/wp\/v2\/posts"}],"about":[{"href":"https:\/\/labestiadeportiva.com\/lbd\/wp-json\/wp\/v2\/types\/post"}],"author":[{"embeddable":true,"href":"https:\/\/labestiadeportiva.com\/lbd\/wp-json\/wp\/v2\/users\/1"}],"replies":[{"embeddable":true,"href":"https:\/\/labestiadeportiva.com\/lbd\/wp-json\/wp\/v2\/comments?post=24344"}],"version-history":[{"count":1,"href":"https:\/\/labestiadeportiva.com\/lbd\/wp-json\/wp\/v2\/posts\/24344\/revisions"}],"predecessor-version":[{"id":24349,"href":"https:\/\/labestiadeportiva.com\/lbd\/wp-json\/wp\/v2\/posts\/24344\/revisions\/24349"}],"wp:featuredmedia":[{"embeddable":true,"href":"https:\/\/labestiadeportiva.com\/lbd\/wp-json\/wp\/v2\/media\/24347"}],"wp:attachment":[{"href":"https:\/\/labestiadeportiva.com\/lbd\/wp-json\/wp\/v2\/media?parent=24344"}],"wp:term":[{"taxonomy":"category","embeddable":true,"href":"https:\/\/labestiadeportiva.com\/lbd\/wp-json\/wp\/v2\/categories?post=24344"},{"taxonomy":"post_tag","embeddable":true,"href":"https:\/\/labestiadeportiva.com\/lbd\/wp-json\/wp\/v2\/tags?post=24344"}],"curies":[{"name":"wp","href":"https:\/\/api.w.org\/{rel}","templated":true}]}}