{"id":24526,"date":"2017-06-11T17:12:00","date_gmt":"2017-06-11T20:12:00","guid":{"rendered":"http:\/\/labestiadeportiva.com\/lbd\/?p=24526"},"modified":"2017-06-11T17:53:20","modified_gmt":"2017-06-11T20:53:20","slug":"estoy-muy-feliz-el-basquet-es-con-lo-que-me-gano-la-vida-audio","status":"publish","type":"post","link":"https:\/\/labestiadeportiva.com\/lbd\/estoy-muy-feliz-el-basquet-es-con-lo-que-me-gano-la-vida-audio\/","title":{"rendered":"\u00abEstoy muy feliz, el b\u00e1squet me dio todo lo que tengo\u00bb  (Audio)"},"content":{"rendered":"<p><a href=\"http:\/\/labestiadeportiva.com\/lbd\/wp-content\/uploads\/2017\/06\/18952782_1488732157859981_1389907276246753336_n.jpg\"><img loading=\"lazy\" src=\"http:\/\/labestiadeportiva.com\/lbd\/wp-content\/uploads\/2017\/06\/18952782_1488732157859981_1389907276246753336_n-266x300.jpg\" alt=\"18952782_1488732157859981_1389907276246753336_n\" width=\"266\" height=\"300\" class=\"alignleft size-medium wp-image-24527\" srcset=\"https:\/\/labestiadeportiva.com\/lbd\/wp-content\/uploads\/2017\/06\/18952782_1488732157859981_1389907276246753336_n-266x300.jpg 266w, https:\/\/labestiadeportiva.com\/lbd\/wp-content\/uploads\/2017\/06\/18952782_1488732157859981_1389907276246753336_n.jpg 320w\" sizes=\"(max-width: 266px) 100vw, 266px\" \/><\/a>El experimentado jugador ushuaiense, Sebasti\u00e1n \u00abFlaco\u00bb Morales, logr\u00f3 el ascenso al TNA junto a su equipo Ramos Mej\u00eda LTC. Con 29 a\u00f1os y m\u00e1s de 14 de carrera vive una alegr\u00eda m\u00e1s junto a la disciplina y lo disfruta con familiares, compa\u00f1eros y amigos. Ahora ir\u00e1 por el t\u00edtulo del Torneo Federal ante Deportivo Norte de Armstrong (Santa Fe). Desde Radio Provincia 100.1 dialogamos con \u00e9l, compartimos la amena charla con el \u00abFlaco\u00bb, gran jugador y mejor persona. <!--more--><\/p>\n<p><iframe loading=\"lazy\" width=\"560\" height=\"315\" src=\"https:\/\/www.youtube.com\/embed\/3VC7OzQUO0M\" frameborder=\"0\" allowfullscreen><\/iframe> <\/p>\n<div class='epvc-post-count'><span class='epvc-eye'><\/span>  <span class=\"epvc-count\"> 1.181<\/span><span class='epvc-label'> veces le\u00edda<\/span><\/div>\n<div class=\"jwsharethis\">\nShare this: \n<br \/>\n<a href=\"mailto:?subject=%C2%ABEstoy%20muy%20feliz%2C%20el%20b%C3%A1squet%20me%20dio%20todo%20lo%20que%20tengo%C2%BB%20%20%28Audio%29&amp;body=https%3A%2F%2Flabestiadeportiva.com%2Flbd%2Festoy-muy-feliz-el-basquet-es-con-lo-que-me-gano-la-vida-audio%2F\">\n<img src=\"https:\/\/labestiadeportiva.com\/lbd\/wp-content\/plugins\/jw-share-this\/email.png\" alt=\"Share this page via Email\" \/>\n<\/a>\n<a target=\"_blank\" href=\"http:\/\/www.stumbleupon.com\/submit?url=https%3A%2F%2Flabestiadeportiva.com%2Flbd%2Festoy-muy-feliz-el-basquet-es-con-lo-que-me-gano-la-vida-audio%2F&amp;title=%C2%ABEstoy+muy+feliz%2C+el+b%C3%A1squet+me+dio+todo+lo+que+tengo%C2%BB++%28Audio%29\">\n<img src=\"https:\/\/labestiadeportiva.com\/lbd\/wp-content\/plugins\/jw-share-this\/su.png\" alt=\"Share this page via Stumble Upon\" \/>\n<\/a>\n<a target=\"_blank\" href=\"http:\/\/digg.com\/submit?url=https%3A%2F%2Flabestiadeportiva.com%2Flbd%2Festoy-muy-feliz-el-basquet-es-con-lo-que-me-gano-la-vida-audio%2F&amp;title=%C2%ABEstoy+muy+feliz%2C+el+b%C3%A1squet+me+dio+todo+lo+que+tengo%C2%BB++%28Audio%29\">\n<img src=\"https:\/\/labestiadeportiva.com\/lbd\/wp-content\/plugins\/jw-share-this\/digg.png\" alt=\"Share this page via Digg this\" \/>\n<\/a>\n<a target=\"_blank\" href=\"http:\/\/www.facebook.com\/sharer.php?u=https%3A%2F%2Flabestiadeportiva.com%2Flbd%2Festoy-muy-feliz-el-basquet-es-con-lo-que-me-gano-la-vida-audio%2F&amp;t=%C2%ABEstoy+muy+feliz%2C+el+b%C3%A1squet+me+dio+todo+lo+que+tengo%C2%BB++%28Audio%29\">\n<img src=\"https:\/\/labestiadeportiva.com\/lbd\/wp-content\/plugins\/jw-share-this\/fb.png\" alt=\"Share this page via Facebook\" \/>\n<\/a>\n<a target=\"_blank\" href=\"http:\/\/twitter.com\/intent\/tweet?text=I+like+https%3A%2F%2Flabestiadeportiva.com%2Flbd%2Festoy-muy-feliz-el-basquet-es-con-lo-que-me-gano-la-vida-audio%2F&amp;title=%C2%ABEstoy+muy+feliz%2C+el+b%C3%A1squet+me+dio+todo+lo+que+tengo%C2%BB++%28Audio%29\">\n<img src=\"https:\/\/labestiadeportiva.com\/lbd\/wp-content\/plugins\/jw-share-this\/twitter.png\" alt=\"Share this page via Twitter\" \/>\n<\/a>\n<\/div>\n","protected":false},"excerpt":{"rendered":"<p>El experimentado jugador ushuaiense, Sebasti\u00e1n \u00abFlaco\u00bb Morales, logr\u00f3 el ascenso al TNA junto a su equipo Ramos Mej\u00eda LTC. Con 29 a\u00f1os y m\u00e1s de 14 de carrera vive una alegr\u00eda m\u00e1s junto a la disciplina y lo disfruta con familiares, compa\u00f1eros y amigos. Ahora ir\u00e1 por el t\u00edtulo del Torneo Federal ante Deportivo Norte &hellip; <a href=\"https:\/\/labestiadeportiva.com\/lbd\/estoy-muy-feliz-el-basquet-es-con-lo-que-me-gano-la-vida-audio\/\" class=\"more-link\">Seguir leyendo <span class=\"screen-reader-text\">\u00abEstoy muy feliz, el b\u00e1squet me dio todo lo que tengo\u00bb  (Audio)<\/span> <span class=\"meta-nav\">&rarr;<\/span><\/a><\/p>\n","protected":false},"author":1,"featured_media":24527,"comment_status":"open","ping_status":"open","sticky":false,"template":"","format":"standard","meta":[],"categories":[2432,3183,5,6,1],"tags":[171,4838,83,3185,645,3184],"_links":{"self":[{"href":"https:\/\/labestiadeportiva.com\/lbd\/wp-json\/wp\/v2\/posts\/24526"}],"collection":[{"href":"https:\/\/labestiadeportiva.com\/lbd\/wp-json\/wp\/v2\/posts"}],"about":[{"href":"https:\/\/labestiadeportiva.com\/lbd\/wp-json\/wp\/v2\/types\/post"}],"author":[{"embeddable":true,"href":"https:\/\/labestiadeportiva.com\/lbd\/wp-json\/wp\/v2\/users\/1"}],"replies":[{"embeddable":true,"href":"https:\/\/labestiadeportiva.com\/lbd\/wp-json\/wp\/v2\/comments?post=24526"}],"version-history":[{"count":4,"href":"https:\/\/labestiadeportiva.com\/lbd\/wp-json\/wp\/v2\/posts\/24526\/revisions"}],"predecessor-version":[{"id":24531,"href":"https:\/\/labestiadeportiva.com\/lbd\/wp-json\/wp\/v2\/posts\/24526\/revisions\/24531"}],"wp:featuredmedia":[{"embeddable":true,"href":"https:\/\/labestiadeportiva.com\/lbd\/wp-json\/wp\/v2\/media\/24527"}],"wp:attachment":[{"href":"https:\/\/labestiadeportiva.com\/lbd\/wp-json\/wp\/v2\/media?parent=24526"}],"wp:term":[{"taxonomy":"category","embeddable":true,"href":"https:\/\/labestiadeportiva.com\/lbd\/wp-json\/wp\/v2\/categories?post=24526"},{"taxonomy":"post_tag","embeddable":true,"href":"https:\/\/labestiadeportiva.com\/lbd\/wp-json\/wp\/v2\/tags?post=24526"}],"curies":[{"name":"wp","href":"https:\/\/api.w.org\/{rel}","templated":true}]}}