{"id":24759,"date":"2017-07-07T12:16:50","date_gmt":"2017-07-07T15:16:50","guid":{"rendered":"http:\/\/labestiadeportiva.com\/lbd\/?p=24759"},"modified":"2017-07-07T12:16:50","modified_gmt":"2017-07-07T15:16:50","slug":"el-flaco-morales-paso-por-la-radio-audio","status":"publish","type":"post","link":"https:\/\/labestiadeportiva.com\/lbd\/el-flaco-morales-paso-por-la-radio-audio\/","title":{"rendered":"El \u201cFlaco\u201d Morales pas\u00f3 por la radio (Audio)"},"content":{"rendered":"<p><a href=\"http:\/\/labestiadeportiva.com\/lbd\/wp-content\/uploads\/2017\/07\/19665178_1515320955201101_4378604060356408542_n.jpg\"><img loading=\"lazy\" class=\"alignleft size-medium wp-image-24760\" src=\"http:\/\/labestiadeportiva.com\/lbd\/wp-content\/uploads\/2017\/07\/19665178_1515320955201101_4378604060356408542_n-300x141.jpg\" alt=\"19665178_1515320955201101_4378604060356408542_n\" width=\"300\" height=\"141\" srcset=\"https:\/\/labestiadeportiva.com\/lbd\/wp-content\/uploads\/2017\/07\/19665178_1515320955201101_4378604060356408542_n-300x141.jpg 300w, https:\/\/labestiadeportiva.com\/lbd\/wp-content\/uploads\/2017\/07\/19665178_1515320955201101_4378604060356408542_n-520x245.jpg 520w, https:\/\/labestiadeportiva.com\/lbd\/wp-content\/uploads\/2017\/07\/19665178_1515320955201101_4378604060356408542_n-720x340.jpg 720w, https:\/\/labestiadeportiva.com\/lbd\/wp-content\/uploads\/2017\/07\/19665178_1515320955201101_4378604060356408542_n.jpg 497w\" sizes=\"(max-width: 300px) 100vw, 300px\" \/><\/a>El jueves a media ma\u00f1ana recibimos la visita en los estudios de Radio Provincia (100.1) de Sebasti\u00e1n \u201cFlaco\u201d Morales. El basquetbolista m\u00e1s importante de TDF de los \u00faltimos a\u00f1os, campe\u00f3n del Torneo Federal con Ramos Mej\u00eda LTC, se encuentra por unos d\u00edas visitando familiares y amigos.Su trayectoria, actualidad y futuro deportivo los principales<br \/>\ntemas abordados.<!--more--><\/p>\n<p><iframe loading=\"lazy\" src=\"https:\/\/www.youtube.com\/embed\/A9xc8Bff9e8\" width=\"560\" height=\"315\" frameborder=\"0\" allowfullscreen=\"allowfullscreen\"><\/iframe><\/p>\n<div class='epvc-post-count'><span class='epvc-eye'><\/span>  <span class=\"epvc-count\"> 1.452<\/span><span class='epvc-label'> veces le\u00edda<\/span><\/div>\n<div class=\"jwsharethis\">\nShare this: \n<br \/>\n<a href=\"mailto:?subject=El%20%E2%80%9CFlaco%E2%80%9D%20Morales%20pas%C3%B3%20por%20la%20radio%20%28Audio%29&amp;body=https%3A%2F%2Flabestiadeportiva.com%2Flbd%2Fel-flaco-morales-paso-por-la-radio-audio%2F\">\n<img src=\"https:\/\/labestiadeportiva.com\/lbd\/wp-content\/plugins\/jw-share-this\/email.png\" alt=\"Share this page via Email\" \/>\n<\/a>\n<a target=\"_blank\" href=\"http:\/\/www.stumbleupon.com\/submit?url=https%3A%2F%2Flabestiadeportiva.com%2Flbd%2Fel-flaco-morales-paso-por-la-radio-audio%2F&amp;title=El+%E2%80%9CFlaco%E2%80%9D+Morales+pas%C3%B3+por+la+radio+%28Audio%29\">\n<img src=\"https:\/\/labestiadeportiva.com\/lbd\/wp-content\/plugins\/jw-share-this\/su.png\" alt=\"Share this page via Stumble Upon\" \/>\n<\/a>\n<a target=\"_blank\" href=\"http:\/\/digg.com\/submit?url=https%3A%2F%2Flabestiadeportiva.com%2Flbd%2Fel-flaco-morales-paso-por-la-radio-audio%2F&amp;title=El+%E2%80%9CFlaco%E2%80%9D+Morales+pas%C3%B3+por+la+radio+%28Audio%29\">\n<img src=\"https:\/\/labestiadeportiva.com\/lbd\/wp-content\/plugins\/jw-share-this\/digg.png\" alt=\"Share this page via Digg this\" \/>\n<\/a>\n<a target=\"_blank\" href=\"http:\/\/www.facebook.com\/sharer.php?u=https%3A%2F%2Flabestiadeportiva.com%2Flbd%2Fel-flaco-morales-paso-por-la-radio-audio%2F&amp;t=El+%E2%80%9CFlaco%E2%80%9D+Morales+pas%C3%B3+por+la+radio+%28Audio%29\">\n<img src=\"https:\/\/labestiadeportiva.com\/lbd\/wp-content\/plugins\/jw-share-this\/fb.png\" alt=\"Share this page via Facebook\" \/>\n<\/a>\n<a target=\"_blank\" href=\"http:\/\/twitter.com\/intent\/tweet?text=I+like+https%3A%2F%2Flabestiadeportiva.com%2Flbd%2Fel-flaco-morales-paso-por-la-radio-audio%2F&amp;title=El+%E2%80%9CFlaco%E2%80%9D+Morales+pas%C3%B3+por+la+radio+%28Audio%29\">\n<img src=\"https:\/\/labestiadeportiva.com\/lbd\/wp-content\/plugins\/jw-share-this\/twitter.png\" alt=\"Share this page via Twitter\" \/>\n<\/a>\n<\/div>\n","protected":false},"excerpt":{"rendered":"<p>El jueves a media ma\u00f1ana recibimos la visita en los estudios de Radio Provincia (100.1) de Sebasti\u00e1n \u201cFlaco\u201d Morales. El basquetbolista m\u00e1s importante de TDF de los \u00faltimos a\u00f1os, campe\u00f3n del Torneo Federal con Ramos Mej\u00eda LTC, se encuentra por unos d\u00edas visitando familiares y amigos.Su trayectoria, actualidad y futuro deportivo los principales temas abordados. &hellip; <a href=\"https:\/\/labestiadeportiva.com\/lbd\/el-flaco-morales-paso-por-la-radio-audio\/\" class=\"more-link\">Seguir leyendo <span class=\"screen-reader-text\">El \u201cFlaco\u201d Morales pas\u00f3 por la radio (Audio)<\/span> <span class=\"meta-nav\">&rarr;<\/span><\/a><\/p>\n","protected":false},"author":1,"featured_media":24760,"comment_status":"open","ping_status":"open","sticky":false,"template":"","format":"standard","meta":[],"categories":[2432,2413,3183,5,6,60,1],"tags":[171,4838,83,645],"_links":{"self":[{"href":"https:\/\/labestiadeportiva.com\/lbd\/wp-json\/wp\/v2\/posts\/24759"}],"collection":[{"href":"https:\/\/labestiadeportiva.com\/lbd\/wp-json\/wp\/v2\/posts"}],"about":[{"href":"https:\/\/labestiadeportiva.com\/lbd\/wp-json\/wp\/v2\/types\/post"}],"author":[{"embeddable":true,"href":"https:\/\/labestiadeportiva.com\/lbd\/wp-json\/wp\/v2\/users\/1"}],"replies":[{"embeddable":true,"href":"https:\/\/labestiadeportiva.com\/lbd\/wp-json\/wp\/v2\/comments?post=24759"}],"version-history":[{"count":1,"href":"https:\/\/labestiadeportiva.com\/lbd\/wp-json\/wp\/v2\/posts\/24759\/revisions"}],"predecessor-version":[{"id":24761,"href":"https:\/\/labestiadeportiva.com\/lbd\/wp-json\/wp\/v2\/posts\/24759\/revisions\/24761"}],"wp:featuredmedia":[{"embeddable":true,"href":"https:\/\/labestiadeportiva.com\/lbd\/wp-json\/wp\/v2\/media\/24760"}],"wp:attachment":[{"href":"https:\/\/labestiadeportiva.com\/lbd\/wp-json\/wp\/v2\/media?parent=24759"}],"wp:term":[{"taxonomy":"category","embeddable":true,"href":"https:\/\/labestiadeportiva.com\/lbd\/wp-json\/wp\/v2\/categories?post=24759"},{"taxonomy":"post_tag","embeddable":true,"href":"https:\/\/labestiadeportiva.com\/lbd\/wp-json\/wp\/v2\/tags?post=24759"}],"curies":[{"name":"wp","href":"https:\/\/api.w.org\/{rel}","templated":true}]}}