{"id":24951,"date":"2017-07-23T13:08:42","date_gmt":"2017-07-23T16:08:42","guid":{"rendered":"http:\/\/labestiadeportiva.com\/lbd\/?p=24951"},"modified":"2017-07-23T13:16:00","modified_gmt":"2017-07-23T16:16:00","slug":"novedades-sobre-hielo","status":"publish","type":"post","link":"https:\/\/labestiadeportiva.com\/lbd\/novedades-sobre-hielo\/","title":{"rendered":"Novedades sobre hielo"},"content":{"rendered":"<p><a href=\"http:\/\/labestiadeportiva.com\/lbd\/wp-content\/uploads\/2017\/07\/pista-tachuela-oyarzun-abierta.jpg\"><img loading=\"lazy\" class=\"alignleft size-medium wp-image-24952\" src=\"http:\/\/labestiadeportiva.com\/lbd\/wp-content\/uploads\/2017\/07\/pista-tachuela-oyarzun-abierta-300x225.jpg\" alt=\"pista tachuela oyarzun abierta\" width=\"300\" height=\"225\" srcset=\"https:\/\/labestiadeportiva.com\/lbd\/wp-content\/uploads\/2017\/07\/pista-tachuela-oyarzun-abierta-300x225.jpg 300w, https:\/\/labestiadeportiva.com\/lbd\/wp-content\/uploads\/2017\/07\/pista-tachuela-oyarzun-abierta-1024x768.jpg 1024w, https:\/\/labestiadeportiva.com\/lbd\/wp-content\/uploads\/2017\/07\/pista-tachuela-oyarzun-abierta.jpg 1280w\" sizes=\"(max-width: 300px) 100vw, 300px\" \/><\/a>Desde el pasado s\u00e1bado el nuevo concesionario de la pista de patinaje municipal, Carlos \u00abTachuela\u00bb Oyarz\u00fan, abri\u00f3 sus puertas al p\u00fablico en general con el alquiler de patines. Desde LBD te damos los detalles. Las fotos son gentileza prensa Municipalidad de Ushuaia.<!--more--><\/p>\n<p><a href=\"http:\/\/labestiadeportiva.com\/lbd\/wp-content\/uploads\/2017\/07\/la-pista-para-todos.jpg\"><img loading=\"lazy\" class=\"aligncenter size-medium wp-image-24953\" src=\"http:\/\/labestiadeportiva.com\/lbd\/wp-content\/uploads\/2017\/07\/la-pista-para-todos-300x225.jpg\" alt=\"la pista para todos\" width=\"300\" height=\"225\" srcset=\"https:\/\/labestiadeportiva.com\/lbd\/wp-content\/uploads\/2017\/07\/la-pista-para-todos-300x225.jpg 300w, https:\/\/labestiadeportiva.com\/lbd\/wp-content\/uploads\/2017\/07\/la-pista-para-todos-1024x768.jpg 1024w, https:\/\/labestiadeportiva.com\/lbd\/wp-content\/uploads\/2017\/07\/la-pista-para-todos.jpg 1280w\" sizes=\"(max-width: 300px) 100vw, 300px\" \/><\/a>En la actualidad se realiza la 13 edici\u00f3n de la \u00abCopa Fin del Mundo\u00bb la cual se extender\u00e1 hasta el viernes 28 de julio, hasta ese d\u00eda el horario de alquiler ser\u00e1 de 14 a 19 horas.<\/p>\n<p>A partir de su finalizaci\u00f3n, desde el s\u00e1bado 29, la posibilidad de alquiler se extender\u00e1 siendo su horario de corrido desde las 10 de la ma\u00f1ana hasta las 22 horas.<\/p>\n<p>&nbsp;<\/p>\n<p>&nbsp;<\/p>\n<div class='epvc-post-count'><span class='epvc-eye'><\/span>  <span class=\"epvc-count\"> 1.420<\/span><span class='epvc-label'> veces le\u00edda<\/span><\/div>\n<div class=\"jwsharethis\">\nShare this: \n<br \/>\n<a href=\"mailto:?subject=Novedades%20sobre%20hielo&amp;body=https%3A%2F%2Flabestiadeportiva.com%2Flbd%2Fnovedades-sobre-hielo%2F\">\n<img src=\"https:\/\/labestiadeportiva.com\/lbd\/wp-content\/plugins\/jw-share-this\/email.png\" alt=\"Share this page via Email\" \/>\n<\/a>\n<a target=\"_blank\" href=\"http:\/\/www.stumbleupon.com\/submit?url=https%3A%2F%2Flabestiadeportiva.com%2Flbd%2Fnovedades-sobre-hielo%2F&amp;title=Novedades+sobre+hielo\">\n<img src=\"https:\/\/labestiadeportiva.com\/lbd\/wp-content\/plugins\/jw-share-this\/su.png\" alt=\"Share this page via Stumble Upon\" \/>\n<\/a>\n<a target=\"_blank\" href=\"http:\/\/digg.com\/submit?url=https%3A%2F%2Flabestiadeportiva.com%2Flbd%2Fnovedades-sobre-hielo%2F&amp;title=Novedades+sobre+hielo\">\n<img src=\"https:\/\/labestiadeportiva.com\/lbd\/wp-content\/plugins\/jw-share-this\/digg.png\" alt=\"Share this page via Digg this\" \/>\n<\/a>\n<a target=\"_blank\" href=\"http:\/\/www.facebook.com\/sharer.php?u=https%3A%2F%2Flabestiadeportiva.com%2Flbd%2Fnovedades-sobre-hielo%2F&amp;t=Novedades+sobre+hielo\">\n<img src=\"https:\/\/labestiadeportiva.com\/lbd\/wp-content\/plugins\/jw-share-this\/fb.png\" alt=\"Share this page via Facebook\" \/>\n<\/a>\n<a target=\"_blank\" href=\"http:\/\/twitter.com\/intent\/tweet?text=I+like+https%3A%2F%2Flabestiadeportiva.com%2Flbd%2Fnovedades-sobre-hielo%2F&amp;title=Novedades+sobre+hielo\">\n<img src=\"https:\/\/labestiadeportiva.com\/lbd\/wp-content\/plugins\/jw-share-this\/twitter.png\" alt=\"Share this page via Twitter\" \/>\n<\/a>\n<\/div>\n","protected":false},"excerpt":{"rendered":"<p>Desde el pasado s\u00e1bado el nuevo concesionario de la pista de patinaje municipal, Carlos \u00abTachuela\u00bb Oyarz\u00fan, abri\u00f3 sus puertas al p\u00fablico en general con el alquiler de patines. Desde LBD te damos los detalles. Las fotos son gentileza prensa Municipalidad de Ushuaia. 1.420 veces le\u00edda Share this:<\/p>\n","protected":false},"author":1,"featured_media":24952,"comment_status":"open","ping_status":"open","sticky":false,"template":"","format":"standard","meta":[],"categories":[5,41,1,2766],"tags":[4836,83,2124],"_links":{"self":[{"href":"https:\/\/labestiadeportiva.com\/lbd\/wp-json\/wp\/v2\/posts\/24951"}],"collection":[{"href":"https:\/\/labestiadeportiva.com\/lbd\/wp-json\/wp\/v2\/posts"}],"about":[{"href":"https:\/\/labestiadeportiva.com\/lbd\/wp-json\/wp\/v2\/types\/post"}],"author":[{"embeddable":true,"href":"https:\/\/labestiadeportiva.com\/lbd\/wp-json\/wp\/v2\/users\/1"}],"replies":[{"embeddable":true,"href":"https:\/\/labestiadeportiva.com\/lbd\/wp-json\/wp\/v2\/comments?post=24951"}],"version-history":[{"count":4,"href":"https:\/\/labestiadeportiva.com\/lbd\/wp-json\/wp\/v2\/posts\/24951\/revisions"}],"predecessor-version":[{"id":24957,"href":"https:\/\/labestiadeportiva.com\/lbd\/wp-json\/wp\/v2\/posts\/24951\/revisions\/24957"}],"wp:featuredmedia":[{"embeddable":true,"href":"https:\/\/labestiadeportiva.com\/lbd\/wp-json\/wp\/v2\/media\/24952"}],"wp:attachment":[{"href":"https:\/\/labestiadeportiva.com\/lbd\/wp-json\/wp\/v2\/media?parent=24951"}],"wp:term":[{"taxonomy":"category","embeddable":true,"href":"https:\/\/labestiadeportiva.com\/lbd\/wp-json\/wp\/v2\/categories?post=24951"},{"taxonomy":"post_tag","embeddable":true,"href":"https:\/\/labestiadeportiva.com\/lbd\/wp-json\/wp\/v2\/tags?post=24951"}],"curies":[{"name":"wp","href":"https:\/\/api.w.org\/{rel}","templated":true}]}}