{"id":25070,"date":"2017-07-31T12:25:53","date_gmt":"2017-07-31T15:25:53","guid":{"rendered":"http:\/\/labestiadeportiva.com\/lbd\/?p=25070"},"modified":"2017-07-31T12:25:53","modified_gmt":"2017-07-31T15:25:53","slug":"la-idea-es-darle-competencia-a-las-mas-pequenas-audio","status":"publish","type":"post","link":"https:\/\/labestiadeportiva.com\/lbd\/la-idea-es-darle-competencia-a-las-mas-pequenas-audio\/","title":{"rendered":"\u201cLa idea es darle competencia a las m\u00e1s peque\u00f1as\u201d (Audio)"},"content":{"rendered":"<p><a href=\"http:\/\/labestiadeportiva.com\/lbd\/wp-content\/uploads\/2017\/07\/20431662_1541671365899393_3870794795845719473_n.jpg\"><img loading=\"lazy\" class=\"alignleft size-medium wp-image-25071\" src=\"http:\/\/labestiadeportiva.com\/lbd\/wp-content\/uploads\/2017\/07\/20431662_1541671365899393_3870794795845719473_n-300x218.jpg\" alt=\"20431662_1541671365899393_3870794795845719473_n\" width=\"300\" height=\"218\" srcset=\"https:\/\/labestiadeportiva.com\/lbd\/wp-content\/uploads\/2017\/07\/20431662_1541671365899393_3870794795845719473_n-300x218.jpg 300w, https:\/\/labestiadeportiva.com\/lbd\/wp-content\/uploads\/2017\/07\/20431662_1541671365899393_3870794795845719473_n.jpg 960w\" sizes=\"(max-width: 300px) 100vw, 300px\" \/><\/a>D\u00edas atr\u00e1s una importante delegaci\u00f3n de la Escuela Municipal estuvo presente en la ciudad de R\u00edo Gallegos donde el club Palma realiz\u00f3 el 2\u00ba Encuentro Patag\u00f3nico de futsal Damitas para las categor\u00edas Sub 9, Sub 11 y Sub 18. Las ushuaienses se quedaron con la \u201cCopa Viajera\u201d que pondr\u00e1n en juego en algunos meses cuando la experiencia se repita en Punta Arenas. Desde LBD dialogamos con la formadora y referente Anah\u00ed Vigil en busca de balance y actualidad de la disciplina.<!--more--><\/p>\n<p><iframe loading=\"lazy\" src=\"https:\/\/www.youtube.com\/embed\/PWC8zSqPfbE\" width=\"560\" height=\"315\" frameborder=\"0\" allowfullscreen=\"allowfullscreen\"><\/iframe><\/p>\n<div class='epvc-post-count'><span class='epvc-eye'><\/span>  <span class=\"epvc-count\"> 1.173<\/span><span class='epvc-label'> veces le\u00edda<\/span><\/div>\n<div class=\"jwsharethis\">\nShare this: \n<br \/>\n<a href=\"mailto:?subject=%E2%80%9CLa%20idea%20es%20darle%20competencia%20a%20las%20m%C3%A1s%20peque%C3%B1as%E2%80%9D%20%28Audio%29&amp;body=https%3A%2F%2Flabestiadeportiva.com%2Flbd%2Fla-idea-es-darle-competencia-a-las-mas-pequenas-audio%2F\">\n<img src=\"https:\/\/labestiadeportiva.com\/lbd\/wp-content\/plugins\/jw-share-this\/email.png\" alt=\"Share this page via Email\" \/>\n<\/a>\n<a target=\"_blank\" href=\"http:\/\/www.stumbleupon.com\/submit?url=https%3A%2F%2Flabestiadeportiva.com%2Flbd%2Fla-idea-es-darle-competencia-a-las-mas-pequenas-audio%2F&amp;title=%E2%80%9CLa+idea+es+darle+competencia+a+las+m%C3%A1s+peque%C3%B1as%E2%80%9D+%28Audio%29\">\n<img src=\"https:\/\/labestiadeportiva.com\/lbd\/wp-content\/plugins\/jw-share-this\/su.png\" alt=\"Share this page via Stumble Upon\" \/>\n<\/a>\n<a target=\"_blank\" href=\"http:\/\/digg.com\/submit?url=https%3A%2F%2Flabestiadeportiva.com%2Flbd%2Fla-idea-es-darle-competencia-a-las-mas-pequenas-audio%2F&amp;title=%E2%80%9CLa+idea+es+darle+competencia+a+las+m%C3%A1s+peque%C3%B1as%E2%80%9D+%28Audio%29\">\n<img src=\"https:\/\/labestiadeportiva.com\/lbd\/wp-content\/plugins\/jw-share-this\/digg.png\" alt=\"Share this page via Digg this\" \/>\n<\/a>\n<a target=\"_blank\" href=\"http:\/\/www.facebook.com\/sharer.php?u=https%3A%2F%2Flabestiadeportiva.com%2Flbd%2Fla-idea-es-darle-competencia-a-las-mas-pequenas-audio%2F&amp;t=%E2%80%9CLa+idea+es+darle+competencia+a+las+m%C3%A1s+peque%C3%B1as%E2%80%9D+%28Audio%29\">\n<img src=\"https:\/\/labestiadeportiva.com\/lbd\/wp-content\/plugins\/jw-share-this\/fb.png\" alt=\"Share this page via Facebook\" \/>\n<\/a>\n<a target=\"_blank\" href=\"http:\/\/twitter.com\/intent\/tweet?text=I+like+https%3A%2F%2Flabestiadeportiva.com%2Flbd%2Fla-idea-es-darle-competencia-a-las-mas-pequenas-audio%2F&amp;title=%E2%80%9CLa+idea+es+darle+competencia+a+las+m%C3%A1s+peque%C3%B1as%E2%80%9D+%28Audio%29\">\n<img src=\"https:\/\/labestiadeportiva.com\/lbd\/wp-content\/plugins\/jw-share-this\/twitter.png\" alt=\"Share this page via Twitter\" \/>\n<\/a>\n<\/div>\n","protected":false},"excerpt":{"rendered":"<p>D\u00edas atr\u00e1s una importante delegaci\u00f3n de la Escuela Municipal estuvo presente en la ciudad de R\u00edo Gallegos donde el club Palma realiz\u00f3 el 2\u00ba Encuentro Patag\u00f3nico de futsal Damitas para las categor\u00edas Sub 9, Sub 11 y Sub 18. Las ushuaienses se quedaron con la \u201cCopa Viajera\u201d que pondr\u00e1n en juego en algunos meses cuando &hellip; <a href=\"https:\/\/labestiadeportiva.com\/lbd\/la-idea-es-darle-competencia-a-las-mas-pequenas-audio\/\" class=\"more-link\">Seguir leyendo <span class=\"screen-reader-text\">\u201cLa idea es darle competencia a las m\u00e1s peque\u00f1as\u201d (Audio)<\/span> <span class=\"meta-nav\">&rarr;<\/span><\/a><\/p>\n","protected":false},"author":1,"featured_media":25071,"comment_status":"open","ping_status":"open","sticky":false,"template":"","format":"standard","meta":[],"categories":[5,6,60,2343,2608,1],"tags":[3176,4838,117,83],"_links":{"self":[{"href":"https:\/\/labestiadeportiva.com\/lbd\/wp-json\/wp\/v2\/posts\/25070"}],"collection":[{"href":"https:\/\/labestiadeportiva.com\/lbd\/wp-json\/wp\/v2\/posts"}],"about":[{"href":"https:\/\/labestiadeportiva.com\/lbd\/wp-json\/wp\/v2\/types\/post"}],"author":[{"embeddable":true,"href":"https:\/\/labestiadeportiva.com\/lbd\/wp-json\/wp\/v2\/users\/1"}],"replies":[{"embeddable":true,"href":"https:\/\/labestiadeportiva.com\/lbd\/wp-json\/wp\/v2\/comments?post=25070"}],"version-history":[{"count":1,"href":"https:\/\/labestiadeportiva.com\/lbd\/wp-json\/wp\/v2\/posts\/25070\/revisions"}],"predecessor-version":[{"id":25072,"href":"https:\/\/labestiadeportiva.com\/lbd\/wp-json\/wp\/v2\/posts\/25070\/revisions\/25072"}],"wp:featuredmedia":[{"embeddable":true,"href":"https:\/\/labestiadeportiva.com\/lbd\/wp-json\/wp\/v2\/media\/25071"}],"wp:attachment":[{"href":"https:\/\/labestiadeportiva.com\/lbd\/wp-json\/wp\/v2\/media?parent=25070"}],"wp:term":[{"taxonomy":"category","embeddable":true,"href":"https:\/\/labestiadeportiva.com\/lbd\/wp-json\/wp\/v2\/categories?post=25070"},{"taxonomy":"post_tag","embeddable":true,"href":"https:\/\/labestiadeportiva.com\/lbd\/wp-json\/wp\/v2\/tags?post=25070"}],"curies":[{"name":"wp","href":"https:\/\/api.w.org\/{rel}","templated":true}]}}