{"id":25108,"date":"2017-08-01T17:31:37","date_gmt":"2017-08-01T20:31:37","guid":{"rendered":"http:\/\/labestiadeportiva.com\/lbd\/?p=25108"},"modified":"2017-08-01T17:31:37","modified_gmt":"2017-08-01T20:31:37","slug":"la-seleccion-puso-primera","status":"publish","type":"post","link":"https:\/\/labestiadeportiva.com\/lbd\/la-seleccion-puso-primera\/","title":{"rendered":"La selecci\u00f3n puso primera"},"content":{"rendered":"<p>Por Agust\u00edn \u00abColo\u00bb Aguirre (Corresponsal LBD en La Pampa)<\/p>\n<p><a href=\"http:\/\/labestiadeportiva.com\/lbd\/wp-content\/uploads\/2017\/08\/Thomas.png\"><img loading=\"lazy\" class=\"alignleft size-medium wp-image-25109\" src=\"http:\/\/labestiadeportiva.com\/lbd\/wp-content\/uploads\/2017\/08\/Thomas-300x300.png\" alt=\"Thomas\" width=\"300\" height=\"300\" srcset=\"https:\/\/labestiadeportiva.com\/lbd\/wp-content\/uploads\/2017\/08\/Thomas-300x300.png 300w, https:\/\/labestiadeportiva.com\/lbd\/wp-content\/uploads\/2017\/08\/Thomas-150x150.png 150w, https:\/\/labestiadeportiva.com\/lbd\/wp-content\/uploads\/2017\/08\/Thomas-160x160.png 160w, https:\/\/labestiadeportiva.com\/lbd\/wp-content\/uploads\/2017\/08\/Thomas-320x320.png 320w, https:\/\/labestiadeportiva.com\/lbd\/wp-content\/uploads\/2017\/08\/Thomas-60x60.png 60w, https:\/\/labestiadeportiva.com\/lbd\/wp-content\/uploads\/2017\/08\/Thomas.png 585w\" sizes=\"(max-width: 300px) 100vw, 300px\" \/><\/a>Comenz\u00f3 la concentraci\u00f3n del seleccionado mayor de b\u00e1squet masculino pensando en la America Cup que llegar\u00e1 a fines del mes de agosto. El \u00fanico ausente en los entrenamientos fue Gabriel Deck quien cuenta con permiso hasta el d\u00eda mi\u00e9rcoles.<!--more--><\/p>\n<p>Este lunes el CeNARD capitalino fue el lugar elegido para la concentraci\u00f3n de los jugadores convocados para iniciar la preparaci\u00f3n de cara a la competencia m\u00e1s importante de la temporada.<\/p>\n<p>Como viene sucediendo hace un par de a\u00f1os los entrenamientos son de un solo turno de 4 a 5 horas por d\u00eda, cronograma armado por los preparadores f\u00edsicos.<\/p>\n<p>Esta modalidad continuar\u00e1 hasta el viernes 11, donde el seleccionado viajara al Uruguay donde realizar\u00e1 un par de juegos amistosos. Los mismos ser\u00e1n el \u00a0s\u00e1bado 12 y domingo 13 desde las 21 horas Uruguay, los dos cotejos se jugaran a las 21 horas.<\/p>\n<p>Luego el plantel regresar\u00e1 a la Ciudad Aut\u00f3noma de Buenos Aires donde disputar\u00e1 el Super 4 \u00a0junto a Brasil, Colombia y Uruguay, los d\u00edas s\u00e1bado 19, domingo 20 y lunes 21 de agosto.<\/p>\n<p>Quedando instalado despu\u00e9s en Bah\u00eda Blanca para disputar la fase de grupos del American Cup, siendo el debut el 27, ante Venezuela, a las 22 horas en el estadio Casanova.<\/p>\n<p>Un d\u00eda m\u00e1s tarde, desde las 19.30, se enfrentar\u00e1 con Canad\u00e1 mientras que el martes 29, nuevamente en el horario central de las 22, cerrar\u00e1 la primera fase ante Islas V\u00edrgenes.<\/p>\n<p>Sin importar el resultado, el equipo del \u00abOveja\u00bb Hern\u00e1ndez deber\u00e1 movilizarse a C\u00f3rdoba, sede del Final Four, el 2 y 3 de septiembre.<\/p>\n<p>La venta de entradas para el Super 4 puede realizarse en http:\/\/www.ticketek.com.ar\/super-4-la-caja\/estadio-polideportivo-delmi mientras que los tickets para la\u00a0America Cup (sede Bah\u00eda Blanca) :\u00a0http:\/\/www.ticketek.com.ar\/fiba-americup\/club-estudiantes-de-bahia-blanca finalmente quienes quieran estar presentes en el Final Four cordob\u00e9s deber\u00e1n adquirir sus boletos en\u00a0:<br \/>\nhttp:\/\/www.orfeosuperdomo.com\/evento_ficha28.php<\/p>\n<p>Lista de convocados:<br \/>\nBases:\u00a0Facundo Campazzo,\u00a0Nicol\u00e1s Laprovittola,\u00a0Luca Vildoza y \u00a0Jos\u00e9 Vildoza.<\/p>\n<p>Escoltas:\u00a0Nicol\u00e1s Brussino,\u00a0Lucio Redivo,\u00a0M\u00e1ximo Fjellerup y Eric Flor.<\/p>\n<p>Aleros:\u00a0Patricio Garino,\u00a0Gabriel Deck,\u00a0Juan Pablo Vaulet y Erik Thomas.<\/p>\n<p>Ala Pivotes:\u00a0Javier Saiz y Luis Scola.<\/p>\n<p>Pivotes: Marcos Nicol\u00e1s Del\u00eda,\u00a0Roberto Acu\u00f1a y Tayavek Gallizzi.<\/p>\n<p>Invitados:\u00a0Francisco Caffaro y\u00a0Daniel Amigo<\/p>\n<p>Cuerpo t\u00e9cnico:\u00a0Entrenador: Sergio Hern\u00e1ndez,\u00a0Asistentes: Silvio Santander, Diego Lifschitz y Maxi Seigorman,\u00a0Colaboradores: Juan Gatti y Daniel Farabello.<\/p>\n<p>&nbsp;<\/p>\n<div class='epvc-post-count'><span class='epvc-eye'><\/span>  <span class=\"epvc-count\"> 1.015<\/span><span class='epvc-label'> veces le\u00edda<\/span><\/div>\n<div class=\"jwsharethis\">\nShare this: \n<br \/>\n<a href=\"mailto:?subject=La%20selecci%C3%B3n%20puso%20primera&amp;body=https%3A%2F%2Flabestiadeportiva.com%2Flbd%2Fla-seleccion-puso-primera%2F\">\n<img src=\"https:\/\/labestiadeportiva.com\/lbd\/wp-content\/plugins\/jw-share-this\/email.png\" alt=\"Share this page via Email\" \/>\n<\/a>\n<a target=\"_blank\" href=\"http:\/\/www.stumbleupon.com\/submit?url=https%3A%2F%2Flabestiadeportiva.com%2Flbd%2Fla-seleccion-puso-primera%2F&amp;title=La+selecci%C3%B3n+puso+primera\">\n<img src=\"https:\/\/labestiadeportiva.com\/lbd\/wp-content\/plugins\/jw-share-this\/su.png\" alt=\"Share this page via Stumble Upon\" \/>\n<\/a>\n<a target=\"_blank\" href=\"http:\/\/digg.com\/submit?url=https%3A%2F%2Flabestiadeportiva.com%2Flbd%2Fla-seleccion-puso-primera%2F&amp;title=La+selecci%C3%B3n+puso+primera\">\n<img src=\"https:\/\/labestiadeportiva.com\/lbd\/wp-content\/plugins\/jw-share-this\/digg.png\" alt=\"Share this page via Digg this\" \/>\n<\/a>\n<a target=\"_blank\" href=\"http:\/\/www.facebook.com\/sharer.php?u=https%3A%2F%2Flabestiadeportiva.com%2Flbd%2Fla-seleccion-puso-primera%2F&amp;t=La+selecci%C3%B3n+puso+primera\">\n<img src=\"https:\/\/labestiadeportiva.com\/lbd\/wp-content\/plugins\/jw-share-this\/fb.png\" alt=\"Share this page via Facebook\" \/>\n<\/a>\n<a target=\"_blank\" href=\"http:\/\/twitter.com\/intent\/tweet?text=I+like+https%3A%2F%2Flabestiadeportiva.com%2Flbd%2Fla-seleccion-puso-primera%2F&amp;title=La+selecci%C3%B3n+puso+primera\">\n<img src=\"https:\/\/labestiadeportiva.com\/lbd\/wp-content\/plugins\/jw-share-this\/twitter.png\" alt=\"Share this page via Twitter\" \/>\n<\/a>\n<\/div>\n","protected":false},"excerpt":{"rendered":"<p>Por Agust\u00edn \u00abColo\u00bb Aguirre (Corresponsal LBD en La Pampa) Comenz\u00f3 la concentraci\u00f3n del seleccionado mayor de b\u00e1squet masculino pensando en la America Cup que llegar\u00e1 a fines del mes de agosto. El \u00fanico ausente en los entrenamientos fue Gabriel Deck quien cuenta con permiso hasta el d\u00eda mi\u00e9rcoles. 1.015 veces le\u00edda Share this:<\/p>\n","protected":false},"author":1,"featured_media":25109,"comment_status":"open","ping_status":"open","sticky":false,"template":"","format":"standard","meta":[],"categories":[2432,4,6,1],"tags":[171,721,83,88],"_links":{"self":[{"href":"https:\/\/labestiadeportiva.com\/lbd\/wp-json\/wp\/v2\/posts\/25108"}],"collection":[{"href":"https:\/\/labestiadeportiva.com\/lbd\/wp-json\/wp\/v2\/posts"}],"about":[{"href":"https:\/\/labestiadeportiva.com\/lbd\/wp-json\/wp\/v2\/types\/post"}],"author":[{"embeddable":true,"href":"https:\/\/labestiadeportiva.com\/lbd\/wp-json\/wp\/v2\/users\/1"}],"replies":[{"embeddable":true,"href":"https:\/\/labestiadeportiva.com\/lbd\/wp-json\/wp\/v2\/comments?post=25108"}],"version-history":[{"count":1,"href":"https:\/\/labestiadeportiva.com\/lbd\/wp-json\/wp\/v2\/posts\/25108\/revisions"}],"predecessor-version":[{"id":25110,"href":"https:\/\/labestiadeportiva.com\/lbd\/wp-json\/wp\/v2\/posts\/25108\/revisions\/25110"}],"wp:featuredmedia":[{"embeddable":true,"href":"https:\/\/labestiadeportiva.com\/lbd\/wp-json\/wp\/v2\/media\/25109"}],"wp:attachment":[{"href":"https:\/\/labestiadeportiva.com\/lbd\/wp-json\/wp\/v2\/media?parent=25108"}],"wp:term":[{"taxonomy":"category","embeddable":true,"href":"https:\/\/labestiadeportiva.com\/lbd\/wp-json\/wp\/v2\/categories?post=25108"},{"taxonomy":"post_tag","embeddable":true,"href":"https:\/\/labestiadeportiva.com\/lbd\/wp-json\/wp\/v2\/tags?post=25108"}],"curies":[{"name":"wp","href":"https:\/\/api.w.org\/{rel}","templated":true}]}}