{"id":25262,"date":"2017-08-16T18:09:35","date_gmt":"2017-08-16T21:09:35","guid":{"rendered":"http:\/\/labestiadeportiva.com\/lbd\/?p=25262"},"modified":"2017-08-16T18:09:35","modified_gmt":"2017-08-16T21:09:35","slug":"fiesta-en-el-cerro-2","status":"publish","type":"post","link":"https:\/\/labestiadeportiva.com\/lbd\/fiesta-en-el-cerro-2\/","title":{"rendered":"Fiesta en el Cerro"},"content":{"rendered":"<p><a href=\"http:\/\/labestiadeportiva.com\/lbd\/wp-content\/uploads\/2017\/08\/Cerro-Castor-Rip-Curl-.jpg\"><img loading=\"lazy\" class=\"alignleft size-medium wp-image-25264\" src=\"http:\/\/labestiadeportiva.com\/lbd\/wp-content\/uploads\/2017\/08\/Cerro-Castor-Rip-Curl--300x200.jpg\" alt=\"Cerro Castor Rip Curl\" width=\"300\" height=\"200\" srcset=\"https:\/\/labestiadeportiva.com\/lbd\/wp-content\/uploads\/2017\/08\/Cerro-Castor-Rip-Curl--300x200.jpg 300w, https:\/\/labestiadeportiva.com\/lbd\/wp-content\/uploads\/2017\/08\/Cerro-Castor-Rip-Curl--1024x683.jpg 1024w\" sizes=\"(max-width: 300px) 100vw, 300px\" \/><\/a>El pasado s\u00e1bado en Cerro Castor, el centro de esqu\u00ed m\u00e1s austral del mundo, vivi\u00f3 un gran espect\u00e1culo con el snowboard y free-sking en el Rip Curl Grom Winter Search.Fueron de la partida 55 ni\u00f1os de ambos sexos. Fuente y fotos prensa Cerro Castor.<!--more--><\/p>\n<p>Los participantes fueron evaluados por los jurados Federico Romano e Iv\u00e1n Kuray, encargado e instructor del Snowpark, quienes promediaron los puntajes de cada participante definiendo los ganadores de cada categor\u00eda.<\/p>\n<p>Es importante destacar que a\u00f1o a a\u00f1o se incrementa la cantidad de j\u00f3venes que forman parte de este evento deportivo, furor en Cerro Castor.<\/p>\n<p><a href=\"http:\/\/labestiadeportiva.com\/lbd\/wp-content\/uploads\/2017\/08\/Cerro-Castor-Rip-Curl1.jpg\"><img loading=\"lazy\" class=\"aligncenter size-medium wp-image-25265\" src=\"http:\/\/labestiadeportiva.com\/lbd\/wp-content\/uploads\/2017\/08\/Cerro-Castor-Rip-Curl1-300x215.jpg\" alt=\"Cerro Castor Rip Curl\" width=\"300\" height=\"215\" srcset=\"https:\/\/labestiadeportiva.com\/lbd\/wp-content\/uploads\/2017\/08\/Cerro-Castor-Rip-Curl1-300x215.jpg 300w, https:\/\/labestiadeportiva.com\/lbd\/wp-content\/uploads\/2017\/08\/Cerro-Castor-Rip-Curl1-1024x732.jpg 1024w\" sizes=\"(max-width: 300px) 100vw, 300px\" \/><\/a>El Rip Curl Grom Winter Search es uno de los eventos m\u00e1s esperado de la temporada donde los m\u00e1s j\u00f3venes disfrutan a pleno de un circuito especial para los m\u00e1s chicos.<\/p>\n<p><span style=\"color: #0000ff;\">Clasificaci\u00f3n Final por Categor\u00edas:<\/span><\/p>\n<p><span style=\"color: #0000ff;\">Esqu\u00ed<\/span><br \/>\nNi\u00f1os<br \/>\nCategor\u00eda 1<br \/>\n8 \/ 9 a\u00f1os<br \/>\n1\u00b0 Unai Correa<br \/>\n2\u00b0 Mart\u00edn Mengolini<br \/>\n3\u00b0 Agust\u00edn Villanueva<\/p>\n<p>Categor\u00eda 2<br \/>\n10 \/ 12 a\u00f1os<br \/>\n1\u00b0 Lucas Gilburd<br \/>\n2\u00b0 I\u00f1aki Iribarren<br \/>\n3\u00b0 Joaqu\u00edn Ocampo<\/p>\n<p>Categor\u00eda 3<br \/>\n13 \/ 16 a\u00f1os<br \/>\n1\u00b0 Guillermo Bertotto<br \/>\n2\u00b0 Julio C\u00e1mpora<br \/>\n3\u00b0 Crist\u00f3bal Zeitler<\/p>\n<p><span style=\"color: #0000ff;\">Ni\u00f1as<\/span><br \/>\nCategor\u00eda 1<br \/>\n8 \/ 9 a\u00f1os<br \/>\n1\u00b0 M\u00eda Pereyra<br \/>\n2\u00b0 Lara Sassani<br \/>\n3\u00b0 Ambar Otzet<\/p>\n<p>Categor\u00eda 2<br \/>\n10 \/ 12 a\u00f1os<br \/>\n1\u00b0 Bel\u00e9n Garc\u00eda Basualdo<br \/>\n2\u00b0 Julieta Rivero<br \/>\n3\u00b0 Paloma Garc\u00eda Basualdo<\/p>\n<p>Snowboard<br \/>\nNi\u00f1os<br \/>\nCategor\u00eda 1<br \/>\n8 \/ 9 a\u00f1os<br \/>\n1\u00b0 Joao Texeira<br \/>\n2\u00b0 Valentino Calquin<br \/>\n3\u00b0 Gabriel Bonveh\u00ed<\/p>\n<p>Categor\u00eda 2<br \/>\n10 \/ 12 a\u00f1os<br \/>\n1\u00b0 Agusthinho Texeira<br \/>\n2\u00b0 Ignacio Mart\u00edn<br \/>\n3\u00b0 Ignacio Silva<\/p>\n<p>Categor\u00eda 3<br \/>\n13 \/ 16 a\u00f1os<br \/>\n1\u00b0 Dante Vera<br \/>\n2\u00b0 Juan Bautista Mazzone<br \/>\n3\u00b0 Valent\u00edn Santill\u00e1n<\/p>\n<p>Ni\u00f1as<br \/>\nCategor\u00eda 1<br \/>\n8 \/ 9 a\u00f1os<br \/>\n1\u00b0 Paloma Rodr\u00edguez<\/p>\n<p>Categor\u00eda 2<br \/>\n10 \/ 12 a\u00f1os<br \/>\n1\u00b0 Renata Mair<br \/>\n2\u00b0 Avril Garc\u00eda Muriel<br \/>\n3\u00b0 Milena Bonveh\u00ed<br \/>\n4\u00b0 Juana Mansilla<\/p>\n<p>Categor\u00eda 3<br \/>\n3 \/ 16 a\u00f1os<br \/>\n1\u00b0 Giuliana Cebr\u00f3n<\/p>\n<p><a href=\"http:\/\/labestiadeportiva.com\/lbd\/wp-content\/uploads\/2017\/08\/Cerro-Castor-Rip-Curl.jpg\"><img loading=\"lazy\" class=\"aligncenter size-medium wp-image-25263\" src=\"http:\/\/labestiadeportiva.com\/lbd\/wp-content\/uploads\/2017\/08\/Cerro-Castor-Rip-Curl-300x200.jpg\" alt=\"Cerro Castor - Rip Curl\" width=\"300\" height=\"200\" srcset=\"https:\/\/labestiadeportiva.com\/lbd\/wp-content\/uploads\/2017\/08\/Cerro-Castor-Rip-Curl-300x200.jpg 300w, https:\/\/labestiadeportiva.com\/lbd\/wp-content\/uploads\/2017\/08\/Cerro-Castor-Rip-Curl-1024x683.jpg 1024w\" sizes=\"(max-width: 300px) 100vw, 300px\" \/><\/a><\/p>\n<div class='epvc-post-count'><span class='epvc-eye'><\/span>  <span class=\"epvc-count\"> 1.196<\/span><span class='epvc-label'> veces le\u00edda<\/span><\/div>\n<div class=\"jwsharethis\">\nShare this: \n<br \/>\n<a href=\"mailto:?subject=Fiesta%20en%20el%20Cerro&amp;body=https%3A%2F%2Flabestiadeportiva.com%2Flbd%2Ffiesta-en-el-cerro-2%2F\">\n<img src=\"https:\/\/labestiadeportiva.com\/lbd\/wp-content\/plugins\/jw-share-this\/email.png\" alt=\"Share this page via Email\" \/>\n<\/a>\n<a target=\"_blank\" href=\"http:\/\/www.stumbleupon.com\/submit?url=https%3A%2F%2Flabestiadeportiva.com%2Flbd%2Ffiesta-en-el-cerro-2%2F&amp;title=Fiesta+en+el+Cerro\">\n<img src=\"https:\/\/labestiadeportiva.com\/lbd\/wp-content\/plugins\/jw-share-this\/su.png\" alt=\"Share this page via Stumble Upon\" \/>\n<\/a>\n<a target=\"_blank\" href=\"http:\/\/digg.com\/submit?url=https%3A%2F%2Flabestiadeportiva.com%2Flbd%2Ffiesta-en-el-cerro-2%2F&amp;title=Fiesta+en+el+Cerro\">\n<img src=\"https:\/\/labestiadeportiva.com\/lbd\/wp-content\/plugins\/jw-share-this\/digg.png\" alt=\"Share this page via Digg this\" \/>\n<\/a>\n<a target=\"_blank\" href=\"http:\/\/www.facebook.com\/sharer.php?u=https%3A%2F%2Flabestiadeportiva.com%2Flbd%2Ffiesta-en-el-cerro-2%2F&amp;t=Fiesta+en+el+Cerro\">\n<img src=\"https:\/\/labestiadeportiva.com\/lbd\/wp-content\/plugins\/jw-share-this\/fb.png\" alt=\"Share this page via Facebook\" \/>\n<\/a>\n<a target=\"_blank\" href=\"http:\/\/twitter.com\/intent\/tweet?text=I+like+https%3A%2F%2Flabestiadeportiva.com%2Flbd%2Ffiesta-en-el-cerro-2%2F&amp;title=Fiesta+en+el+Cerro\">\n<img src=\"https:\/\/labestiadeportiva.com\/lbd\/wp-content\/plugins\/jw-share-this\/twitter.png\" alt=\"Share this page via Twitter\" \/>\n<\/a>\n<\/div>\n","protected":false},"excerpt":{"rendered":"<p>El pasado s\u00e1bado en Cerro Castor, el centro de esqu\u00ed m\u00e1s austral del mundo, vivi\u00f3 un gran espect\u00e1culo con el snowboard y free-sking en el Rip Curl Grom Winter Search.Fueron de la partida 55 ni\u00f1os de ambos sexos. Fuente y fotos prensa Cerro Castor. 1.196 veces le\u00edda Share this:<\/p>\n","protected":false},"author":1,"featured_media":25264,"comment_status":"open","ping_status":"open","sticky":false,"template":"","format":"standard","meta":[],"categories":[5,41,1,2300],"tags":[4836,83,3260,358],"_links":{"self":[{"href":"https:\/\/labestiadeportiva.com\/lbd\/wp-json\/wp\/v2\/posts\/25262"}],"collection":[{"href":"https:\/\/labestiadeportiva.com\/lbd\/wp-json\/wp\/v2\/posts"}],"about":[{"href":"https:\/\/labestiadeportiva.com\/lbd\/wp-json\/wp\/v2\/types\/post"}],"author":[{"embeddable":true,"href":"https:\/\/labestiadeportiva.com\/lbd\/wp-json\/wp\/v2\/users\/1"}],"replies":[{"embeddable":true,"href":"https:\/\/labestiadeportiva.com\/lbd\/wp-json\/wp\/v2\/comments?post=25262"}],"version-history":[{"count":1,"href":"https:\/\/labestiadeportiva.com\/lbd\/wp-json\/wp\/v2\/posts\/25262\/revisions"}],"predecessor-version":[{"id":25266,"href":"https:\/\/labestiadeportiva.com\/lbd\/wp-json\/wp\/v2\/posts\/25262\/revisions\/25266"}],"wp:featuredmedia":[{"embeddable":true,"href":"https:\/\/labestiadeportiva.com\/lbd\/wp-json\/wp\/v2\/media\/25264"}],"wp:attachment":[{"href":"https:\/\/labestiadeportiva.com\/lbd\/wp-json\/wp\/v2\/media?parent=25262"}],"wp:term":[{"taxonomy":"category","embeddable":true,"href":"https:\/\/labestiadeportiva.com\/lbd\/wp-json\/wp\/v2\/categories?post=25262"},{"taxonomy":"post_tag","embeddable":true,"href":"https:\/\/labestiadeportiva.com\/lbd\/wp-json\/wp\/v2\/tags?post=25262"}],"curies":[{"name":"wp","href":"https:\/\/api.w.org\/{rel}","templated":true}]}}