{"id":25336,"date":"2017-08-23T00:05:05","date_gmt":"2017-08-23T03:05:05","guid":{"rendered":"http:\/\/labestiadeportiva.com\/lbd\/?p=25336"},"modified":"2017-08-23T16:26:00","modified_gmt":"2017-08-23T19:26:00","slug":"llego-la-hora-de-la-verdad","status":"publish","type":"post","link":"https:\/\/labestiadeportiva.com\/lbd\/llego-la-hora-de-la-verdad\/","title":{"rendered":"Lleg\u00f3 la hora de la verdad"},"content":{"rendered":"<p>Por Agust\u00edn \u00abColo\u00bb Aguirre (Corresponsal LBD en La Pampa)<\/p>\n<p><a href=\"http:\/\/labestiadeportiva.com\/lbd\/wp-content\/uploads\/2017\/08\/FB_IMG_1503457250766.jpg\"><img loading=\"lazy\" class=\"aligncenter size-medium wp-image-25337\" src=\"http:\/\/labestiadeportiva.com\/lbd\/wp-content\/uploads\/2017\/08\/FB_IMG_1503457250766-300x151.jpg\" alt=\"FB_IMG_1503457250766\" width=\"300\" height=\"151\" srcset=\"https:\/\/labestiadeportiva.com\/lbd\/wp-content\/uploads\/2017\/08\/FB_IMG_1503457250766-300x151.jpg 300w, https:\/\/labestiadeportiva.com\/lbd\/wp-content\/uploads\/2017\/08\/FB_IMG_1503457250766.jpg 552w\" sizes=\"(max-width: 300px) 100vw, 300px\" \/><\/a>Aunque la selecci\u00f3n argentina de b\u00e1squet ya esta clasificada para el Final Four de la Americas Cup que se disputar\u00e1 en la provincia de C\u00f3rdoba comienza la fase de grupos con los 12 elegidos por el entrenador Sergio \u00abOveja\u00bb Hern\u00e1ndez.<!--more--><\/p>\n<p>Enfrentar\u00e1 a Venezuela el domingo 27, Canad\u00e1 el lunes 28 e Islas V\u00edrgenes el martes 29.<\/p>\n<p>\u00abEl Alma\u00bb finaliz\u00f3 la su preparaci\u00f3n previa a la Americas Cup obteniendo el Super 4 en la provincia de Salta gan\u00e1ndole a Colombia 78 a 59 con Gabriel Deck como m\u00e1ximo goleador del juego con 15 puntos.<\/p>\n<p>En el segundo partido enfrent\u00f3 a Uruguay. Luego de jugar un mal primer tiempo\u00a0donde cay\u00f3 47 a 43, cambi\u00f3 la imagen entregando lo mejor de su producci\u00f3n en el complemento ganando el encuentro 92 a 74 con Laprovittola aport\u00e1ndole 22 puntos a la celeste y blanca.<\/p>\n<p>El \u00faltimo juego fue el cl\u00e1sico ante Brasil, la selecci\u00f3n con muchos altibajos logr\u00f3 sacar adelante el partido consigui\u00e9ndo el t\u00edtulo al vencer por 86 a 74.<\/p>\n<p>El pr\u00f3ximo objetivo a la vista ser\u00e1 el American Cup de Bah\u00eda Blanca en donde intentar\u00e1 \u00a0conseguir la mejor forma para el Final Four cordob\u00e9s.<\/p>\n<p>Los doce elegidos por Hern\u00e1ndez:<\/p>\n<p>Facundo Campazzo<br \/>\nPosici\u00f3n: Base<br \/>\nEquipo: Real Madrid (Espa\u00f1a)<\/p>\n<p>Nicol\u00e1s Laprovittola<br \/>\nPosici\u00f3n: Base<br \/>\nEquipo: Zenit (Rusia)<\/p>\n<p>Luca Vildoza<br \/>\nPosici\u00f3n: Base<br \/>\nEquipo: Baskonia (Espa\u00f1a)<\/p>\n<p>Nicol\u00e1s Brussino<br \/>\nPosici\u00f3n: Escolta<br \/>\nEquipo: Atlanta Hawks (NBA)<\/p>\n<p>Lucio Redivo<br \/>\nPosici\u00f3n: Escolta<br \/>\nEquipo: Bilbao Basket (Espa\u00f1a)<\/p>\n<p>M\u00e1ximo Fjellerup<br \/>\nPosici\u00f3n: Escolta<br \/>\nEquipo: Bah\u00eda Basket<\/p>\n<p>Patricio Garino<br \/>\nPosici\u00f3n: Alero<br \/>\nEquipo: sin equipo<\/p>\n<p>Gabriel Deck<br \/>\nPosici\u00f3n: Alero<br \/>\nEquipo: San Lorenzo<\/p>\n<p>Luis Scola<br \/>\nPosici\u00f3n: Ala pivote<br \/>\nEquipo: Shanxi Zhongyu (China)<\/p>\n<p>Javier Saiz<br \/>\nPosici\u00f3n: Ala pivote<br \/>\nEquipo: Regatas Corrientes<\/p>\n<p>Marcos Del\u00eda<br \/>\nPosici\u00f3n: Pivote<br \/>\nEquipo: Murcia (Espa\u00f1a)<\/p>\n<p>Tayavek Gallizzi<br \/>\nPosici\u00f3n: Pivote<br \/>\nEquipo: La Uni\u00f3n (Formosa)<\/p>\n<p>Sergio Hern\u00e1ndez (Entrenador)<\/p>\n<div class='epvc-post-count'><span class='epvc-eye'><\/span>  <span class=\"epvc-count\"> 1.428<\/span><span class='epvc-label'> veces le\u00edda<\/span><\/div>\n<div class=\"jwsharethis\">\nShare this: \n<br \/>\n<a href=\"mailto:?subject=Lleg%C3%B3%20la%20hora%20de%20la%20verdad&amp;body=https%3A%2F%2Flabestiadeportiva.com%2Flbd%2Fllego-la-hora-de-la-verdad%2F\">\n<img src=\"https:\/\/labestiadeportiva.com\/lbd\/wp-content\/plugins\/jw-share-this\/email.png\" alt=\"Share this page via Email\" \/>\n<\/a>\n<a target=\"_blank\" href=\"http:\/\/www.stumbleupon.com\/submit?url=https%3A%2F%2Flabestiadeportiva.com%2Flbd%2Fllego-la-hora-de-la-verdad%2F&amp;title=Lleg%C3%B3+la+hora+de+la+verdad\">\n<img src=\"https:\/\/labestiadeportiva.com\/lbd\/wp-content\/plugins\/jw-share-this\/su.png\" alt=\"Share this page via Stumble Upon\" \/>\n<\/a>\n<a target=\"_blank\" href=\"http:\/\/digg.com\/submit?url=https%3A%2F%2Flabestiadeportiva.com%2Flbd%2Fllego-la-hora-de-la-verdad%2F&amp;title=Lleg%C3%B3+la+hora+de+la+verdad\">\n<img src=\"https:\/\/labestiadeportiva.com\/lbd\/wp-content\/plugins\/jw-share-this\/digg.png\" alt=\"Share this page via Digg this\" \/>\n<\/a>\n<a target=\"_blank\" href=\"http:\/\/www.facebook.com\/sharer.php?u=https%3A%2F%2Flabestiadeportiva.com%2Flbd%2Fllego-la-hora-de-la-verdad%2F&amp;t=Lleg%C3%B3+la+hora+de+la+verdad\">\n<img src=\"https:\/\/labestiadeportiva.com\/lbd\/wp-content\/plugins\/jw-share-this\/fb.png\" alt=\"Share this page via Facebook\" \/>\n<\/a>\n<a target=\"_blank\" href=\"http:\/\/twitter.com\/intent\/tweet?text=I+like+https%3A%2F%2Flabestiadeportiva.com%2Flbd%2Fllego-la-hora-de-la-verdad%2F&amp;title=Lleg%C3%B3+la+hora+de+la+verdad\">\n<img src=\"https:\/\/labestiadeportiva.com\/lbd\/wp-content\/plugins\/jw-share-this\/twitter.png\" alt=\"Share this page via Twitter\" \/>\n<\/a>\n<\/div>\n","protected":false},"excerpt":{"rendered":"<p>Por Agust\u00edn \u00abColo\u00bb Aguirre (Corresponsal LBD en La Pampa) Aunque la selecci\u00f3n argentina de b\u00e1squet ya esta clasificada para el Final Four de la Americas Cup que se disputar\u00e1 en la provincia de C\u00f3rdoba comienza la fase de grupos con los 12 elegidos por el entrenador Sergio \u00abOveja\u00bb Hern\u00e1ndez. 1.428 veces le\u00edda Share this:<\/p>\n","protected":false},"author":1,"featured_media":25337,"comment_status":"open","ping_status":"open","sticky":false,"template":"","format":"standard","meta":[],"categories":[2432,4,3032,6,1],"tags":[171,83,88],"_links":{"self":[{"href":"https:\/\/labestiadeportiva.com\/lbd\/wp-json\/wp\/v2\/posts\/25336"}],"collection":[{"href":"https:\/\/labestiadeportiva.com\/lbd\/wp-json\/wp\/v2\/posts"}],"about":[{"href":"https:\/\/labestiadeportiva.com\/lbd\/wp-json\/wp\/v2\/types\/post"}],"author":[{"embeddable":true,"href":"https:\/\/labestiadeportiva.com\/lbd\/wp-json\/wp\/v2\/users\/1"}],"replies":[{"embeddable":true,"href":"https:\/\/labestiadeportiva.com\/lbd\/wp-json\/wp\/v2\/comments?post=25336"}],"version-history":[{"count":6,"href":"https:\/\/labestiadeportiva.com\/lbd\/wp-json\/wp\/v2\/posts\/25336\/revisions"}],"predecessor-version":[{"id":25372,"href":"https:\/\/labestiadeportiva.com\/lbd\/wp-json\/wp\/v2\/posts\/25336\/revisions\/25372"}],"wp:featuredmedia":[{"embeddable":true,"href":"https:\/\/labestiadeportiva.com\/lbd\/wp-json\/wp\/v2\/media\/25337"}],"wp:attachment":[{"href":"https:\/\/labestiadeportiva.com\/lbd\/wp-json\/wp\/v2\/media?parent=25336"}],"wp:term":[{"taxonomy":"category","embeddable":true,"href":"https:\/\/labestiadeportiva.com\/lbd\/wp-json\/wp\/v2\/categories?post=25336"},{"taxonomy":"post_tag","embeddable":true,"href":"https:\/\/labestiadeportiva.com\/lbd\/wp-json\/wp\/v2\/tags?post=25336"}],"curies":[{"name":"wp","href":"https:\/\/api.w.org\/{rel}","templated":true}]}}