{"id":25476,"date":"2017-08-31T16:14:51","date_gmt":"2017-08-31T19:14:51","guid":{"rendered":"http:\/\/labestiadeportiva.com\/lbd\/?p=25476"},"modified":"2017-08-31T16:14:51","modified_gmt":"2017-08-31T19:14:51","slug":"cambiaso-paso-por-ushuaia-y-charlo-con-lbd-audio","status":"publish","type":"post","link":"https:\/\/labestiadeportiva.com\/lbd\/cambiaso-paso-por-ushuaia-y-charlo-con-lbd-audio\/","title":{"rendered":"Cambiaso pas\u00f3 por Ushuaia y charl\u00f3 con LBD (Audio)"},"content":{"rendered":"<p><a href=\"http:\/\/labestiadeportiva.com\/lbd\/wp-content\/uploads\/2017\/08\/21077751_1566160293450500_8833729865846684210_n.jpg\"><img loading=\"lazy\" class=\"alignleft size-medium wp-image-25477\" src=\"http:\/\/labestiadeportiva.com\/lbd\/wp-content\/uploads\/2017\/08\/21077751_1566160293450500_8833729865846684210_n-300x192.jpg\" alt=\"21077751_1566160293450500_8833729865846684210_n\" width=\"300\" height=\"192\" srcset=\"https:\/\/labestiadeportiva.com\/lbd\/wp-content\/uploads\/2017\/08\/21077751_1566160293450500_8833729865846684210_n-300x192.jpg 300w, https:\/\/labestiadeportiva.com\/lbd\/wp-content\/uploads\/2017\/08\/21077751_1566160293450500_8833729865846684210_n.jpg 826w\" sizes=\"(max-width: 300px) 100vw, 300px\" \/><\/a>El mejor jugador de Polo del mundo se present\u00f3 en Cerro Castor el pasado fin de semana en el evento Snow Polo Fin del Mundo. Viernes y s\u00e1bado con triangular a un chukker el cu\u00e1l disfrut\u00f3 junto a su hijo \u00abPoroto\u00bb. Primera vez en Tierra del Fuego donde expres\u00f3 su intenci\u00f3n de colaborar en la creaci\u00f3n de un club de la especialidad. Compartimos parte del ameno di\u00e1logo con Adolfo Cambiaso.<!--more--><\/p>\n<p><iframe loading=\"lazy\" src=\"https:\/\/www.youtube.com\/embed\/zk3zEa2CzS0\" width=\"560\" height=\"315\" frameborder=\"0\" allowfullscreen=\"allowfullscreen\"><\/iframe><\/p>\n<div class='epvc-post-count'><span class='epvc-eye'><\/span>  <span class=\"epvc-count\"> 1.169<\/span><span class='epvc-label'> veces le\u00edda<\/span><\/div>\n<div class=\"jwsharethis\">\nShare this: \n<br \/>\n<a href=\"mailto:?subject=Cambiaso%20pas%C3%B3%20por%20Ushuaia%20y%20charl%C3%B3%20con%20LBD%20%28Audio%29&amp;body=https%3A%2F%2Flabestiadeportiva.com%2Flbd%2Fcambiaso-paso-por-ushuaia-y-charlo-con-lbd-audio%2F\">\n<img src=\"https:\/\/labestiadeportiva.com\/lbd\/wp-content\/plugins\/jw-share-this\/email.png\" alt=\"Share this page via Email\" \/>\n<\/a>\n<a target=\"_blank\" href=\"http:\/\/www.stumbleupon.com\/submit?url=https%3A%2F%2Flabestiadeportiva.com%2Flbd%2Fcambiaso-paso-por-ushuaia-y-charlo-con-lbd-audio%2F&amp;title=Cambiaso+pas%C3%B3+por+Ushuaia+y+charl%C3%B3+con+LBD+%28Audio%29\">\n<img src=\"https:\/\/labestiadeportiva.com\/lbd\/wp-content\/plugins\/jw-share-this\/su.png\" alt=\"Share this page via Stumble Upon\" \/>\n<\/a>\n<a target=\"_blank\" href=\"http:\/\/digg.com\/submit?url=https%3A%2F%2Flabestiadeportiva.com%2Flbd%2Fcambiaso-paso-por-ushuaia-y-charlo-con-lbd-audio%2F&amp;title=Cambiaso+pas%C3%B3+por+Ushuaia+y+charl%C3%B3+con+LBD+%28Audio%29\">\n<img src=\"https:\/\/labestiadeportiva.com\/lbd\/wp-content\/plugins\/jw-share-this\/digg.png\" alt=\"Share this page via Digg this\" \/>\n<\/a>\n<a target=\"_blank\" href=\"http:\/\/www.facebook.com\/sharer.php?u=https%3A%2F%2Flabestiadeportiva.com%2Flbd%2Fcambiaso-paso-por-ushuaia-y-charlo-con-lbd-audio%2F&amp;t=Cambiaso+pas%C3%B3+por+Ushuaia+y+charl%C3%B3+con+LBD+%28Audio%29\">\n<img src=\"https:\/\/labestiadeportiva.com\/lbd\/wp-content\/plugins\/jw-share-this\/fb.png\" alt=\"Share this page via Facebook\" \/>\n<\/a>\n<a target=\"_blank\" href=\"http:\/\/twitter.com\/intent\/tweet?text=I+like+https%3A%2F%2Flabestiadeportiva.com%2Flbd%2Fcambiaso-paso-por-ushuaia-y-charlo-con-lbd-audio%2F&amp;title=Cambiaso+pas%C3%B3+por+Ushuaia+y+charl%C3%B3+con+LBD+%28Audio%29\">\n<img src=\"https:\/\/labestiadeportiva.com\/lbd\/wp-content\/plugins\/jw-share-this\/twitter.png\" alt=\"Share this page via Twitter\" \/>\n<\/a>\n<\/div>\n","protected":false},"excerpt":{"rendered":"<p>El mejor jugador de Polo del mundo se present\u00f3 en Cerro Castor el pasado fin de semana en el evento Snow Polo Fin del Mundo. Viernes y s\u00e1bado con triangular a un chukker el cu\u00e1l disfrut\u00f3 junto a su hijo \u00abPoroto\u00bb. Primera vez en Tierra del Fuego donde expres\u00f3 su intenci\u00f3n de colaborar en la &hellip; <a href=\"https:\/\/labestiadeportiva.com\/lbd\/cambiaso-paso-por-ushuaia-y-charlo-con-lbd-audio\/\" class=\"more-link\">Seguir leyendo <span class=\"screen-reader-text\">Cambiaso pas\u00f3 por Ushuaia y charl\u00f3 con LBD (Audio)<\/span> <span class=\"meta-nav\">&rarr;<\/span><\/a><\/p>\n","protected":false},"author":1,"featured_media":25477,"comment_status":"open","ping_status":"open","sticky":false,"template":"","format":"standard","meta":[],"categories":[3032,6,60,1,3283],"tags":[3296,4838,83,3281],"_links":{"self":[{"href":"https:\/\/labestiadeportiva.com\/lbd\/wp-json\/wp\/v2\/posts\/25476"}],"collection":[{"href":"https:\/\/labestiadeportiva.com\/lbd\/wp-json\/wp\/v2\/posts"}],"about":[{"href":"https:\/\/labestiadeportiva.com\/lbd\/wp-json\/wp\/v2\/types\/post"}],"author":[{"embeddable":true,"href":"https:\/\/labestiadeportiva.com\/lbd\/wp-json\/wp\/v2\/users\/1"}],"replies":[{"embeddable":true,"href":"https:\/\/labestiadeportiva.com\/lbd\/wp-json\/wp\/v2\/comments?post=25476"}],"version-history":[{"count":1,"href":"https:\/\/labestiadeportiva.com\/lbd\/wp-json\/wp\/v2\/posts\/25476\/revisions"}],"predecessor-version":[{"id":25478,"href":"https:\/\/labestiadeportiva.com\/lbd\/wp-json\/wp\/v2\/posts\/25476\/revisions\/25478"}],"wp:featuredmedia":[{"embeddable":true,"href":"https:\/\/labestiadeportiva.com\/lbd\/wp-json\/wp\/v2\/media\/25477"}],"wp:attachment":[{"href":"https:\/\/labestiadeportiva.com\/lbd\/wp-json\/wp\/v2\/media?parent=25476"}],"wp:term":[{"taxonomy":"category","embeddable":true,"href":"https:\/\/labestiadeportiva.com\/lbd\/wp-json\/wp\/v2\/categories?post=25476"},{"taxonomy":"post_tag","embeddable":true,"href":"https:\/\/labestiadeportiva.com\/lbd\/wp-json\/wp\/v2\/tags?post=25476"}],"curies":[{"name":"wp","href":"https:\/\/api.w.org\/{rel}","templated":true}]}}