{"id":25479,"date":"2017-08-31T16:51:56","date_gmt":"2017-08-31T19:51:56","guid":{"rendered":"http:\/\/labestiadeportiva.com\/lbd\/?p=25479"},"modified":"2017-08-31T16:51:56","modified_gmt":"2017-08-31T19:51:56","slug":"dady-capacito-viernes-y-domingo-audio","status":"publish","type":"post","link":"https:\/\/labestiadeportiva.com\/lbd\/dady-capacito-viernes-y-domingo-audio\/","title":{"rendered":"\u00abDady\u00bb capacit\u00f3 viernes y domingo (Audio)"},"content":{"rendered":"<p><a href=\"http:\/\/labestiadeportiva.com\/lbd\/wp-content\/uploads\/2017\/08\/21271093_1570741472992382_942121910120582852_n.jpg\"><img loading=\"lazy\" src=\"http:\/\/labestiadeportiva.com\/lbd\/wp-content\/uploads\/2017\/08\/21271093_1570741472992382_942121910120582852_n-300x223.jpg\" alt=\"21271093_1570741472992382_942121910120582852_n\" width=\"300\" height=\"223\" class=\"alignleft size-medium wp-image-25480\" srcset=\"https:\/\/labestiadeportiva.com\/lbd\/wp-content\/uploads\/2017\/08\/21271093_1570741472992382_942121910120582852_n-300x223.jpg 300w, https:\/\/labestiadeportiva.com\/lbd\/wp-content\/uploads\/2017\/08\/21271093_1570741472992382_942121910120582852_n.jpg 960w\" sizes=\"(max-width: 300px) 100vw, 300px\" \/><\/a>De la mano del Club River Ushuaia Eduardo \u00abDady\u00bb Gallardo realiz\u00f3 una nueva cl\u00ednica de handball en nuestra ciudad. El ex entrenador de \u00abLos Gladiadores\u00bb trabaj\u00f3 con un importante grupo de jugadores, entrenadores y dirigentes en forma te\u00f3rico pr\u00e1ctica. Desde LBD dialogamos con \u00e9l, la disciplina en TDF y su actualidad profesional los principales temas de la charla.<!--more--><\/p>\n<p><iframe loading=\"lazy\" width=\"560\" height=\"315\" src=\"https:\/\/www.youtube.com\/embed\/zNds6RLws2E\" frameborder=\"0\" allowfullscreen><\/iframe><\/p>\n<div class='epvc-post-count'><span class='epvc-eye'><\/span>  <span class=\"epvc-count\"> 1.127<\/span><span class='epvc-label'> veces le\u00edda<\/span><\/div>\n<div class=\"jwsharethis\">\nShare this: \n<br \/>\n<a href=\"mailto:?subject=%C2%ABDady%C2%BB%20capacit%C3%B3%20viernes%20y%20domingo%20%28Audio%29&amp;body=https%3A%2F%2Flabestiadeportiva.com%2Flbd%2Fdady-capacito-viernes-y-domingo-audio%2F\">\n<img src=\"https:\/\/labestiadeportiva.com\/lbd\/wp-content\/plugins\/jw-share-this\/email.png\" alt=\"Share this page via Email\" \/>\n<\/a>\n<a target=\"_blank\" href=\"http:\/\/www.stumbleupon.com\/submit?url=https%3A%2F%2Flabestiadeportiva.com%2Flbd%2Fdady-capacito-viernes-y-domingo-audio%2F&amp;title=%C2%ABDady%C2%BB+capacit%C3%B3+viernes+y+domingo+%28Audio%29\">\n<img src=\"https:\/\/labestiadeportiva.com\/lbd\/wp-content\/plugins\/jw-share-this\/su.png\" alt=\"Share this page via Stumble Upon\" \/>\n<\/a>\n<a target=\"_blank\" href=\"http:\/\/digg.com\/submit?url=https%3A%2F%2Flabestiadeportiva.com%2Flbd%2Fdady-capacito-viernes-y-domingo-audio%2F&amp;title=%C2%ABDady%C2%BB+capacit%C3%B3+viernes+y+domingo+%28Audio%29\">\n<img src=\"https:\/\/labestiadeportiva.com\/lbd\/wp-content\/plugins\/jw-share-this\/digg.png\" alt=\"Share this page via Digg this\" \/>\n<\/a>\n<a target=\"_blank\" href=\"http:\/\/www.facebook.com\/sharer.php?u=https%3A%2F%2Flabestiadeportiva.com%2Flbd%2Fdady-capacito-viernes-y-domingo-audio%2F&amp;t=%C2%ABDady%C2%BB+capacit%C3%B3+viernes+y+domingo+%28Audio%29\">\n<img src=\"https:\/\/labestiadeportiva.com\/lbd\/wp-content\/plugins\/jw-share-this\/fb.png\" alt=\"Share this page via Facebook\" \/>\n<\/a>\n<a target=\"_blank\" href=\"http:\/\/twitter.com\/intent\/tweet?text=I+like+https%3A%2F%2Flabestiadeportiva.com%2Flbd%2Fdady-capacito-viernes-y-domingo-audio%2F&amp;title=%C2%ABDady%C2%BB+capacit%C3%B3+viernes+y+domingo+%28Audio%29\">\n<img src=\"https:\/\/labestiadeportiva.com\/lbd\/wp-content\/plugins\/jw-share-this\/twitter.png\" alt=\"Share this page via Twitter\" \/>\n<\/a>\n<\/div>\n","protected":false},"excerpt":{"rendered":"<p>De la mano del Club River Ushuaia Eduardo \u00abDady\u00bb Gallardo realiz\u00f3 una nueva cl\u00ednica de handball en nuestra ciudad. El ex entrenador de \u00abLos Gladiadores\u00bb trabaj\u00f3 con un importante grupo de jugadores, entrenadores y dirigentes en forma te\u00f3rico pr\u00e1ctica. Desde LBD dialogamos con \u00e9l, la disciplina en TDF y su actualidad profesional los principales temas &hellip; <a href=\"https:\/\/labestiadeportiva.com\/lbd\/dady-capacito-viernes-y-domingo-audio\/\" class=\"more-link\">Seguir leyendo <span class=\"screen-reader-text\">\u00abDady\u00bb capacit\u00f3 viernes y domingo (Audio)<\/span> <span class=\"meta-nav\">&rarr;<\/span><\/a><\/p>\n","protected":false},"author":1,"featured_media":25480,"comment_status":"open","ping_status":"open","sticky":false,"template":"","format":"standard","meta":[],"categories":[5,4,6,60,2286,1],"tags":[1916,3297,784,4838,13,83],"_links":{"self":[{"href":"https:\/\/labestiadeportiva.com\/lbd\/wp-json\/wp\/v2\/posts\/25479"}],"collection":[{"href":"https:\/\/labestiadeportiva.com\/lbd\/wp-json\/wp\/v2\/posts"}],"about":[{"href":"https:\/\/labestiadeportiva.com\/lbd\/wp-json\/wp\/v2\/types\/post"}],"author":[{"embeddable":true,"href":"https:\/\/labestiadeportiva.com\/lbd\/wp-json\/wp\/v2\/users\/1"}],"replies":[{"embeddable":true,"href":"https:\/\/labestiadeportiva.com\/lbd\/wp-json\/wp\/v2\/comments?post=25479"}],"version-history":[{"count":1,"href":"https:\/\/labestiadeportiva.com\/lbd\/wp-json\/wp\/v2\/posts\/25479\/revisions"}],"predecessor-version":[{"id":25481,"href":"https:\/\/labestiadeportiva.com\/lbd\/wp-json\/wp\/v2\/posts\/25479\/revisions\/25481"}],"wp:featuredmedia":[{"embeddable":true,"href":"https:\/\/labestiadeportiva.com\/lbd\/wp-json\/wp\/v2\/media\/25480"}],"wp:attachment":[{"href":"https:\/\/labestiadeportiva.com\/lbd\/wp-json\/wp\/v2\/media?parent=25479"}],"wp:term":[{"taxonomy":"category","embeddable":true,"href":"https:\/\/labestiadeportiva.com\/lbd\/wp-json\/wp\/v2\/categories?post=25479"},{"taxonomy":"post_tag","embeddable":true,"href":"https:\/\/labestiadeportiva.com\/lbd\/wp-json\/wp\/v2\/tags?post=25479"}],"curies":[{"name":"wp","href":"https:\/\/api.w.org\/{rel}","templated":true}]}}