{"id":258,"date":"2012-09-07T14:22:40","date_gmt":"2012-09-07T14:22:40","guid":{"rendered":"http:\/\/labestiadeportiva.com\/lbd\/?p=258"},"modified":"2012-09-07T14:25:13","modified_gmt":"2012-09-07T14:25:13","slug":"franco-negri-la-pelea-en-san-lorenzo","status":"publish","type":"post","link":"https:\/\/labestiadeportiva.com\/lbd\/franco-negri-la-pelea-en-san-lorenzo\/","title":{"rendered":"Franco Negri la pelea en San Lorenzo"},"content":{"rendered":"<p><a href=\"http:\/\/labestiadeportiva.com\/lbd\/wp-content\/uploads\/2012\/09\/528412_10150908857137479_2104673469_n2.jpg\"><img loading=\"lazy\" class=\"alignleft size-thumbnail wp-image-262\" title=\"528412_10150908857137479_2104673469_n\" src=\"http:\/\/labestiadeportiva.com\/lbd\/wp-content\/uploads\/2012\/09\/528412_10150908857137479_2104673469_n2-150x150.jpg\" alt=\"\" width=\"150\" height=\"150\" \/><\/a>Por Azul P\u00e9rez Zanone (Corresponsal LBD en la Ciudad Aut\u00f3noma de Buenos Aires) Conversamos con el joven futbolista, quien en la actualidad forma parte de la 6\u00b0 divisi\u00f3n del Club Atl\u00e9tico San Lorenzo de Almagro. El \u201cMendo\u201d ex Cuervos FDM trabaja duro para ganarse un lugar, estas fueron sus principales palabras.<!--morePara leer Click Aqu\u00ed--><\/p>\n<p><span style=\"color: #0000ff;\">\u00abEstoy jugando en la 6\u00b0 divisi\u00f3n de San Lorenzo, entrenamos todos los d\u00edas donde dejo todo para que llegue el fin de semana y pueda estar entre los 17 mejores. Hasta ahora me est\u00e1 yendo muy bien, ya empec\u00e9 a jugar de titular porque el t\u00e9cnico, Juan Piris, vio el sacrificio que hago.<\/span><\/p>\n<p><span style=\"color: #0000ff;\">Gracias a Dios es un grupo muy unido y desde principio de a\u00f1o me integraron muy bien y nadie me ignoro ni hizo diferencias conmigo. Hago doble turno todos los d\u00edas para poder progresar y llegar a primera divisi\u00f3n que es mi gran sue\u00f1o, por lo que estoy\u00a0 luchando.<\/span><\/p>\n<p><span style=\"color: #0000ff;\">Quiero agradecer como siempre a Los Cuervos del Fin del Mundo que me abrieron las puertas para poder estar ac\u00e1, a mi familia, y amigos que siempre me tienen fe, saludos para todos en Ushuaia\u00bb<\/span><\/p>\n<div class='epvc-post-count'><span class='epvc-eye'><\/span>  <span class=\"epvc-count\"> 1.300<\/span><span class='epvc-label'> veces le\u00edda<\/span><\/div>\n<div class=\"jwsharethis\">\nShare this: \n<br \/>\n<a href=\"mailto:?subject=Franco%20Negri%20la%20pelea%20en%20San%20Lorenzo&amp;body=https%3A%2F%2Flabestiadeportiva.com%2Flbd%2Ffranco-negri-la-pelea-en-san-lorenzo%2F\">\n<img src=\"https:\/\/labestiadeportiva.com\/lbd\/wp-content\/plugins\/jw-share-this\/email.png\" alt=\"Share this page via Email\" \/>\n<\/a>\n<a target=\"_blank\" href=\"http:\/\/www.stumbleupon.com\/submit?url=https%3A%2F%2Flabestiadeportiva.com%2Flbd%2Ffranco-negri-la-pelea-en-san-lorenzo%2F&amp;title=Franco+Negri+la+pelea+en+San+Lorenzo\">\n<img src=\"https:\/\/labestiadeportiva.com\/lbd\/wp-content\/plugins\/jw-share-this\/su.png\" alt=\"Share this page via Stumble Upon\" \/>\n<\/a>\n<a target=\"_blank\" href=\"http:\/\/digg.com\/submit?url=https%3A%2F%2Flabestiadeportiva.com%2Flbd%2Ffranco-negri-la-pelea-en-san-lorenzo%2F&amp;title=Franco+Negri+la+pelea+en+San+Lorenzo\">\n<img src=\"https:\/\/labestiadeportiva.com\/lbd\/wp-content\/plugins\/jw-share-this\/digg.png\" alt=\"Share this page via Digg this\" \/>\n<\/a>\n<a target=\"_blank\" href=\"http:\/\/www.facebook.com\/sharer.php?u=https%3A%2F%2Flabestiadeportiva.com%2Flbd%2Ffranco-negri-la-pelea-en-san-lorenzo%2F&amp;t=Franco+Negri+la+pelea+en+San+Lorenzo\">\n<img src=\"https:\/\/labestiadeportiva.com\/lbd\/wp-content\/plugins\/jw-share-this\/fb.png\" alt=\"Share this page via Facebook\" \/>\n<\/a>\n<a target=\"_blank\" href=\"http:\/\/twitter.com\/intent\/tweet?text=I+like+https%3A%2F%2Flabestiadeportiva.com%2Flbd%2Ffranco-negri-la-pelea-en-san-lorenzo%2F&amp;title=Franco+Negri+la+pelea+en+San+Lorenzo\">\n<img src=\"https:\/\/labestiadeportiva.com\/lbd\/wp-content\/plugins\/jw-share-this\/twitter.png\" alt=\"Share this page via Twitter\" \/>\n<\/a>\n<\/div>\n","protected":false},"excerpt":{"rendered":"<p>Por Azul P\u00e9rez Zanone (Corresponsal LBD en la Ciudad Aut\u00f3noma de Buenos Aires) Conversamos con el joven futbolista, quien en la actualidad forma parte de la 6\u00b0 divisi\u00f3n del Club Atl\u00e9tico San Lorenzo de Almagro. El \u201cMendo\u201d ex Cuervos FDM trabaja duro para ganarse un lugar, estas fueron sus principales palabras. 1.300 veces le\u00edda Share &hellip; <a href=\"https:\/\/labestiadeportiva.com\/lbd\/franco-negri-la-pelea-en-san-lorenzo\/\" class=\"more-link\">Seguir leyendo <span class=\"screen-reader-text\">Franco Negri la pelea en San Lorenzo<\/span> <span class=\"meta-nav\">&rarr;<\/span><\/a><\/p>\n","protected":false},"author":1,"featured_media":262,"comment_status":"open","ping_status":"open","sticky":false,"template":"","format":"standard","meta":[],"categories":[6,59,1],"tags":[4838,61],"_links":{"self":[{"href":"https:\/\/labestiadeportiva.com\/lbd\/wp-json\/wp\/v2\/posts\/258"}],"collection":[{"href":"https:\/\/labestiadeportiva.com\/lbd\/wp-json\/wp\/v2\/posts"}],"about":[{"href":"https:\/\/labestiadeportiva.com\/lbd\/wp-json\/wp\/v2\/types\/post"}],"author":[{"embeddable":true,"href":"https:\/\/labestiadeportiva.com\/lbd\/wp-json\/wp\/v2\/users\/1"}],"replies":[{"embeddable":true,"href":"https:\/\/labestiadeportiva.com\/lbd\/wp-json\/wp\/v2\/comments?post=258"}],"version-history":[{"count":2,"href":"https:\/\/labestiadeportiva.com\/lbd\/wp-json\/wp\/v2\/posts\/258\/revisions"}],"predecessor-version":[{"id":263,"href":"https:\/\/labestiadeportiva.com\/lbd\/wp-json\/wp\/v2\/posts\/258\/revisions\/263"}],"wp:featuredmedia":[{"embeddable":true,"href":"https:\/\/labestiadeportiva.com\/lbd\/wp-json\/wp\/v2\/media\/262"}],"wp:attachment":[{"href":"https:\/\/labestiadeportiva.com\/lbd\/wp-json\/wp\/v2\/media?parent=258"}],"wp:term":[{"taxonomy":"category","embeddable":true,"href":"https:\/\/labestiadeportiva.com\/lbd\/wp-json\/wp\/v2\/categories?post=258"},{"taxonomy":"post_tag","embeddable":true,"href":"https:\/\/labestiadeportiva.com\/lbd\/wp-json\/wp\/v2\/tags?post=258"}],"curies":[{"name":"wp","href":"https:\/\/api.w.org\/{rel}","templated":true}]}}