{"id":25853,"date":"2017-10-02T11:29:51","date_gmt":"2017-10-02T14:29:51","guid":{"rendered":"http:\/\/labestiadeportiva.com\/lbd\/?p=25853"},"modified":"2017-10-02T11:29:51","modified_gmt":"2017-10-02T14:29:51","slug":"lucas-en-las-100-millas-del-tc-2-000-audio","status":"publish","type":"post","link":"https:\/\/labestiadeportiva.com\/lbd\/lucas-en-las-100-millas-del-tc-2-000-audio\/","title":{"rendered":"Lucas en las \u00ab100 millas del TC 2.000\u00bb (Audio)"},"content":{"rendered":"<p><a href=\"http:\/\/labestiadeportiva.com\/lbd\/wp-content\/uploads\/2017\/10\/21731025_10210456271466640_5762725977099589993_n.jpg\"><img loading=\"lazy\" src=\"http:\/\/labestiadeportiva.com\/lbd\/wp-content\/uploads\/2017\/10\/21731025_10210456271466640_5762725977099589993_n-300x151.jpg\" alt=\"21731025_10210456271466640_5762725977099589993_n\" width=\"300\" height=\"151\" class=\"alignleft size-medium wp-image-25854\" srcset=\"https:\/\/labestiadeportiva.com\/lbd\/wp-content\/uploads\/2017\/10\/21731025_10210456271466640_5762725977099589993_n-300x151.jpg 300w, https:\/\/labestiadeportiva.com\/lbd\/wp-content\/uploads\/2017\/10\/21731025_10210456271466640_5762725977099589993_n.jpg 567w\" sizes=\"(max-width: 300px) 100vw, 300px\" \/><\/a>El propio piloto ushuaiense lo confirm\u00f3 en los \u00faltimos d\u00edas. Ser\u00e1 el 8 de octubre pr\u00f3ximo en el aut\u00f3dromo Oscar Cabal\u00e9n como invitado de Franco Crivelli a bordo del Peugeot 408 asistido por el equipo FE. El actual l\u00edder del Turismo Pista Clase 3 dialog\u00f3 con LBD, compartimos la entrevista lograda en Radio Provincia.<!--more--><\/p>\n<p><iframe loading=\"lazy\" width=\"560\" height=\"315\" src=\"https:\/\/www.youtube.com\/embed\/CqK_WYcVrjw\" frameborder=\"0\" allowfullscreen><\/iframe><\/p>\n<div class='epvc-post-count'><span class='epvc-eye'><\/span>  <span class=\"epvc-count\"> 1.209<\/span><span class='epvc-label'> veces le\u00edda<\/span><\/div>\n<div class=\"jwsharethis\">\nShare this: \n<br \/>\n<a href=\"mailto:?subject=Lucas%20en%20las%20%C2%AB100%20millas%20del%20TC%202.000%C2%BB%20%28Audio%29&amp;body=https%3A%2F%2Flabestiadeportiva.com%2Flbd%2Flucas-en-las-100-millas-del-tc-2-000-audio%2F\">\n<img src=\"https:\/\/labestiadeportiva.com\/lbd\/wp-content\/plugins\/jw-share-this\/email.png\" alt=\"Share this page via Email\" \/>\n<\/a>\n<a target=\"_blank\" href=\"http:\/\/www.stumbleupon.com\/submit?url=https%3A%2F%2Flabestiadeportiva.com%2Flbd%2Flucas-en-las-100-millas-del-tc-2-000-audio%2F&amp;title=Lucas+en+las+%C2%AB100+millas+del+TC+2.000%C2%BB+%28Audio%29\">\n<img src=\"https:\/\/labestiadeportiva.com\/lbd\/wp-content\/plugins\/jw-share-this\/su.png\" alt=\"Share this page via Stumble Upon\" \/>\n<\/a>\n<a target=\"_blank\" href=\"http:\/\/digg.com\/submit?url=https%3A%2F%2Flabestiadeportiva.com%2Flbd%2Flucas-en-las-100-millas-del-tc-2-000-audio%2F&amp;title=Lucas+en+las+%C2%AB100+millas+del+TC+2.000%C2%BB+%28Audio%29\">\n<img src=\"https:\/\/labestiadeportiva.com\/lbd\/wp-content\/plugins\/jw-share-this\/digg.png\" alt=\"Share this page via Digg this\" \/>\n<\/a>\n<a target=\"_blank\" href=\"http:\/\/www.facebook.com\/sharer.php?u=https%3A%2F%2Flabestiadeportiva.com%2Flbd%2Flucas-en-las-100-millas-del-tc-2-000-audio%2F&amp;t=Lucas+en+las+%C2%AB100+millas+del+TC+2.000%C2%BB+%28Audio%29\">\n<img src=\"https:\/\/labestiadeportiva.com\/lbd\/wp-content\/plugins\/jw-share-this\/fb.png\" alt=\"Share this page via Facebook\" \/>\n<\/a>\n<a target=\"_blank\" href=\"http:\/\/twitter.com\/intent\/tweet?text=I+like+https%3A%2F%2Flabestiadeportiva.com%2Flbd%2Flucas-en-las-100-millas-del-tc-2-000-audio%2F&amp;title=Lucas+en+las+%C2%AB100+millas+del+TC+2.000%C2%BB+%28Audio%29\">\n<img src=\"https:\/\/labestiadeportiva.com\/lbd\/wp-content\/plugins\/jw-share-this\/twitter.png\" alt=\"Share this page via Twitter\" \/>\n<\/a>\n<\/div>\n","protected":false},"excerpt":{"rendered":"<p>El propio piloto ushuaiense lo confirm\u00f3 en los \u00faltimos d\u00edas. Ser\u00e1 el 8 de octubre pr\u00f3ximo en el aut\u00f3dromo Oscar Cabal\u00e9n como invitado de Franco Crivelli a bordo del Peugeot 408 asistido por el equipo FE. El actual l\u00edder del Turismo Pista Clase 3 dialog\u00f3 con LBD, compartimos la entrevista lograda en Radio Provincia. 1.209 &hellip; <a href=\"https:\/\/labestiadeportiva.com\/lbd\/lucas-en-las-100-millas-del-tc-2-000-audio\/\" class=\"more-link\">Seguir leyendo <span class=\"screen-reader-text\">Lucas en las \u00ab100 millas del TC 2.000\u00bb (Audio)<\/span> <span class=\"meta-nav\">&rarr;<\/span><\/a><\/p>\n","protected":false},"author":1,"featured_media":25854,"comment_status":"open","ping_status":"open","sticky":false,"template":"","format":"standard","meta":[],"categories":[2135,5,6,60,1],"tags":[3343,86,4838,152,83],"_links":{"self":[{"href":"https:\/\/labestiadeportiva.com\/lbd\/wp-json\/wp\/v2\/posts\/25853"}],"collection":[{"href":"https:\/\/labestiadeportiva.com\/lbd\/wp-json\/wp\/v2\/posts"}],"about":[{"href":"https:\/\/labestiadeportiva.com\/lbd\/wp-json\/wp\/v2\/types\/post"}],"author":[{"embeddable":true,"href":"https:\/\/labestiadeportiva.com\/lbd\/wp-json\/wp\/v2\/users\/1"}],"replies":[{"embeddable":true,"href":"https:\/\/labestiadeportiva.com\/lbd\/wp-json\/wp\/v2\/comments?post=25853"}],"version-history":[{"count":1,"href":"https:\/\/labestiadeportiva.com\/lbd\/wp-json\/wp\/v2\/posts\/25853\/revisions"}],"predecessor-version":[{"id":25855,"href":"https:\/\/labestiadeportiva.com\/lbd\/wp-json\/wp\/v2\/posts\/25853\/revisions\/25855"}],"wp:featuredmedia":[{"embeddable":true,"href":"https:\/\/labestiadeportiva.com\/lbd\/wp-json\/wp\/v2\/media\/25854"}],"wp:attachment":[{"href":"https:\/\/labestiadeportiva.com\/lbd\/wp-json\/wp\/v2\/media?parent=25853"}],"wp:term":[{"taxonomy":"category","embeddable":true,"href":"https:\/\/labestiadeportiva.com\/lbd\/wp-json\/wp\/v2\/categories?post=25853"},{"taxonomy":"post_tag","embeddable":true,"href":"https:\/\/labestiadeportiva.com\/lbd\/wp-json\/wp\/v2\/tags?post=25853"}],"curies":[{"name":"wp","href":"https:\/\/api.w.org\/{rel}","templated":true}]}}