{"id":26362,"date":"2017-11-13T12:10:36","date_gmt":"2017-11-13T15:10:36","guid":{"rendered":"http:\/\/labestiadeportiva.com\/lbd\/?p=26362"},"modified":"2017-11-13T12:10:36","modified_gmt":"2017-11-13T15:10:36","slug":"gano-vettel-2","status":"publish","type":"post","link":"https:\/\/labestiadeportiva.com\/lbd\/gano-vettel-2\/","title":{"rendered":"Gan\u00f3 Vettel"},"content":{"rendered":"<p>Por Daniel Campos (Corresponsal LBD en Palma de Mallorca, Espa\u00f1a.<\/p>\n<p><a href=\"http:\/\/labestiadeportiva.com\/lbd\/wp-content\/uploads\/2017\/11\/IMG-20171113-WA0008.jpg\"><br \/>\n<\/a> <a href=\"http:\/\/labestiadeportiva.com\/lbd\/wp-content\/uploads\/2017\/11\/vettel.jpg\"><img loading=\"lazy\" class=\"aligncenter size-medium wp-image-26364\" src=\"http:\/\/labestiadeportiva.com\/lbd\/wp-content\/uploads\/2017\/11\/vettel-300x169.jpg\" alt=\"vettel\" width=\"300\" height=\"169\" srcset=\"https:\/\/labestiadeportiva.com\/lbd\/wp-content\/uploads\/2017\/11\/vettel-300x169.jpg 300w, https:\/\/labestiadeportiva.com\/lbd\/wp-content\/uploads\/2017\/11\/vettel.jpg 990w\" sizes=\"(max-width: 300px) 100vw, 300px\" \/><\/a>El hombre de Ferrari venci\u00f3 ayer en Interlagos y se aproxima al subcampeonato.<!--more--><\/p>\n<p>Merecida victoria del piloto alem\u00e1n, que desde que se apagaron los sem\u00e1foros rojos del trazado paulista, antes de la primera curva, ya mandaba por delante de Bottas.<\/p>\n<p>En un fin de semana complicado para Hamilton y Mercedes, todo el peso de la responsabilidad recay\u00f3 sobre el finland\u00e9s Valtteri Bottas quien, se qued\u00f3 con la pole el d\u00eda s\u00e1bado.<\/p>\n<p>El piloto n\u00f3rdico buscaba este fin de semana, acercarse en la lucha por el subcampeonato, pero Vettel no se lo puso f\u00e1cil.<\/p>\n<p>Tras la salida, tanto Vettel como Bottas, patinaron sobre el asfalto, el de Mercedes no ofreci\u00f3 mucha resistencia, y literalmente, dej\u00f3 pasar al de Ferrari.<\/p>\n<p>Al tiempo que Hamilton, penalizado por su mala clasificaci\u00f3n del d\u00eda s\u00e1bado, largaba desde el pit line.<\/p>\n<p>La lucha por hacerse un lugar en la pista, se desarrollaba m\u00e1s atr\u00e1s. Daniel Ricciardo se tocaba con Vandoorne, y luego unas curvas m\u00e1s adelante, Grosjean sacaba de pista a Ocon.<\/p>\n<p>Los dos pilotos de Mc Laren y Force India, respectivamente, se quedaban fuera de competici\u00f3n.<\/p>\n<p>Esto provoc\u00f3 el ingreso del auto de seguridad, que permaneci\u00f3 en pista hasta la vuelta 6.<\/p>\n<p>Las posiciones de adelante se mantuvieron, mientras que Hamilton iniciaba una espectacular remontada.<\/p>\n<p>El ritmo impuesto por los dos autos del equipo Ferrari, no pudo ser contrarrestado por la escuder\u00eda Mercedes.<\/p>\n<p>Quiz\u00e1 la soluci\u00f3n estuvo en buscar el adelantamiento en la calle de boxes. Fue as\u00ed que en el giro 28, Toto Walff mand\u00f3 a su segundo piloto a detenerse.<\/p>\n<p>El cambio de neum\u00e1ticos fue impecable y en la siguiente ronda Ferrari contest\u00f3 con la parada de Vettel y lo devolvi\u00f3 a la pista justo por delante del de Mercedes.<\/p>\n<p>La victoria estaba en el bolsillo y la historia no cambi\u00f3 hasta la bandera a cuadros. Bottas se conform\u00f3 con el segundo escal\u00f3n del podio y tercero lleg\u00f3 Kimi Raikkonen.<\/p>\n<p>Para destacar, la llegada del brit\u00e1nico Lewis Hamilton, que alcanz\u00f3 la cuarta plaza en una gran remontada.<\/p>\n<p>Con todos los t\u00edtulos ya definidos, s\u00f3lo resta la \u00faltima cita del Mundial, el pr\u00f3ximo 26 de noviembre en la tarde noche de Abu Dabi.<\/p>\n<p><a href=\"http:\/\/labestiadeportiva.com\/lbd\/wp-content\/uploads\/2017\/11\/bra2017.jpg\"><img loading=\"lazy\" class=\"aligncenter size-medium wp-image-26365\" src=\"http:\/\/labestiadeportiva.com\/lbd\/wp-content\/uploads\/2017\/11\/bra2017-300x169.jpg\" alt=\"bra2017\" width=\"300\" height=\"169\" srcset=\"https:\/\/labestiadeportiva.com\/lbd\/wp-content\/uploads\/2017\/11\/bra2017-300x169.jpg 300w, https:\/\/labestiadeportiva.com\/lbd\/wp-content\/uploads\/2017\/11\/bra2017.jpg 980w\" sizes=\"(max-width: 300px) 100vw, 300px\" \/><\/a>As\u00ed llegaron:<br \/>\n1\u00b0 S. Vettel-Ferrari en 1:31:26,260<br \/>\n2\u00b0 V. Bottas Mercedes Benz a 2,762<br \/>\n3\u00b0 K. Raikkonen Ferrari a 4,600<\/p>\n<p>El Mundial de Pilotos<br \/>\n1\u00b0 L. Hamilton (GB) 345 pts.<br \/>\n2\u00b0 S. Vettel (ALE) 302 pts.<br \/>\n3\u00b0 V. Bottas (FIN) 280 pts.<\/p>\n<p>El Mundial de Constructores<br \/>\n1\u00b0 Mercedes Benz 625 pts.<br \/>\n2\u00b0Ferrari 495 pts.<br \/>\n3\u00b0 Red Bull 358 pts.<\/p>\n<p>La pr\u00f3xima competencia: Gran Premio de Abu Dabi, el 26 de noviembre en Yas Marina.<\/p>\n<div class='epvc-post-count'><span class='epvc-eye'><\/span>  <span class=\"epvc-count\"> 1.225<\/span><span class='epvc-label'> veces le\u00edda<\/span><\/div>\n<div class=\"jwsharethis\">\nShare this: \n<br \/>\n<a href=\"mailto:?subject=Gan%C3%B3%20Vettel&amp;body=https%3A%2F%2Flabestiadeportiva.com%2Flbd%2Fgano-vettel-2%2F\">\n<img src=\"https:\/\/labestiadeportiva.com\/lbd\/wp-content\/plugins\/jw-share-this\/email.png\" alt=\"Share this page via Email\" \/>\n<\/a>\n<a target=\"_blank\" href=\"http:\/\/www.stumbleupon.com\/submit?url=https%3A%2F%2Flabestiadeportiva.com%2Flbd%2Fgano-vettel-2%2F&amp;title=Gan%C3%B3+Vettel\">\n<img src=\"https:\/\/labestiadeportiva.com\/lbd\/wp-content\/plugins\/jw-share-this\/su.png\" alt=\"Share this page via Stumble Upon\" \/>\n<\/a>\n<a target=\"_blank\" href=\"http:\/\/digg.com\/submit?url=https%3A%2F%2Flabestiadeportiva.com%2Flbd%2Fgano-vettel-2%2F&amp;title=Gan%C3%B3+Vettel\">\n<img src=\"https:\/\/labestiadeportiva.com\/lbd\/wp-content\/plugins\/jw-share-this\/digg.png\" alt=\"Share this page via Digg this\" \/>\n<\/a>\n<a target=\"_blank\" href=\"http:\/\/www.facebook.com\/sharer.php?u=https%3A%2F%2Flabestiadeportiva.com%2Flbd%2Fgano-vettel-2%2F&amp;t=Gan%C3%B3+Vettel\">\n<img src=\"https:\/\/labestiadeportiva.com\/lbd\/wp-content\/plugins\/jw-share-this\/fb.png\" alt=\"Share this page via Facebook\" \/>\n<\/a>\n<a target=\"_blank\" href=\"http:\/\/twitter.com\/intent\/tweet?text=I+like+https%3A%2F%2Flabestiadeportiva.com%2Flbd%2Fgano-vettel-2%2F&amp;title=Gan%C3%B3+Vettel\">\n<img src=\"https:\/\/labestiadeportiva.com\/lbd\/wp-content\/plugins\/jw-share-this\/twitter.png\" alt=\"Share this page via Twitter\" \/>\n<\/a>\n<\/div>\n","protected":false},"excerpt":{"rendered":"<p>Por Daniel Campos (Corresponsal LBD en Palma de Mallorca, Espa\u00f1a. El hombre de Ferrari venci\u00f3 ayer en Interlagos y se aproxima al subcampeonato. 1.225 veces le\u00edda Share this:<\/p>\n","protected":false},"author":1,"featured_media":26364,"comment_status":"open","ping_status":"open","sticky":false,"template":"","format":"standard","meta":[],"categories":[2176,4,3032,3045,1],"tags":[86,3046,246,83],"_links":{"self":[{"href":"https:\/\/labestiadeportiva.com\/lbd\/wp-json\/wp\/v2\/posts\/26362"}],"collection":[{"href":"https:\/\/labestiadeportiva.com\/lbd\/wp-json\/wp\/v2\/posts"}],"about":[{"href":"https:\/\/labestiadeportiva.com\/lbd\/wp-json\/wp\/v2\/types\/post"}],"author":[{"embeddable":true,"href":"https:\/\/labestiadeportiva.com\/lbd\/wp-json\/wp\/v2\/users\/1"}],"replies":[{"embeddable":true,"href":"https:\/\/labestiadeportiva.com\/lbd\/wp-json\/wp\/v2\/comments?post=26362"}],"version-history":[{"count":1,"href":"https:\/\/labestiadeportiva.com\/lbd\/wp-json\/wp\/v2\/posts\/26362\/revisions"}],"predecessor-version":[{"id":26366,"href":"https:\/\/labestiadeportiva.com\/lbd\/wp-json\/wp\/v2\/posts\/26362\/revisions\/26366"}],"wp:featuredmedia":[{"embeddable":true,"href":"https:\/\/labestiadeportiva.com\/lbd\/wp-json\/wp\/v2\/media\/26364"}],"wp:attachment":[{"href":"https:\/\/labestiadeportiva.com\/lbd\/wp-json\/wp\/v2\/media?parent=26362"}],"wp:term":[{"taxonomy":"category","embeddable":true,"href":"https:\/\/labestiadeportiva.com\/lbd\/wp-json\/wp\/v2\/categories?post=26362"},{"taxonomy":"post_tag","embeddable":true,"href":"https:\/\/labestiadeportiva.com\/lbd\/wp-json\/wp\/v2\/tags?post=26362"}],"curies":[{"name":"wp","href":"https:\/\/api.w.org\/{rel}","templated":true}]}}