{"id":264,"date":"2012-09-07T21:27:02","date_gmt":"2012-09-07T21:27:02","guid":{"rendered":"http:\/\/labestiadeportiva.com\/lbd\/?p=264"},"modified":"2012-09-07T21:29:36","modified_gmt":"2012-09-07T21:29:36","slug":"agenda-deportiva-2","status":"publish","type":"post","link":"https:\/\/labestiadeportiva.com\/lbd\/agenda-deportiva-2\/","title":{"rendered":"Agenda Deportiva"},"content":{"rendered":"<p><a href=\"http:\/\/labestiadeportiva.com\/lbd\/wp-content\/uploads\/2012\/09\/Imagen-2289.jpg\"><img loading=\"lazy\" class=\"alignleft size-medium wp-image-265\" title=\"Imagen 2289\" src=\"http:\/\/labestiadeportiva.com\/lbd\/wp-content\/uploads\/2012\/09\/Imagen-2289-300x199.jpg\" alt=\"\" width=\"300\" height=\"199\" srcset=\"https:\/\/labestiadeportiva.com\/lbd\/wp-content\/uploads\/2012\/09\/Imagen-2289-300x199.jpg 300w, https:\/\/labestiadeportiva.com\/lbd\/wp-content\/uploads\/2012\/09\/Imagen-2289.jpg 640w\" sizes=\"(max-width: 300px) 100vw, 300px\" \/><\/a>Durante los pr\u00f3ximos d\u00edas la actividad mantiene su nivel con respecto a fines de semanas anteriores. Se destacan Motociclismo, sipalki, handball, futsal AFA, capacitaci\u00f3n, b\u00e1squet, futsal federado, hockey pista y vela. Desde LBD te brindamos d\u00edas, horarios y lugares de juego.<br \/>\n<span style=\"color: #0000ff;\">Motociclismo<\/span><br \/>\nDespidiendo el invierno llegar\u00e1 este domingo la segunda fecha de la competencia provincial que organizan en forma conjunta la AMU y el Moto Club R\u00edo Grande.<!--morePara leer Click Aqu\u00ed--> En la asociaci\u00f3n local se presentar\u00e1 la nueva comisi\u00f3n directiva presidida por Sebasti\u00e1n Ru\u00edz. La actividad en el circuito municipal comenzar\u00e1 a partir de las diez de la ma\u00f1ana. Ser\u00e1 un Enduro Cross para motos y cuatriciclos, los organizadores informaron que estar\u00e1n presentes m\u00e1s de 100 pilotos de toda la provincia. La actividad culminar\u00e1 alrededor de las 16.30 horas.<\/p>\n<p><span style=\"color: #ff0000;\">Sipalki<\/span><br \/>\nEl domingo desde las 18 horas en el Centro Beagle, ubicado en las inmediaciones del viejo aeropuerto de Ushuaia se realizar\u00e1 la s\u00e9ptima exhibici\u00f3n anual de la Escuela Y\u00e1mana de sipalki y gumkido. El evento tendr\u00e1 una duraci\u00f3n de una hora donde se presentar\u00e1n los grupos de ni\u00f1os, adolescentes y adultos, la actividad consistir\u00e1 en demostraciones de destreza de sable coreano (gumkido) luchas de kumdo (esgrima coreano) formas de sipalki,\u00a0 lucha de mano vac\u00eda y con armas, roturas y demostraciones de concentraci\u00f3n mental. La actividad servir\u00e1 para recaudar fondos para el traslado de una delegaci\u00f3n que asistir\u00e1 a la Ciudad Aut\u00f3noma de Buenos Aires el 23 de septiembre al evento anual de exhibiciones de artes marciales coreanas.<\/p>\n<p><a href=\"http:\/\/labestiadeportiva.com\/lbd\/wp-content\/uploads\/2012\/09\/Imagen-1261.jpg\"><img loading=\"lazy\" class=\"aligncenter size-medium wp-image-267\" title=\"Imagen 126\" src=\"http:\/\/labestiadeportiva.com\/lbd\/wp-content\/uploads\/2012\/09\/Imagen-1261-300x192.jpg\" alt=\"\" width=\"300\" height=\"192\" srcset=\"https:\/\/labestiadeportiva.com\/lbd\/wp-content\/uploads\/2012\/09\/Imagen-1261-300x192.jpg 300w, https:\/\/labestiadeportiva.com\/lbd\/wp-content\/uploads\/2012\/09\/Imagen-1261.jpg 640w\" sizes=\"(max-width: 300px) 100vw, 300px\" \/><\/a><span style=\"color: #0000ff;\">Handball<\/span><br \/>\nEn el marco de la instancia local de los Juegos Fueguinos se disputar\u00e1 este fin de semana la 2\u00b0 fecha en el segmento mayor con cuatro encuentros. El s\u00e1bado en la cancha 1 y 2 del \u201cCochocho\u201d Vargas los partidos comenzar\u00e1n a las 13 horas, extendi\u00e9ndose hasta cerca de las tres de la tarde mientras que la jornada dominguera ser\u00e1 en el gimnasio de la AEP a partir de las once de la ma\u00f1ana.<\/p>\n<p><span style=\"color: #ff0000;\">Futsal AFA<\/span><br \/>\nLa Liga Ushuaiense program\u00f3 para este s\u00e1bado sobre el parquet de la cancha 4 del \u201cHugo Italo Favale\u201d su fecha n\u00famero 17. La jornada se pondr\u00e1 en marcha desde las 14 con cuatro encuentros de 5\u00b0 divisi\u00f3n para desde las 18 iniciar la competici\u00f3n en primera divisi\u00f3n \u201cA\u201d, ser\u00e1n cuatro partidos donde se destaca el choque de las 19.30 entre Centro Galicia y La UOM. La fecha finalizar\u00e1 cerca de la medianoche.<\/p>\n<p><a href=\"http:\/\/labestiadeportiva.com\/lbd\/wp-content\/uploads\/2012\/09\/DSC03717.jpg\"><img loading=\"lazy\" class=\"aligncenter size-medium wp-image-268\" title=\"DSC03717\" src=\"http:\/\/labestiadeportiva.com\/lbd\/wp-content\/uploads\/2012\/09\/DSC03717-300x158.jpg\" alt=\"\" width=\"300\" height=\"158\" srcset=\"https:\/\/labestiadeportiva.com\/lbd\/wp-content\/uploads\/2012\/09\/DSC03717-300x158.jpg 300w, https:\/\/labestiadeportiva.com\/lbd\/wp-content\/uploads\/2012\/09\/DSC03717.jpg 640w\" sizes=\"(max-width: 300px) 100vw, 300px\" \/><\/a><span style=\"color: #0000ff;\">Capacitaci\u00f3n<\/span><br \/>\nDe la mano del club Los \u00d1ires se encuentra en nuestras ciudad el Licenciado Rom\u00e1n Gorosito, reconocido profesional de Rosario, quien desde este viernes se encuentra efectuando un taller de sistemas de entrenamientos. La actividad se desarrollar\u00e1 en el Hotel Cap Polonio y el gimnasio La Caldera el s\u00e1bado de 16 a 20 horas.<\/p>\n<p><span style=\"color: #ff0000;\">B\u00e1squet<\/span><br \/>\nEste s\u00e1bado al mediod\u00eda en el gimnasio de la Base Naval el Colegio del Sur organizar\u00e1 un encuentro de mini b\u00e1squet del cual formar\u00e1n parte los ni\u00f1os de las escuelas deportivas de los gimnasios \u201cAna Gir\u00f3\u201d y \u201cMirador de Los Andes\u201d y Club de Amigos junto a los anfitriones, la actividad concluir\u00e1 alrededor de las tres de la tarde.<\/p>\n<p><a href=\"http:\/\/labestiadeportiva.com\/lbd\/wp-content\/uploads\/2012\/09\/MG_6829.jpg\"><img loading=\"lazy\" class=\"aligncenter size-medium wp-image-269\" title=\"_MG_6829\" src=\"http:\/\/labestiadeportiva.com\/lbd\/wp-content\/uploads\/2012\/09\/MG_6829-300x212.jpg\" alt=\"\" width=\"300\" height=\"212\" srcset=\"https:\/\/labestiadeportiva.com\/lbd\/wp-content\/uploads\/2012\/09\/MG_6829-300x212.jpg 300w, https:\/\/labestiadeportiva.com\/lbd\/wp-content\/uploads\/2012\/09\/MG_6829.jpg 640w\" sizes=\"(max-width: 300px) 100vw, 300px\" \/><\/a><\/p>\n<p><span style=\"color: #0000ff;\">Futsal Federado<\/span><br \/>\nLa Federaci\u00f3n Ushuaiense program\u00f3 otra interesante jornada para todas sus divisionales. Las menores visitar\u00e1n los gimnasios \u201cMirador de Los Andes\u201d, \u201cIslas Malvinas\u201d y Escuela Provincial N\u00b0 15 mientras que las superiores jugar\u00e1n en la cancha 1 y 2 del \u201cCochocho\u201d Vargas y cancha 4 del \u201cHugo Italo Favale\u201d tanto s\u00e1bado como domingo.<\/p>\n<p><span style=\"color: #ff0000;\">Hockey Pista<\/span><br \/>\nLa Federaci\u00f3n de Tierra del Fuego proyect\u00f3 parcialmente la 5\u00b0 fecha de su Liga Ushuaiense. Se jugar\u00e1n tres partidos este s\u00e1bado por la tarde, uno de 5\u00b0 y los dos restantes de 1\u00b0 divisi\u00f3n. La actividad se desarrollar\u00e1 en el gimnasio del URC a partir de las 19.30 horas.<\/p>\n<p><a href=\"http:\/\/labestiadeportiva.com\/lbd\/wp-content\/uploads\/2012\/09\/MG_7444.jpg\"><img loading=\"lazy\" class=\"aligncenter size-medium wp-image-270\" title=\"_MG_7444\" src=\"http:\/\/labestiadeportiva.com\/lbd\/wp-content\/uploads\/2012\/09\/MG_7444-300x192.jpg\" alt=\"\" width=\"300\" height=\"192\" srcset=\"https:\/\/labestiadeportiva.com\/lbd\/wp-content\/uploads\/2012\/09\/MG_7444-300x192.jpg 300w, https:\/\/labestiadeportiva.com\/lbd\/wp-content\/uploads\/2012\/09\/MG_7444.jpg 640w\" sizes=\"(max-width: 300px) 100vw, 300px\" \/><\/a><span style=\"color: #0000ff;\">Vela<\/span><br \/>\nEn el marco del Campeonato Fueguino de Vela de la presente temporada, organizado por el AFASyN se realizar\u00e1 este domingo desde las 11 horas la regata \u201cVuelta de Iturrieta, Copa Hotel Altos Ushuaia\u201d. Una hora antes de la largada se realizar\u00e1 la habitual reuni\u00f3n de timoneles. El recorrido ser\u00e1 largada en Club Afasyn dejando Isla Alicia, Baliza Cap. Iturrieta, Baliza Bridges, Islas Conejo, Chata y Casco todo por estribor, pasando por el Falso Paso Chico hasta la l\u00ednea de llegada en el Club Afasyn.<\/p>\n<p><span style=\"color: #ff0000;\">Futsal AFA<\/span> &#8211; Fecha 17<br \/>\nCancha 4 \u00abHugo Italo Favale\u00bb<br \/>\nS\u00e1bado 8<br \/>\n5\u00ba 14.00 Mercantil &#8211; La UOM<br \/>\n5\u00ba 15.00 Guemes &#8211; Fund. K\u00b4Mal<br \/>\n5\u00ba 16.00 CLEF &#8211; B\u00ba El Pipo<br \/>\n5\u00ba 17.00 Camioneros &#8211; Optica Mercantil<br \/>\n1\u00b0\u00bbA\u00bb 18.00 Camioneros &#8211; Central Norte<br \/>\n1\u00b0\u00bbA\u00bb 19.30 La UOM &#8211; Centro Galicia<br \/>\n1\u00b0\u00bbA\u00bb 21.00 Los Andes Jrs. &#8211; Mutual BTF<br \/>\n1\u00b0\u00bbA\u00bb 22.30 CLEF &#8211; Mercantil<\/p>\n<p><a href=\"http:\/\/labestiadeportiva.com\/lbd\/wp-content\/uploads\/2012\/09\/MG_7831.jpg\"><img loading=\"lazy\" class=\"aligncenter size-medium wp-image-271\" title=\"_MG_7831\" src=\"http:\/\/labestiadeportiva.com\/lbd\/wp-content\/uploads\/2012\/09\/MG_7831-300x170.jpg\" alt=\"\" width=\"300\" height=\"170\" srcset=\"https:\/\/labestiadeportiva.com\/lbd\/wp-content\/uploads\/2012\/09\/MG_7831-300x170.jpg 300w, https:\/\/labestiadeportiva.com\/lbd\/wp-content\/uploads\/2012\/09\/MG_7831.jpg 640w\" sizes=\"(max-width: 300px) 100vw, 300px\" \/><\/a><\/p>\n<div class='epvc-post-count'><span class='epvc-eye'><\/span>  <span class=\"epvc-count\"> 1.174<\/span><span class='epvc-label'> veces le\u00edda<\/span><\/div>\n<div class=\"jwsharethis\">\nShare this: \n<br \/>\n<a href=\"mailto:?subject=Agenda%20Deportiva&amp;body=https%3A%2F%2Flabestiadeportiva.com%2Flbd%2Fagenda-deportiva-2%2F\">\n<img src=\"https:\/\/labestiadeportiva.com\/lbd\/wp-content\/plugins\/jw-share-this\/email.png\" alt=\"Share this page via Email\" \/>\n<\/a>\n<a target=\"_blank\" href=\"http:\/\/www.stumbleupon.com\/submit?url=https%3A%2F%2Flabestiadeportiva.com%2Flbd%2Fagenda-deportiva-2%2F&amp;title=Agenda+Deportiva\">\n<img src=\"https:\/\/labestiadeportiva.com\/lbd\/wp-content\/plugins\/jw-share-this\/su.png\" alt=\"Share this page via Stumble Upon\" \/>\n<\/a>\n<a target=\"_blank\" href=\"http:\/\/digg.com\/submit?url=https%3A%2F%2Flabestiadeportiva.com%2Flbd%2Fagenda-deportiva-2%2F&amp;title=Agenda+Deportiva\">\n<img src=\"https:\/\/labestiadeportiva.com\/lbd\/wp-content\/plugins\/jw-share-this\/digg.png\" alt=\"Share this page via Digg this\" \/>\n<\/a>\n<a target=\"_blank\" href=\"http:\/\/www.facebook.com\/sharer.php?u=https%3A%2F%2Flabestiadeportiva.com%2Flbd%2Fagenda-deportiva-2%2F&amp;t=Agenda+Deportiva\">\n<img src=\"https:\/\/labestiadeportiva.com\/lbd\/wp-content\/plugins\/jw-share-this\/fb.png\" alt=\"Share this page via Facebook\" \/>\n<\/a>\n<a target=\"_blank\" href=\"http:\/\/twitter.com\/intent\/tweet?text=I+like+https%3A%2F%2Flabestiadeportiva.com%2Flbd%2Fagenda-deportiva-2%2F&amp;title=Agenda+Deportiva\">\n<img src=\"https:\/\/labestiadeportiva.com\/lbd\/wp-content\/plugins\/jw-share-this\/twitter.png\" alt=\"Share this page via Twitter\" \/>\n<\/a>\n<\/div>\n","protected":false},"excerpt":{"rendered":"<p>Durante los pr\u00f3ximos d\u00edas la actividad mantiene su nivel con respecto a fines de semanas anteriores. Se destacan Motociclismo, sipalki, handball, futsal AFA, capacitaci\u00f3n, b\u00e1squet, futsal federado, hockey pista y vela. Desde LBD te brindamos d\u00edas, horarios y lugares de juego. Motociclismo Despidiendo el invierno llegar\u00e1 este domingo la segunda fecha de la competencia provincial &hellip; <a href=\"https:\/\/labestiadeportiva.com\/lbd\/agenda-deportiva-2\/\" class=\"more-link\">Seguir leyendo <span class=\"screen-reader-text\">Agenda Deportiva<\/span> <span class=\"meta-nav\">&rarr;<\/span><\/a><\/p>\n","protected":false},"author":1,"featured_media":265,"comment_status":"open","ping_status":"open","sticky":false,"template":"","format":"standard","meta":[],"categories":[5,1],"tags":[62],"_links":{"self":[{"href":"https:\/\/labestiadeportiva.com\/lbd\/wp-json\/wp\/v2\/posts\/264"}],"collection":[{"href":"https:\/\/labestiadeportiva.com\/lbd\/wp-json\/wp\/v2\/posts"}],"about":[{"href":"https:\/\/labestiadeportiva.com\/lbd\/wp-json\/wp\/v2\/types\/post"}],"author":[{"embeddable":true,"href":"https:\/\/labestiadeportiva.com\/lbd\/wp-json\/wp\/v2\/users\/1"}],"replies":[{"embeddable":true,"href":"https:\/\/labestiadeportiva.com\/lbd\/wp-json\/wp\/v2\/comments?post=264"}],"version-history":[{"count":2,"href":"https:\/\/labestiadeportiva.com\/lbd\/wp-json\/wp\/v2\/posts\/264\/revisions"}],"predecessor-version":[{"id":273,"href":"https:\/\/labestiadeportiva.com\/lbd\/wp-json\/wp\/v2\/posts\/264\/revisions\/273"}],"wp:featuredmedia":[{"embeddable":true,"href":"https:\/\/labestiadeportiva.com\/lbd\/wp-json\/wp\/v2\/media\/265"}],"wp:attachment":[{"href":"https:\/\/labestiadeportiva.com\/lbd\/wp-json\/wp\/v2\/media?parent=264"}],"wp:term":[{"taxonomy":"category","embeddable":true,"href":"https:\/\/labestiadeportiva.com\/lbd\/wp-json\/wp\/v2\/categories?post=264"},{"taxonomy":"post_tag","embeddable":true,"href":"https:\/\/labestiadeportiva.com\/lbd\/wp-json\/wp\/v2\/tags?post=264"}],"curies":[{"name":"wp","href":"https:\/\/api.w.org\/{rel}","templated":true}]}}