{"id":26496,"date":"2017-11-23T10:42:01","date_gmt":"2017-11-23T13:42:01","guid":{"rendered":"http:\/\/labestiadeportiva.com\/lbd\/?p=26496"},"modified":"2017-11-23T10:42:01","modified_gmt":"2017-11-23T13:42:01","slug":"debut-cumpleanero-audio","status":"publish","type":"post","link":"https:\/\/labestiadeportiva.com\/lbd\/debut-cumpleanero-audio\/","title":{"rendered":"Debut cumplea\u00f1ero (Audio)"},"content":{"rendered":"<p><a href=\"http:\/\/labestiadeportiva.com\/lbd\/wp-content\/uploads\/2017\/11\/23754740_1651136641619531_6869609926037715282_n.jpg\"><img loading=\"lazy\" class=\"aligncenter size-medium wp-image-26497\" src=\"http:\/\/labestiadeportiva.com\/lbd\/wp-content\/uploads\/2017\/11\/23754740_1651136641619531_6869609926037715282_n-217x300.jpg\" alt=\"23754740_1651136641619531_6869609926037715282_n\" width=\"217\" height=\"300\" srcset=\"https:\/\/labestiadeportiva.com\/lbd\/wp-content\/uploads\/2017\/11\/23754740_1651136641619531_6869609926037715282_n-217x300.jpg 217w, https:\/\/labestiadeportiva.com\/lbd\/wp-content\/uploads\/2017\/11\/23754740_1651136641619531_6869609926037715282_n.jpg 640w\" sizes=\"(max-width: 217px) 100vw, 217px\" \/><\/a>El pasado lunes en el marco de la 9\u00ba fecha de la Superliga Argentina el joven delantero ushuaiense, Emiliano Bogado, jug\u00f3 sus primeros minutos en la principal categor\u00eda del f\u00fatbol de nuestro pa\u00eds fue en la derrota de su equipo ante Hurac\u00e1n por 1 a 0. El jugador del Club Atl\u00e9tico V\u00e9lez Sarsfield cumpli\u00f3 20 a\u00f1os el pasado s\u00e1bado. Desde LBD dialogamos con \u00e9l en busca de sensaciones y novedades al respecto. Compartimos la charla con un nuevo NYC (Nacido y Criado en estas tierras) en llegar a la primera divisi\u00f3n del deporte m\u00e1s popular del mundo.<!--more--><\/p>\n<p><iframe loading=\"lazy\" src=\"https:\/\/www.youtube.com\/embed\/D6-9EeLH3X4\" width=\"560\" height=\"315\" frameborder=\"0\" allowfullscreen=\"allowfullscreen\"><\/iframe><\/p>\n<div class='epvc-post-count'><span class='epvc-eye'><\/span>  <span class=\"epvc-count\"> 1.038<\/span><span class='epvc-label'> veces le\u00edda<\/span><\/div>\n<div class=\"jwsharethis\">\nShare this: \n<br \/>\n<a href=\"mailto:?subject=Debut%20cumplea%C3%B1ero%20%28Audio%29&amp;body=https%3A%2F%2Flabestiadeportiva.com%2Flbd%2Fdebut-cumpleanero-audio%2F\">\n<img src=\"https:\/\/labestiadeportiva.com\/lbd\/wp-content\/plugins\/jw-share-this\/email.png\" alt=\"Share this page via Email\" \/>\n<\/a>\n<a target=\"_blank\" href=\"http:\/\/www.stumbleupon.com\/submit?url=https%3A%2F%2Flabestiadeportiva.com%2Flbd%2Fdebut-cumpleanero-audio%2F&amp;title=Debut+cumplea%C3%B1ero+%28Audio%29\">\n<img src=\"https:\/\/labestiadeportiva.com\/lbd\/wp-content\/plugins\/jw-share-this\/su.png\" alt=\"Share this page via Stumble Upon\" \/>\n<\/a>\n<a target=\"_blank\" href=\"http:\/\/digg.com\/submit?url=https%3A%2F%2Flabestiadeportiva.com%2Flbd%2Fdebut-cumpleanero-audio%2F&amp;title=Debut+cumplea%C3%B1ero+%28Audio%29\">\n<img src=\"https:\/\/labestiadeportiva.com\/lbd\/wp-content\/plugins\/jw-share-this\/digg.png\" alt=\"Share this page via Digg this\" \/>\n<\/a>\n<a target=\"_blank\" href=\"http:\/\/www.facebook.com\/sharer.php?u=https%3A%2F%2Flabestiadeportiva.com%2Flbd%2Fdebut-cumpleanero-audio%2F&amp;t=Debut+cumplea%C3%B1ero+%28Audio%29\">\n<img src=\"https:\/\/labestiadeportiva.com\/lbd\/wp-content\/plugins\/jw-share-this\/fb.png\" alt=\"Share this page via Facebook\" \/>\n<\/a>\n<a target=\"_blank\" href=\"http:\/\/twitter.com\/intent\/tweet?text=I+like+https%3A%2F%2Flabestiadeportiva.com%2Flbd%2Fdebut-cumpleanero-audio%2F&amp;title=Debut+cumplea%C3%B1ero+%28Audio%29\">\n<img src=\"https:\/\/labestiadeportiva.com\/lbd\/wp-content\/plugins\/jw-share-this\/twitter.png\" alt=\"Share this page via Twitter\" \/>\n<\/a>\n<\/div>\n","protected":false},"excerpt":{"rendered":"<p>El pasado lunes en el marco de la 9\u00ba fecha de la Superliga Argentina el joven delantero ushuaiense, Emiliano Bogado, jug\u00f3 sus primeros minutos en la principal categor\u00eda del f\u00fatbol de nuestro pa\u00eds fue en la derrota de su equipo ante Hurac\u00e1n por 1 a 0. El jugador del Club Atl\u00e9tico V\u00e9lez Sarsfield cumpli\u00f3 20 &hellip; <a href=\"https:\/\/labestiadeportiva.com\/lbd\/debut-cumpleanero-audio\/\" class=\"more-link\">Seguir leyendo <span class=\"screen-reader-text\">Debut cumplea\u00f1ero (Audio)<\/span> <span class=\"meta-nav\">&rarr;<\/span><\/a><\/p>\n","protected":false},"author":1,"featured_media":26497,"comment_status":"open","ping_status":"open","sticky":false,"template":"","format":"standard","meta":[],"categories":[5,6,60,3362,1],"tags":[4838,17,83,3294,1106],"_links":{"self":[{"href":"https:\/\/labestiadeportiva.com\/lbd\/wp-json\/wp\/v2\/posts\/26496"}],"collection":[{"href":"https:\/\/labestiadeportiva.com\/lbd\/wp-json\/wp\/v2\/posts"}],"about":[{"href":"https:\/\/labestiadeportiva.com\/lbd\/wp-json\/wp\/v2\/types\/post"}],"author":[{"embeddable":true,"href":"https:\/\/labestiadeportiva.com\/lbd\/wp-json\/wp\/v2\/users\/1"}],"replies":[{"embeddable":true,"href":"https:\/\/labestiadeportiva.com\/lbd\/wp-json\/wp\/v2\/comments?post=26496"}],"version-history":[{"count":1,"href":"https:\/\/labestiadeportiva.com\/lbd\/wp-json\/wp\/v2\/posts\/26496\/revisions"}],"predecessor-version":[{"id":26498,"href":"https:\/\/labestiadeportiva.com\/lbd\/wp-json\/wp\/v2\/posts\/26496\/revisions\/26498"}],"wp:featuredmedia":[{"embeddable":true,"href":"https:\/\/labestiadeportiva.com\/lbd\/wp-json\/wp\/v2\/media\/26497"}],"wp:attachment":[{"href":"https:\/\/labestiadeportiva.com\/lbd\/wp-json\/wp\/v2\/media?parent=26496"}],"wp:term":[{"taxonomy":"category","embeddable":true,"href":"https:\/\/labestiadeportiva.com\/lbd\/wp-json\/wp\/v2\/categories?post=26496"},{"taxonomy":"post_tag","embeddable":true,"href":"https:\/\/labestiadeportiva.com\/lbd\/wp-json\/wp\/v2\/tags?post=26496"}],"curies":[{"name":"wp","href":"https:\/\/api.w.org\/{rel}","templated":true}]}}