{"id":26528,"date":"2017-11-25T12:36:03","date_gmt":"2017-11-25T15:36:03","guid":{"rendered":"http:\/\/labestiadeportiva.com\/lbd\/?p=26528"},"modified":"2017-11-25T12:36:03","modified_gmt":"2017-11-25T15:36:03","slug":"los-pumas-despiden-el-ano-ante-irlanda","status":"publish","type":"post","link":"https:\/\/labestiadeportiva.com\/lbd\/los-pumas-despiden-el-ano-ante-irlanda\/","title":{"rendered":"Los Pumas despiden el a\u00f1o ante Irlanda"},"content":{"rendered":"<p>Por Mart\u00edn \u00abNegro\u00bb Monte (Corresponsal LBD en Mendoza)<\/p>\n<p><a href=\"http:\/\/labestiadeportiva.com\/lbd\/wp-content\/uploads\/2017\/11\/859d2ef690401ea760ed6e794874efab.jpg\"><img loading=\"lazy\" class=\"aligncenter size-medium wp-image-26529\" src=\"http:\/\/labestiadeportiva.com\/lbd\/wp-content\/uploads\/2017\/11\/859d2ef690401ea760ed6e794874efab-300x180.jpg\" alt=\"859d2ef690401ea760ed6e794874efab\" width=\"300\" height=\"180\" srcset=\"https:\/\/labestiadeportiva.com\/lbd\/wp-content\/uploads\/2017\/11\/859d2ef690401ea760ed6e794874efab-300x180.jpg 300w, https:\/\/labestiadeportiva.com\/lbd\/wp-content\/uploads\/2017\/11\/859d2ef690401ea760ed6e794874efab.jpg 800w\" sizes=\"(max-width: 300px) 100vw, 300px\" \/><\/a>Equipo confirmado para el seleccionado nacional, con tres cambios, para enfrentar el \u00faltimo partido ante el el combinado irland\u00e9s. Ser\u00e1 este s\u00e1bado desde las 14.30 de nuestro pa\u00eds.<!--more--><\/p>\n<p>Argentinos e irlandeses disputar\u00e1n su vig\u00e9simo segundo partido de la historia personal . Irlanda lidera la serie con 12 a 8. El \u00fanico empate se dio el 24 de agosto de 1952, 3-3<\/p>\n<p>El s\u00e1bado pr\u00f3ximo 14,30 hs ( hora de Argentina) comenzar\u00e1 el \u00faltimo partido de un a\u00f1o dif\u00edcil para \u00abLos Pumas\u00bb, donde solo ganaron dos partidos, ante Giorgia y la semana pasada frente a los italianos.<\/p>\n<p>El equipo de Hourcade formar\u00e1 con <span style=\"color: #0000ff;\">Joaqu\u00edn Tuculet; Ramiro Moyano, Mat\u00edas Moroni, Santiago Gonz\u00e1lez Iglesias, Emiliano Boffelli; Nicol\u00e1s S\u00e1nchez, Mart\u00edn Landajo; Tom\u00e1s Lezana, Marcos Kremer, Pablo Matera; Tom\u00e1s Lavanini, Mat\u00edas Alemanno; Nahuel Tetaz Chaparro, Agust\u00edn Creevy (C) y Santiago Garc\u00eda Botta.<\/span><\/p>\n<p>Tom\u00e1s Lezana ocupar\u00e1 el lugar de Juan Manuel Leguizamon, Mat\u00edas Moroni por Mat\u00edas Orlando, mientras que Ramiro Moyano reemplazar\u00e1 a Sebasti\u00e1n Cancelliere<\/p>\n<p>\u00abLos Pumas\u00bb concentrados y con la actitud correcta para terminar el a\u00f1o con una imagen mejorada.<\/p>\n<div class='epvc-post-count'><span class='epvc-eye'><\/span>  <span class=\"epvc-count\"> 1.129<\/span><span class='epvc-label'> veces le\u00edda<\/span><\/div>\n<div class=\"jwsharethis\">\nShare this: \n<br \/>\n<a href=\"mailto:?subject=Los%20Pumas%20despiden%20el%20a%C3%B1o%20ante%20Irlanda&amp;body=https%3A%2F%2Flabestiadeportiva.com%2Flbd%2Flos-pumas-despiden-el-ano-ante-irlanda%2F\">\n<img src=\"https:\/\/labestiadeportiva.com\/lbd\/wp-content\/plugins\/jw-share-this\/email.png\" alt=\"Share this page via Email\" \/>\n<\/a>\n<a target=\"_blank\" href=\"http:\/\/www.stumbleupon.com\/submit?url=https%3A%2F%2Flabestiadeportiva.com%2Flbd%2Flos-pumas-despiden-el-ano-ante-irlanda%2F&amp;title=Los+Pumas+despiden+el+a%C3%B1o+ante+Irlanda\">\n<img src=\"https:\/\/labestiadeportiva.com\/lbd\/wp-content\/plugins\/jw-share-this\/su.png\" alt=\"Share this page via Stumble Upon\" \/>\n<\/a>\n<a target=\"_blank\" href=\"http:\/\/digg.com\/submit?url=https%3A%2F%2Flabestiadeportiva.com%2Flbd%2Flos-pumas-despiden-el-ano-ante-irlanda%2F&amp;title=Los+Pumas+despiden+el+a%C3%B1o+ante+Irlanda\">\n<img src=\"https:\/\/labestiadeportiva.com\/lbd\/wp-content\/plugins\/jw-share-this\/digg.png\" alt=\"Share this page via Digg this\" \/>\n<\/a>\n<a target=\"_blank\" href=\"http:\/\/www.facebook.com\/sharer.php?u=https%3A%2F%2Flabestiadeportiva.com%2Flbd%2Flos-pumas-despiden-el-ano-ante-irlanda%2F&amp;t=Los+Pumas+despiden+el+a%C3%B1o+ante+Irlanda\">\n<img src=\"https:\/\/labestiadeportiva.com\/lbd\/wp-content\/plugins\/jw-share-this\/fb.png\" alt=\"Share this page via Facebook\" \/>\n<\/a>\n<a target=\"_blank\" href=\"http:\/\/twitter.com\/intent\/tweet?text=I+like+https%3A%2F%2Flabestiadeportiva.com%2Flbd%2Flos-pumas-despiden-el-ano-ante-irlanda%2F&amp;title=Los+Pumas+despiden+el+a%C3%B1o+ante+Irlanda\">\n<img src=\"https:\/\/labestiadeportiva.com\/lbd\/wp-content\/plugins\/jw-share-this\/twitter.png\" alt=\"Share this page via Twitter\" \/>\n<\/a>\n<\/div>\n","protected":false},"excerpt":{"rendered":"<p>Por Mart\u00edn \u00abNegro\u00bb Monte (Corresponsal LBD en Mendoza) Equipo confirmado para el seleccionado nacional, con tres cambios, para enfrentar el \u00faltimo partido ante el el combinado irland\u00e9s. Ser\u00e1 este s\u00e1bado desde las 14.30 de nuestro pa\u00eds. 1.129 veces le\u00edda Share this:<\/p>\n","protected":false},"author":1,"featured_media":26529,"comment_status":"open","ping_status":"open","sticky":false,"template":"","format":"standard","meta":[],"categories":[4,1,2359],"tags":[4829,3398,83,55],"_links":{"self":[{"href":"https:\/\/labestiadeportiva.com\/lbd\/wp-json\/wp\/v2\/posts\/26528"}],"collection":[{"href":"https:\/\/labestiadeportiva.com\/lbd\/wp-json\/wp\/v2\/posts"}],"about":[{"href":"https:\/\/labestiadeportiva.com\/lbd\/wp-json\/wp\/v2\/types\/post"}],"author":[{"embeddable":true,"href":"https:\/\/labestiadeportiva.com\/lbd\/wp-json\/wp\/v2\/users\/1"}],"replies":[{"embeddable":true,"href":"https:\/\/labestiadeportiva.com\/lbd\/wp-json\/wp\/v2\/comments?post=26528"}],"version-history":[{"count":1,"href":"https:\/\/labestiadeportiva.com\/lbd\/wp-json\/wp\/v2\/posts\/26528\/revisions"}],"predecessor-version":[{"id":26530,"href":"https:\/\/labestiadeportiva.com\/lbd\/wp-json\/wp\/v2\/posts\/26528\/revisions\/26530"}],"wp:featuredmedia":[{"embeddable":true,"href":"https:\/\/labestiadeportiva.com\/lbd\/wp-json\/wp\/v2\/media\/26529"}],"wp:attachment":[{"href":"https:\/\/labestiadeportiva.com\/lbd\/wp-json\/wp\/v2\/media?parent=26528"}],"wp:term":[{"taxonomy":"category","embeddable":true,"href":"https:\/\/labestiadeportiva.com\/lbd\/wp-json\/wp\/v2\/categories?post=26528"},{"taxonomy":"post_tag","embeddable":true,"href":"https:\/\/labestiadeportiva.com\/lbd\/wp-json\/wp\/v2\/tags?post=26528"}],"curies":[{"name":"wp","href":"https:\/\/api.w.org\/{rel}","templated":true}]}}