{"id":26640,"date":"2017-12-05T10:19:06","date_gmt":"2017-12-05T13:19:06","guid":{"rendered":"http:\/\/labestiadeportiva.com\/lbd\/?p=26640"},"modified":"2017-12-05T10:37:15","modified_gmt":"2017-12-05T13:37:15","slug":"el-objetivo-sigue-siendo-el-regional-audio","status":"publish","type":"post","link":"https:\/\/labestiadeportiva.com\/lbd\/el-objetivo-sigue-siendo-el-regional-audio\/","title":{"rendered":"\u00abEl objetivo sigue siendo el Regional\u00bb (Audio)"},"content":{"rendered":"<p><a href=\"http:\/\/labestiadeportiva.com\/lbd\/wp-content\/uploads\/2017\/12\/24296395_1663625373703991_7232513496603946372_n.jpg\"><img loading=\"lazy\" class=\"aligncenter size-medium wp-image-26641\" src=\"http:\/\/labestiadeportiva.com\/lbd\/wp-content\/uploads\/2017\/12\/24296395_1663625373703991_7232513496603946372_n-300x225.jpg\" alt=\"24296395_1663625373703991_7232513496603946372_n\" width=\"300\" height=\"225\" srcset=\"https:\/\/labestiadeportiva.com\/lbd\/wp-content\/uploads\/2017\/12\/24296395_1663625373703991_7232513496603946372_n-300x225.jpg 300w, https:\/\/labestiadeportiva.com\/lbd\/wp-content\/uploads\/2017\/12\/24296395_1663625373703991_7232513496603946372_n.jpg 960w\" sizes=\"(max-width: 300px) 100vw, 300px\" \/><\/a>Nuevo t\u00edtulo, el quinto consecutivo, para el URC en Planteles Superiores. Fue por 19 a 14 sobre su cl\u00e1sico rival en tiempo extendido. Desde LBD dialogamos con el entrenador \u201cTricolor\u201d Alcides Acosta. El partido, t\u00edtulo, la temporada, la consolidaci\u00f3n de su plantel, la actualidad del rugby fueguino los principales temas abordados.<!--more--><\/p>\n<p><iframe loading=\"lazy\" src=\"https:\/\/www.youtube.com\/embed\/6Ho90w-xiew\" width=\"560\" height=\"315\" frameborder=\"0\" allowfullscreen=\"allowfullscreen\"><\/iframe><\/p>\n<div class='epvc-post-count'><span class='epvc-eye'><\/span>  <span class=\"epvc-count\"> 1.222<\/span><span class='epvc-label'> veces le\u00edda<\/span><\/div>\n<div class=\"jwsharethis\">\nShare this: \n<br \/>\n<a href=\"mailto:?subject=%C2%ABEl%20objetivo%20sigue%20siendo%20el%20Regional%C2%BB%20%28Audio%29&amp;body=https%3A%2F%2Flabestiadeportiva.com%2Flbd%2Fel-objetivo-sigue-siendo-el-regional-audio%2F\">\n<img src=\"https:\/\/labestiadeportiva.com\/lbd\/wp-content\/plugins\/jw-share-this\/email.png\" alt=\"Share this page via Email\" \/>\n<\/a>\n<a target=\"_blank\" href=\"http:\/\/www.stumbleupon.com\/submit?url=https%3A%2F%2Flabestiadeportiva.com%2Flbd%2Fel-objetivo-sigue-siendo-el-regional-audio%2F&amp;title=%C2%ABEl+objetivo+sigue+siendo+el+Regional%C2%BB+%28Audio%29\">\n<img src=\"https:\/\/labestiadeportiva.com\/lbd\/wp-content\/plugins\/jw-share-this\/su.png\" alt=\"Share this page via Stumble Upon\" \/>\n<\/a>\n<a target=\"_blank\" href=\"http:\/\/digg.com\/submit?url=https%3A%2F%2Flabestiadeportiva.com%2Flbd%2Fel-objetivo-sigue-siendo-el-regional-audio%2F&amp;title=%C2%ABEl+objetivo+sigue+siendo+el+Regional%C2%BB+%28Audio%29\">\n<img src=\"https:\/\/labestiadeportiva.com\/lbd\/wp-content\/plugins\/jw-share-this\/digg.png\" alt=\"Share this page via Digg this\" \/>\n<\/a>\n<a target=\"_blank\" href=\"http:\/\/www.facebook.com\/sharer.php?u=https%3A%2F%2Flabestiadeportiva.com%2Flbd%2Fel-objetivo-sigue-siendo-el-regional-audio%2F&amp;t=%C2%ABEl+objetivo+sigue+siendo+el+Regional%C2%BB+%28Audio%29\">\n<img src=\"https:\/\/labestiadeportiva.com\/lbd\/wp-content\/plugins\/jw-share-this\/fb.png\" alt=\"Share this page via Facebook\" \/>\n<\/a>\n<a target=\"_blank\" href=\"http:\/\/twitter.com\/intent\/tweet?text=I+like+https%3A%2F%2Flabestiadeportiva.com%2Flbd%2Fel-objetivo-sigue-siendo-el-regional-audio%2F&amp;title=%C2%ABEl+objetivo+sigue+siendo+el+Regional%C2%BB+%28Audio%29\">\n<img src=\"https:\/\/labestiadeportiva.com\/lbd\/wp-content\/plugins\/jw-share-this\/twitter.png\" alt=\"Share this page via Twitter\" \/>\n<\/a>\n<\/div>\n","protected":false},"excerpt":{"rendered":"<p>Nuevo t\u00edtulo, el quinto consecutivo, para el URC en Planteles Superiores. Fue por 19 a 14 sobre su cl\u00e1sico rival en tiempo extendido. Desde LBD dialogamos con el entrenador \u201cTricolor\u201d Alcides Acosta. El partido, t\u00edtulo, la temporada, la consolidaci\u00f3n de su plantel, la actualidad del rugby fueguino los principales temas abordados. 1.222 veces le\u00edda Share &hellip; <a href=\"https:\/\/labestiadeportiva.com\/lbd\/el-objetivo-sigue-siendo-el-regional-audio\/\" class=\"more-link\">Seguir leyendo <span class=\"screen-reader-text\">\u00abEl objetivo sigue siendo el Regional\u00bb (Audio)<\/span> <span class=\"meta-nav\">&rarr;<\/span><\/a><\/p>\n","protected":false},"author":1,"featured_media":26641,"comment_status":"open","ping_status":"open","sticky":false,"template":"","format":"standard","meta":[],"categories":[5,6,60,1,2021],"tags":[3408,4838,233,190,2143,191],"_links":{"self":[{"href":"https:\/\/labestiadeportiva.com\/lbd\/wp-json\/wp\/v2\/posts\/26640"}],"collection":[{"href":"https:\/\/labestiadeportiva.com\/lbd\/wp-json\/wp\/v2\/posts"}],"about":[{"href":"https:\/\/labestiadeportiva.com\/lbd\/wp-json\/wp\/v2\/types\/post"}],"author":[{"embeddable":true,"href":"https:\/\/labestiadeportiva.com\/lbd\/wp-json\/wp\/v2\/users\/1"}],"replies":[{"embeddable":true,"href":"https:\/\/labestiadeportiva.com\/lbd\/wp-json\/wp\/v2\/comments?post=26640"}],"version-history":[{"count":2,"href":"https:\/\/labestiadeportiva.com\/lbd\/wp-json\/wp\/v2\/posts\/26640\/revisions"}],"predecessor-version":[{"id":26643,"href":"https:\/\/labestiadeportiva.com\/lbd\/wp-json\/wp\/v2\/posts\/26640\/revisions\/26643"}],"wp:featuredmedia":[{"embeddable":true,"href":"https:\/\/labestiadeportiva.com\/lbd\/wp-json\/wp\/v2\/media\/26641"}],"wp:attachment":[{"href":"https:\/\/labestiadeportiva.com\/lbd\/wp-json\/wp\/v2\/media?parent=26640"}],"wp:term":[{"taxonomy":"category","embeddable":true,"href":"https:\/\/labestiadeportiva.com\/lbd\/wp-json\/wp\/v2\/categories?post=26640"},{"taxonomy":"post_tag","embeddable":true,"href":"https:\/\/labestiadeportiva.com\/lbd\/wp-json\/wp\/v2\/tags?post=26640"}],"curies":[{"name":"wp","href":"https:\/\/api.w.org\/{rel}","templated":true}]}}