{"id":26747,"date":"2017-12-19T20:11:18","date_gmt":"2017-12-19T23:11:18","guid":{"rendered":"http:\/\/labestiadeportiva.com\/lbd\/?p=26747"},"modified":"2017-12-19T20:11:18","modified_gmt":"2017-12-19T23:11:18","slug":"jorge-martin-nuevamente-en-ushuaia","status":"publish","type":"post","link":"https:\/\/labestiadeportiva.com\/lbd\/jorge-martin-nuevamente-en-ushuaia\/","title":{"rendered":"Jorge Mart\u00edn nuevamente en Ushuaia"},"content":{"rendered":"<p><a href=\"http:\/\/labestiadeportiva.com\/lbd\/wp-content\/uploads\/2017\/12\/25550206_1678265048906690_6218432058959795960_n.jpg\"><img loading=\"lazy\" class=\"aligncenter size-medium wp-image-26751\" src=\"http:\/\/labestiadeportiva.com\/lbd\/wp-content\/uploads\/2017\/12\/25550206_1678265048906690_6218432058959795960_n-300x161.jpg\" alt=\"25550206_1678265048906690_6218432058959795960_n\" width=\"300\" height=\"161\" srcset=\"https:\/\/labestiadeportiva.com\/lbd\/wp-content\/uploads\/2017\/12\/25550206_1678265048906690_6218432058959795960_n-300x161.jpg 300w, https:\/\/labestiadeportiva.com\/lbd\/wp-content\/uploads\/2017\/12\/25550206_1678265048906690_6218432058959795960_n.jpg 917w\" sizes=\"(max-width: 300px) 100vw, 300px\" \/><\/a>El capacitador m\u00e1s importante del motocross de nuestro pa\u00eds dict\u00f3 una cl\u00ednica de viernes a domingo. M\u00e1s de 30 pilotos de toda la provincia presentes en el circuito de la AMU. La propia asociaci\u00f3n junto a Diego \u201cConejo\u201d Jerez los organizadores del evento.<!--more--><\/p>\n<p>Por segunda vez en lo que va de la temporada el m\u00e1ximo formador de pilotos de la Argentina se contact\u00f3 con los practicantes fueguinos. En esta oportunidad fueron 31 quienes pudieron aprovechar al m\u00e1ximo los conceptos durante tres d\u00edas.<\/p>\n<p><a href=\"http:\/\/labestiadeportiva.com\/lbd\/wp-content\/uploads\/2017\/12\/25442751_1678264952240033_392309984925104071_n.jpg\"><img loading=\"lazy\" class=\"aligncenter size-medium wp-image-26748\" src=\"http:\/\/labestiadeportiva.com\/lbd\/wp-content\/uploads\/2017\/12\/25442751_1678264952240033_392309984925104071_n-300x194.jpg\" alt=\"25442751_1678264952240033_392309984925104071_n\" width=\"300\" height=\"194\" srcset=\"https:\/\/labestiadeportiva.com\/lbd\/wp-content\/uploads\/2017\/12\/25442751_1678264952240033_392309984925104071_n-300x194.jpg 300w, https:\/\/labestiadeportiva.com\/lbd\/wp-content\/uploads\/2017\/12\/25442751_1678264952240033_392309984925104071_n.jpg 960w\" sizes=\"(max-width: 300px) 100vw, 300px\" \/><\/a>Pilotos de diferentes niveles, novatos, principiantes y avanzados accedieron al curso. Para cristalizar una nueva visita de Mart\u00edn \u00a0la AMU cont\u00f3 la colaboraci\u00f3n del m\u00e1ximo ganador de la VTDF (10 ediciones) Diego \u201cConejo\u201d Jerez.<\/p>\n<p><a href=\"http:\/\/labestiadeportiva.com\/lbd\/wp-content\/uploads\/2017\/12\/25507809_1678265085573353_4977590720796966777_n1.jpg\"><img loading=\"lazy\" class=\"aligncenter size-medium wp-image-26750\" src=\"http:\/\/labestiadeportiva.com\/lbd\/wp-content\/uploads\/2017\/12\/25507809_1678265085573353_4977590720796966777_n1-300x200.jpg\" alt=\"25507809_1678265085573353_4977590720796966777_n\" width=\"300\" height=\"200\" srcset=\"https:\/\/labestiadeportiva.com\/lbd\/wp-content\/uploads\/2017\/12\/25507809_1678265085573353_4977590720796966777_n1-300x200.jpg 300w, https:\/\/labestiadeportiva.com\/lbd\/wp-content\/uploads\/2017\/12\/25507809_1678265085573353_4977590720796966777_n1.jpg 720w\" sizes=\"(max-width: 300px) 100vw, 300px\" \/><\/a>En cuanto a las t\u00e9cnicas repasadas podemos decir que se trabaj\u00f3 en saltos, frenado, control y \u00a0posturas sobre la moto. La modalidad efectuada por el visitante fue la explicaci\u00f3n te\u00f3rica para luego pasar al circuito donde los practicantes giraron intentando realizar lo explicado por el formador.<\/p>\n<p>Desde LBD nos contactamos brevemente con Mart\u00edn quien nos dijo: <span style=\"color: #0000ff;\">\u201cEstoy muy contento de regresar a Ushuaia. Los chicos han adquirido un buen nivel. Estamos trabajando con un grupo bastante numeroso y lo estamos haciendo sin inconvenientes. En el motocross moderno es fundamental la parte f\u00edsica. En esta disciplina es mucho m\u00e1s importante el piloto que la m\u00e1quina. La clave es poder lograr conectar el cuerpo con la moto, que sea una sola pieza.\u201d<\/span><\/p>\n<p><a href=\"http:\/\/labestiadeportiva.com\/lbd\/wp-content\/uploads\/2017\/12\/25498044_1678264995573362_8501191899038004152_n.jpg\"><img loading=\"lazy\" class=\"aligncenter size-medium wp-image-26756\" src=\"http:\/\/labestiadeportiva.com\/lbd\/wp-content\/uploads\/2017\/12\/25498044_1678264995573362_8501191899038004152_n-300x182.jpg\" alt=\"25498044_1678264995573362_8501191899038004152_n\" width=\"300\" height=\"182\" srcset=\"https:\/\/labestiadeportiva.com\/lbd\/wp-content\/uploads\/2017\/12\/25498044_1678264995573362_8501191899038004152_n-300x182.jpg 300w, https:\/\/labestiadeportiva.com\/lbd\/wp-content\/uploads\/2017\/12\/25498044_1678264995573362_8501191899038004152_n.jpg 960w\" sizes=\"(max-width: 300px) 100vw, 300px\" \/><\/a><\/p>\n<div class='epvc-post-count'><span class='epvc-eye'><\/span>  <span class=\"epvc-count\"> 1.246<\/span><span class='epvc-label'> veces le\u00edda<\/span><\/div>\n<div class=\"jwsharethis\">\nShare this: \n<br \/>\n<a href=\"mailto:?subject=Jorge%20Mart%C3%ADn%20nuevamente%20en%20Ushuaia&amp;body=https%3A%2F%2Flabestiadeportiva.com%2Flbd%2Fjorge-martin-nuevamente-en-ushuaia%2F\">\n<img src=\"https:\/\/labestiadeportiva.com\/lbd\/wp-content\/plugins\/jw-share-this\/email.png\" alt=\"Share this page via Email\" \/>\n<\/a>\n<a target=\"_blank\" href=\"http:\/\/www.stumbleupon.com\/submit?url=https%3A%2F%2Flabestiadeportiva.com%2Flbd%2Fjorge-martin-nuevamente-en-ushuaia%2F&amp;title=Jorge+Mart%C3%ADn+nuevamente+en+Ushuaia\">\n<img src=\"https:\/\/labestiadeportiva.com\/lbd\/wp-content\/plugins\/jw-share-this\/su.png\" alt=\"Share this page via Stumble Upon\" \/>\n<\/a>\n<a target=\"_blank\" href=\"http:\/\/digg.com\/submit?url=https%3A%2F%2Flabestiadeportiva.com%2Flbd%2Fjorge-martin-nuevamente-en-ushuaia%2F&amp;title=Jorge+Mart%C3%ADn+nuevamente+en+Ushuaia\">\n<img src=\"https:\/\/labestiadeportiva.com\/lbd\/wp-content\/plugins\/jw-share-this\/digg.png\" alt=\"Share this page via Digg this\" \/>\n<\/a>\n<a target=\"_blank\" href=\"http:\/\/www.facebook.com\/sharer.php?u=https%3A%2F%2Flabestiadeportiva.com%2Flbd%2Fjorge-martin-nuevamente-en-ushuaia%2F&amp;t=Jorge+Mart%C3%ADn+nuevamente+en+Ushuaia\">\n<img src=\"https:\/\/labestiadeportiva.com\/lbd\/wp-content\/plugins\/jw-share-this\/fb.png\" alt=\"Share this page via Facebook\" \/>\n<\/a>\n<a target=\"_blank\" href=\"http:\/\/twitter.com\/intent\/tweet?text=I+like+https%3A%2F%2Flabestiadeportiva.com%2Flbd%2Fjorge-martin-nuevamente-en-ushuaia%2F&amp;title=Jorge+Mart%C3%ADn+nuevamente+en+Ushuaia\">\n<img src=\"https:\/\/labestiadeportiva.com\/lbd\/wp-content\/plugins\/jw-share-this\/twitter.png\" alt=\"Share this page via Twitter\" \/>\n<\/a>\n<\/div>\n","protected":false},"excerpt":{"rendered":"<p>El capacitador m\u00e1s importante del motocross de nuestro pa\u00eds dict\u00f3 una cl\u00ednica de viernes a domingo. M\u00e1s de 30 pilotos de toda la provincia presentes en el circuito de la AMU. La propia asociaci\u00f3n junto a Diego \u201cConejo\u201d Jerez los organizadores del evento. 1.246 veces le\u00edda Share this:<\/p>\n","protected":false},"author":1,"featured_media":26751,"comment_status":"open","ping_status":"open","sticky":false,"template":"","format":"standard","meta":[],"categories":[3417,5,6,2159,1],"tags":[69,1916,3418,71,83],"_links":{"self":[{"href":"https:\/\/labestiadeportiva.com\/lbd\/wp-json\/wp\/v2\/posts\/26747"}],"collection":[{"href":"https:\/\/labestiadeportiva.com\/lbd\/wp-json\/wp\/v2\/posts"}],"about":[{"href":"https:\/\/labestiadeportiva.com\/lbd\/wp-json\/wp\/v2\/types\/post"}],"author":[{"embeddable":true,"href":"https:\/\/labestiadeportiva.com\/lbd\/wp-json\/wp\/v2\/users\/1"}],"replies":[{"embeddable":true,"href":"https:\/\/labestiadeportiva.com\/lbd\/wp-json\/wp\/v2\/comments?post=26747"}],"version-history":[{"count":1,"href":"https:\/\/labestiadeportiva.com\/lbd\/wp-json\/wp\/v2\/posts\/26747\/revisions"}],"predecessor-version":[{"id":26757,"href":"https:\/\/labestiadeportiva.com\/lbd\/wp-json\/wp\/v2\/posts\/26747\/revisions\/26757"}],"wp:featuredmedia":[{"embeddable":true,"href":"https:\/\/labestiadeportiva.com\/lbd\/wp-json\/wp\/v2\/media\/26751"}],"wp:attachment":[{"href":"https:\/\/labestiadeportiva.com\/lbd\/wp-json\/wp\/v2\/media?parent=26747"}],"wp:term":[{"taxonomy":"category","embeddable":true,"href":"https:\/\/labestiadeportiva.com\/lbd\/wp-json\/wp\/v2\/categories?post=26747"},{"taxonomy":"post_tag","embeddable":true,"href":"https:\/\/labestiadeportiva.com\/lbd\/wp-json\/wp\/v2\/tags?post=26747"}],"curies":[{"name":"wp","href":"https:\/\/api.w.org\/{rel}","templated":true}]}}