{"id":26893,"date":"2018-01-14T15:36:04","date_gmt":"2018-01-14T18:36:04","guid":{"rendered":"http:\/\/labestiadeportiva.com\/lbd\/?p=26893"},"modified":"2018-01-14T15:36:04","modified_gmt":"2018-01-14T18:36:04","slug":"barreda-bort-y-sainz-la-resistencia-espanola","status":"publish","type":"post","link":"https:\/\/labestiadeportiva.com\/lbd\/barreda-bort-y-sainz-la-resistencia-espanola\/","title":{"rendered":"Barreda Bort y Sainz, la resistencia espa\u00f1ola"},"content":{"rendered":"<p><a href=\"http:\/\/labestiadeportiva.com\/lbd\/wp-content\/uploads\/2018\/01\/images1.jpg\"><img loading=\"lazy\" class=\"aligncenter size-medium wp-image-26894\" src=\"http:\/\/labestiadeportiva.com\/lbd\/wp-content\/uploads\/2018\/01\/images1-300x141.jpg\" alt=\"images\" width=\"300\" height=\"141\" srcset=\"https:\/\/labestiadeportiva.com\/lbd\/wp-content\/uploads\/2018\/01\/images1-300x141.jpg 300w, https:\/\/labestiadeportiva.com\/lbd\/wp-content\/uploads\/2018\/01\/images1-520x245.jpg 520w, https:\/\/labestiadeportiva.com\/lbd\/wp-content\/uploads\/2018\/01\/images1-720x340.jpg 720w, https:\/\/labestiadeportiva.com\/lbd\/wp-content\/uploads\/2018\/01\/images1.jpg 327w\" sizes=\"(max-width: 300px) 100vw, 300px\" \/><\/a>Luego de 24 horas de descanso se disput\u00f3 este s\u00e1bado el especial 7 La Paz\/Uyuni. Joan Barreda Bort repiti\u00f3 entre las motos, en quads la victoria fue francesa por intermedio de Dutrie, \u201cEl Matador\u201d Sainz gana y punt\u00e9a, Van Genugten triunf\u00f3 por primera vez entre los trucks mientras que en SxS se impuso el brasile\u00f1o Varela sacando diferencias sobre sus inmediatos perseguidores. Este domingo la etapa ser\u00e1 Uyuni\/Tupiza.<!--more--><\/p>\n<p>El ib\u00e9rico Barreda Bort mantuvo el buen ritmo de antes del descanso y llev\u00f3 nuevamente a su Honda al triunfo. Van Beveren fue su escolta seguido por nuestro compatriota el salte\u00f1o Kevin Benavides, quien hab\u00eda llegado a La Paz como l\u00edder de la categor\u00eda. Ahora la general la comanda Van Beveren \u00a0con un acumulado de 21h 49\u00b418\u00b4\u00b4 escoltado por Benavides a poco m\u00e1s de tres minutos siendo tercero Barreda Bort a cerca de 5 minutos del puntero.<\/p>\n<p><a href=\"http:\/\/labestiadeportiva.com\/lbd\/wp-content\/uploads\/2018\/01\/dakar-2018-victoria-joan-barreda-etapa-7.jpg\"><img loading=\"lazy\" class=\"aligncenter size-medium wp-image-26895\" src=\"http:\/\/labestiadeportiva.com\/lbd\/wp-content\/uploads\/2018\/01\/dakar-2018-victoria-joan-barreda-etapa-7-300x171.jpg\" alt=\"dakar-2018-victoria-joan-barreda-etapa-7\" width=\"300\" height=\"171\" srcset=\"https:\/\/labestiadeportiva.com\/lbd\/wp-content\/uploads\/2018\/01\/dakar-2018-victoria-joan-barreda-etapa-7-300x171.jpg 300w, https:\/\/labestiadeportiva.com\/lbd\/wp-content\/uploads\/2018\/01\/dakar-2018-victoria-joan-barreda-etapa-7.jpg 387w\" sizes=\"(max-width: 300px) 100vw, 300px\" \/><\/a>Nuevas caras en los primeros lugares de los quads. El franc\u00e9s Axel Dutrie se qued\u00f3 con el especial, el brasile\u00f1o Medieros lleg\u00f3 segundo mientras que el l\u00edder, Ignacio \u201cPerro\u201d Casale\u201d, realiza una labor sumamente inteligente \u00a0manejando la diferencia lograda hasta el momento. El chileno puntea en 26h 55\u00b411\u00b4\u00b4 lo sigue el peruano Hern\u00e1ndez siendo tercero al argentino Gonz\u00e1lez Ferioli, en ambos casos a m\u00e1s de una hora de diferencia.<\/p>\n<p>A puro talento y experiencia \u201cEl Matador\u201d Carlos Sainz gan\u00f3 nuevamente una etapa. Por primera vez un Peugeot fue escoltado por dos Toyotas, las de De Villiers y Al Attiyah. La clasificaci\u00f3n general es del espa\u00f1ol con 21h 41\u00b438\u00b4\u00b4, el pr\u00edncipe qatar\u00ed es su m\u00e1ximo perseguidor ocupando el tercer escal\u00f3n del podio provisional Peterhansel, Nasser a poco m\u00e1s de una hora y Stephane a una hora y veinte minutos del puntero.<\/p>\n<p><a href=\"http:\/\/labestiadeportiva.com\/lbd\/wp-content\/uploads\/2018\/01\/images-1.jpg\"><img loading=\"lazy\" class=\"aligncenter size-full wp-image-26896\" src=\"http:\/\/labestiadeportiva.com\/lbd\/wp-content\/uploads\/2018\/01\/images-1.jpg\" alt=\"images (1)\" width=\"299\" height=\"169\" \/><\/a>Dura lucha entre los trucks. Van Genugten gan\u00f3 la etapa, por detr\u00e1s finaliz\u00f3 el \u201cCoyote\u201d Villagra siendo tercero Nikolaev. El ruso del Kamaz lidera la general en 23h 43\u00b401\u00b4\u00b4 Villagra lo sigue a poco menos de 50 minutos mientras que tercero, a casi tres horas del puntero, se encuentra Viazovich con el Maz.<\/p>\n<p>Finalmente entre los SxS Varela volvi\u00f3 al triunfo. Lo escolt\u00f3 Garrouste ocupando el tercer lugar el peruano Uribe Ramos en una lucha que de no mediar inconvenientes en las unidades se extender\u00e0 hasta el final. A pesar de esto Varela a tomado una importante luz en la Clasificaci\u00f3n General con 32h 45\u00b413\u00b4\u00b4, Uribe Ramos y Garrouste lo escoltan a 1h 15\u00b4y 1h 43\u00b4respectivamente.<\/p>\n<p><a href=\"http:\/\/labestiadeportiva.com\/lbd\/wp-content\/uploads\/2018\/01\/dakar-2018-etapa-7-barreda-gana-uyuni-lesion-rodilla-201842830_2.jpg\"><img loading=\"lazy\" class=\"aligncenter size-medium wp-image-26897\" src=\"http:\/\/labestiadeportiva.com\/lbd\/wp-content\/uploads\/2018\/01\/dakar-2018-etapa-7-barreda-gana-uyuni-lesion-rodilla-201842830_2-300x200.jpg\" alt=\"dakar-2018-etapa-7-barreda-gana-uyuni-lesion-rodilla-201842830_2\" width=\"300\" height=\"200\" srcset=\"https:\/\/labestiadeportiva.com\/lbd\/wp-content\/uploads\/2018\/01\/dakar-2018-etapa-7-barreda-gana-uyuni-lesion-rodilla-201842830_2-300x200.jpg 300w, https:\/\/labestiadeportiva.com\/lbd\/wp-content\/uploads\/2018\/01\/dakar-2018-etapa-7-barreda-gana-uyuni-lesion-rodilla-201842830_2.jpg 652w\" sizes=\"(max-width: 300px) 100vw, 300px\" \/><\/a><\/p>\n<div class='epvc-post-count'><span class='epvc-eye'><\/span>  <span class=\"epvc-count\"> 1.135<\/span><span class='epvc-label'> veces le\u00edda<\/span><\/div>\n<div class=\"jwsharethis\">\nShare this: \n<br \/>\n<a href=\"mailto:?subject=Barreda%20Bort%20y%20Sainz%2C%20la%20resistencia%20espa%C3%B1ola&amp;body=https%3A%2F%2Flabestiadeportiva.com%2Flbd%2Fbarreda-bort-y-sainz-la-resistencia-espanola%2F\">\n<img src=\"https:\/\/labestiadeportiva.com\/lbd\/wp-content\/plugins\/jw-share-this\/email.png\" alt=\"Share this page via Email\" \/>\n<\/a>\n<a target=\"_blank\" href=\"http:\/\/www.stumbleupon.com\/submit?url=https%3A%2F%2Flabestiadeportiva.com%2Flbd%2Fbarreda-bort-y-sainz-la-resistencia-espanola%2F&amp;title=Barreda+Bort+y+Sainz%2C+la+resistencia+espa%C3%B1ola\">\n<img src=\"https:\/\/labestiadeportiva.com\/lbd\/wp-content\/plugins\/jw-share-this\/su.png\" alt=\"Share this page via Stumble Upon\" \/>\n<\/a>\n<a target=\"_blank\" href=\"http:\/\/digg.com\/submit?url=https%3A%2F%2Flabestiadeportiva.com%2Flbd%2Fbarreda-bort-y-sainz-la-resistencia-espanola%2F&amp;title=Barreda+Bort+y+Sainz%2C+la+resistencia+espa%C3%B1ola\">\n<img src=\"https:\/\/labestiadeportiva.com\/lbd\/wp-content\/plugins\/jw-share-this\/digg.png\" alt=\"Share this page via Digg this\" \/>\n<\/a>\n<a target=\"_blank\" href=\"http:\/\/www.facebook.com\/sharer.php?u=https%3A%2F%2Flabestiadeportiva.com%2Flbd%2Fbarreda-bort-y-sainz-la-resistencia-espanola%2F&amp;t=Barreda+Bort+y+Sainz%2C+la+resistencia+espa%C3%B1ola\">\n<img src=\"https:\/\/labestiadeportiva.com\/lbd\/wp-content\/plugins\/jw-share-this\/fb.png\" alt=\"Share this page via Facebook\" \/>\n<\/a>\n<a target=\"_blank\" href=\"http:\/\/twitter.com\/intent\/tweet?text=I+like+https%3A%2F%2Flabestiadeportiva.com%2Flbd%2Fbarreda-bort-y-sainz-la-resistencia-espanola%2F&amp;title=Barreda+Bort+y+Sainz%2C+la+resistencia+espa%C3%B1ola\">\n<img src=\"https:\/\/labestiadeportiva.com\/lbd\/wp-content\/plugins\/jw-share-this\/twitter.png\" alt=\"Share this page via Twitter\" \/>\n<\/a>\n<\/div>\n","protected":false},"excerpt":{"rendered":"<p>Luego de 24 horas de descanso se disput\u00f3 este s\u00e1bado el especial 7 La Paz\/Uyuni. Joan Barreda Bort repiti\u00f3 entre las motos, en quads la victoria fue francesa por intermedio de Dutrie, \u201cEl Matador\u201d Sainz gana y punt\u00e9a, Van Genugten triunf\u00f3 por primera vez entre los trucks mientras que en SxS se impuso el brasile\u00f1o &hellip; <a href=\"https:\/\/labestiadeportiva.com\/lbd\/barreda-bort-y-sainz-la-resistencia-espanola\/\" class=\"more-link\">Seguir leyendo <span class=\"screen-reader-text\">Barreda Bort y Sainz, la resistencia espa\u00f1ola<\/span> <span class=\"meta-nav\">&rarr;<\/span><\/a><\/p>\n","protected":false},"author":1,"featured_media":26894,"comment_status":"open","ping_status":"open","sticky":false,"template":"","format":"standard","meta":[],"categories":[2176,3434,3032,1,3435],"tags":[3437,2942,2943,83],"_links":{"self":[{"href":"https:\/\/labestiadeportiva.com\/lbd\/wp-json\/wp\/v2\/posts\/26893"}],"collection":[{"href":"https:\/\/labestiadeportiva.com\/lbd\/wp-json\/wp\/v2\/posts"}],"about":[{"href":"https:\/\/labestiadeportiva.com\/lbd\/wp-json\/wp\/v2\/types\/post"}],"author":[{"embeddable":true,"href":"https:\/\/labestiadeportiva.com\/lbd\/wp-json\/wp\/v2\/users\/1"}],"replies":[{"embeddable":true,"href":"https:\/\/labestiadeportiva.com\/lbd\/wp-json\/wp\/v2\/comments?post=26893"}],"version-history":[{"count":1,"href":"https:\/\/labestiadeportiva.com\/lbd\/wp-json\/wp\/v2\/posts\/26893\/revisions"}],"predecessor-version":[{"id":26898,"href":"https:\/\/labestiadeportiva.com\/lbd\/wp-json\/wp\/v2\/posts\/26893\/revisions\/26898"}],"wp:featuredmedia":[{"embeddable":true,"href":"https:\/\/labestiadeportiva.com\/lbd\/wp-json\/wp\/v2\/media\/26894"}],"wp:attachment":[{"href":"https:\/\/labestiadeportiva.com\/lbd\/wp-json\/wp\/v2\/media?parent=26893"}],"wp:term":[{"taxonomy":"category","embeddable":true,"href":"https:\/\/labestiadeportiva.com\/lbd\/wp-json\/wp\/v2\/categories?post=26893"},{"taxonomy":"post_tag","embeddable":true,"href":"https:\/\/labestiadeportiva.com\/lbd\/wp-json\/wp\/v2\/tags?post=26893"}],"curies":[{"name":"wp","href":"https:\/\/api.w.org\/{rel}","templated":true}]}}