{"id":26910,"date":"2018-01-16T14:30:22","date_gmt":"2018-01-16T17:30:22","guid":{"rendered":"http:\/\/labestiadeportiva.com\/lbd\/?p=26910"},"modified":"2018-01-16T14:30:22","modified_gmt":"2018-01-16T17:30:22","slug":"etapa-suspendida","status":"publish","type":"post","link":"https:\/\/labestiadeportiva.com\/lbd\/etapa-suspendida\/","title":{"rendered":"Etapa suspendida"},"content":{"rendered":"<p><strong><span style=\"font-family: Loma;\"><span style=\"font-size: large;\"><a href=\"http:\/\/labestiadeportiva.com\/lbd\/wp-content\/uploads\/2018\/01\/dakar-lluvias.jpg\"><img loading=\"lazy\" class=\"aligncenter size-medium wp-image-26911\" src=\"http:\/\/labestiadeportiva.com\/lbd\/wp-content\/uploads\/2018\/01\/dakar-lluvias-300x200.jpg\" alt=\"dakar-lluvias\" width=\"300\" height=\"200\" srcset=\"https:\/\/labestiadeportiva.com\/lbd\/wp-content\/uploads\/2018\/01\/dakar-lluvias-300x200.jpg 300w, https:\/\/labestiadeportiva.com\/lbd\/wp-content\/uploads\/2018\/01\/dakar-lluvias-1024x682.jpg 1024w, https:\/\/labestiadeportiva.com\/lbd\/wp-content\/uploads\/2018\/01\/dakar-lluvias.jpg 1280w\" sizes=\"(max-width: 300px) 100vw, 300px\" \/><\/a>El especial 9 del pasado lunes, Tupiza\/Salta, fue cancelado por el mal clima reinante en la zona que produjo fuertes lluvias y posteriores anegamientos. Los veh\u00edculos participantes se trasladaron en enlace al Centro de Convenciones salte\u00f1o. Este martes continuar\u00e1n en competencia realizando Salta\/Bel\u00e9n.Van Bereven (Motos), Casale (Quads), Sainz (Autos), Nikolaev (Trucks) y Varela (SxS) lideran la Clasificaci\u00f3n General de sus categor\u00edas.<br \/>\n<\/span><\/span><\/strong><\/p>\n<div class='epvc-post-count'><span class='epvc-eye'><\/span>  <span class=\"epvc-count\"> 1.218<\/span><span class='epvc-label'> veces le\u00edda<\/span><\/div>\n<div class=\"jwsharethis\">\nShare this: \n<br \/>\n<a href=\"mailto:?subject=Etapa%20suspendida&amp;body=https%3A%2F%2Flabestiadeportiva.com%2Flbd%2Fetapa-suspendida%2F\">\n<img src=\"https:\/\/labestiadeportiva.com\/lbd\/wp-content\/plugins\/jw-share-this\/email.png\" alt=\"Share this page via Email\" \/>\n<\/a>\n<a target=\"_blank\" href=\"http:\/\/www.stumbleupon.com\/submit?url=https%3A%2F%2Flabestiadeportiva.com%2Flbd%2Fetapa-suspendida%2F&amp;title=Etapa+suspendida\">\n<img src=\"https:\/\/labestiadeportiva.com\/lbd\/wp-content\/plugins\/jw-share-this\/su.png\" alt=\"Share this page via Stumble Upon\" \/>\n<\/a>\n<a target=\"_blank\" href=\"http:\/\/digg.com\/submit?url=https%3A%2F%2Flabestiadeportiva.com%2Flbd%2Fetapa-suspendida%2F&amp;title=Etapa+suspendida\">\n<img src=\"https:\/\/labestiadeportiva.com\/lbd\/wp-content\/plugins\/jw-share-this\/digg.png\" alt=\"Share this page via Digg this\" \/>\n<\/a>\n<a target=\"_blank\" href=\"http:\/\/www.facebook.com\/sharer.php?u=https%3A%2F%2Flabestiadeportiva.com%2Flbd%2Fetapa-suspendida%2F&amp;t=Etapa+suspendida\">\n<img src=\"https:\/\/labestiadeportiva.com\/lbd\/wp-content\/plugins\/jw-share-this\/fb.png\" alt=\"Share this page via Facebook\" \/>\n<\/a>\n<a target=\"_blank\" href=\"http:\/\/twitter.com\/intent\/tweet?text=I+like+https%3A%2F%2Flabestiadeportiva.com%2Flbd%2Fetapa-suspendida%2F&amp;title=Etapa+suspendida\">\n<img src=\"https:\/\/labestiadeportiva.com\/lbd\/wp-content\/plugins\/jw-share-this\/twitter.png\" alt=\"Share this page via Twitter\" \/>\n<\/a>\n<\/div>\n","protected":false},"excerpt":{"rendered":"<p>El especial 9 del pasado lunes, Tupiza\/Salta, fue cancelado por el mal clima reinante en la zona que produjo fuertes lluvias y posteriores anegamientos. Los veh\u00edculos participantes se trasladaron en enlace al Centro de Convenciones salte\u00f1o. Este martes continuar\u00e1n en competencia realizando Salta\/Bel\u00e9n.Van Bereven (Motos), Casale (Quads), Sainz (Autos), Nikolaev (Trucks) y Varela (SxS) lideran &hellip; <a href=\"https:\/\/labestiadeportiva.com\/lbd\/etapa-suspendida\/\" class=\"more-link\">Seguir leyendo <span class=\"screen-reader-text\">Etapa suspendida<\/span> <span class=\"meta-nav\">&rarr;<\/span><\/a><\/p>\n","protected":false},"author":1,"featured_media":26911,"comment_status":"open","ping_status":"open","sticky":false,"template":"","format":"standard","meta":[],"categories":[1],"tags":[2768,2948,83,337],"_links":{"self":[{"href":"https:\/\/labestiadeportiva.com\/lbd\/wp-json\/wp\/v2\/posts\/26910"}],"collection":[{"href":"https:\/\/labestiadeportiva.com\/lbd\/wp-json\/wp\/v2\/posts"}],"about":[{"href":"https:\/\/labestiadeportiva.com\/lbd\/wp-json\/wp\/v2\/types\/post"}],"author":[{"embeddable":true,"href":"https:\/\/labestiadeportiva.com\/lbd\/wp-json\/wp\/v2\/users\/1"}],"replies":[{"embeddable":true,"href":"https:\/\/labestiadeportiva.com\/lbd\/wp-json\/wp\/v2\/comments?post=26910"}],"version-history":[{"count":1,"href":"https:\/\/labestiadeportiva.com\/lbd\/wp-json\/wp\/v2\/posts\/26910\/revisions"}],"predecessor-version":[{"id":26912,"href":"https:\/\/labestiadeportiva.com\/lbd\/wp-json\/wp\/v2\/posts\/26910\/revisions\/26912"}],"wp:featuredmedia":[{"embeddable":true,"href":"https:\/\/labestiadeportiva.com\/lbd\/wp-json\/wp\/v2\/media\/26911"}],"wp:attachment":[{"href":"https:\/\/labestiadeportiva.com\/lbd\/wp-json\/wp\/v2\/media?parent=26910"}],"wp:term":[{"taxonomy":"category","embeddable":true,"href":"https:\/\/labestiadeportiva.com\/lbd\/wp-json\/wp\/v2\/categories?post=26910"},{"taxonomy":"post_tag","embeddable":true,"href":"https:\/\/labestiadeportiva.com\/lbd\/wp-json\/wp\/v2\/tags?post=26910"}],"curies":[{"name":"wp","href":"https:\/\/api.w.org\/{rel}","templated":true}]}}