{"id":26965,"date":"2018-01-24T01:14:38","date_gmt":"2018-01-24T04:14:38","guid":{"rendered":"http:\/\/labestiadeportiva.com\/lbd\/?p=26965"},"modified":"2018-01-24T18:45:06","modified_gmt":"2018-01-24T21:45:06","slug":"lasserre-fc-y-mutual-btf-en-el-inicio-del-verano","status":"publish","type":"post","link":"https:\/\/labestiadeportiva.com\/lbd\/lasserre-fc-y-mutual-btf-en-el-inicio-del-verano\/","title":{"rendered":"Lasserre FC y Mutual BTF en el inicio del verano"},"content":{"rendered":"<p><a href=\"http:\/\/labestiadeportiva.com\/lbd\/wp-content\/uploads\/2018\/01\/27331694_1714840565249138_3510971469553013326_n.jpg\"><img loading=\"lazy\" class=\"aligncenter size-medium wp-image-26967\" src=\"http:\/\/labestiadeportiva.com\/lbd\/wp-content\/uploads\/2018\/01\/27331694_1714840565249138_3510971469553013326_n-300x178.jpg\" alt=\"27331694_1714840565249138_3510971469553013326_n\" width=\"300\" height=\"178\" srcset=\"https:\/\/labestiadeportiva.com\/lbd\/wp-content\/uploads\/2018\/01\/27331694_1714840565249138_3510971469553013326_n-300x178.jpg 300w, https:\/\/labestiadeportiva.com\/lbd\/wp-content\/uploads\/2018\/01\/27331694_1714840565249138_3510971469553013326_n.jpg 960w\" sizes=\"(max-width: 300px) 100vw, 300px\" \/><\/a>Comenz\u00f3 este domingo por la tarde el Torneo de Verano de primera divisi\u00f3n organizado por la Liga Ushuaiense. Lasserre se impuso por la m\u00ednima al conjunto de AATEDYC mientras que los bancarios se rehicieron de un mal comienzo ganando por 4 a 2. El mi\u00e9rcoles y jueves desde las 20 se jugar\u00e1 la segunda fecha.<!--more--><\/p>\n<p>Minutos despu\u00e9s de las tres de la tarde se puso en marcha la competencia veraniega sobre el sint\u00e9tico municipal. Las instalaciones que rodean el campo de juego comienzan a verse renovadas, principalmente la zona de vestuarios que ya luce pintura nueva.<\/p>\n<p>En cuanto al desarrollo del primer partido, el que fue claramente chato y tan solo discreto donde Lasserre logr\u00f3 vencer por 1 a 0. Las principales\u00a0 emociones estuvieron en el segundo turno, all\u00ed Mercantil aprovech\u00f3 el arranque el m\u00e1ximo poni\u00e9ndose en ventaja y hasta aumentando las cifras.<\/p>\n<p>Mutual reaccion\u00f3 ante del final de la primera etapa y pudo igualar en 2 tantos, en el complemento lleg\u00f3 la rotaci\u00f3n para el equipo de Ottonello que dar\u00eda buenos frutos. Los goles bancarios fueron obra de \u201cMaxi\u201d Bosi , Lucas \u201cP\u00e1jaro\u201d Lemul y Alan Zentner finalizando el encuentro 4 a 2.<\/p>\n<p>Este mi\u00e9rcoles por la tarde noche seguir\u00e1 la competencia con el partido entre \u00a0Mutual BTF\/Lasserre FC mientras que el jueves har\u00e1n lo propio Mercantil\/AATEDYC ambos en el horario de las nueve de la noche.<\/p>\n<p><a href=\"http:\/\/labestiadeportiva.com\/lbd\/wp-content\/uploads\/2018\/01\/26991761_1714840505249144_3004060777919319115_n.jpg\"><img loading=\"lazy\" class=\"aligncenter size-medium wp-image-26966\" src=\"http:\/\/labestiadeportiva.com\/lbd\/wp-content\/uploads\/2018\/01\/26991761_1714840505249144_3004060777919319115_n-300x215.jpg\" alt=\"26991761_1714840505249144_3004060777919319115_n\" width=\"300\" height=\"215\" srcset=\"https:\/\/labestiadeportiva.com\/lbd\/wp-content\/uploads\/2018\/01\/26991761_1714840505249144_3004060777919319115_n-300x215.jpg 300w, https:\/\/labestiadeportiva.com\/lbd\/wp-content\/uploads\/2018\/01\/26991761_1714840505249144_3004060777919319115_n.jpg 719w\" sizes=\"(max-width: 300px) 100vw, 300px\" \/><\/a><\/p>\n<div class='epvc-post-count'><span class='epvc-eye'><\/span>  <span class=\"epvc-count\"> 1.378<\/span><span class='epvc-label'> veces le\u00edda<\/span><\/div>\n<div class=\"jwsharethis\">\nShare this: \n<br \/>\n<a href=\"mailto:?subject=Lasserre%20FC%20y%20Mutual%20BTF%20en%20el%20inicio%20del%20verano&amp;body=https%3A%2F%2Flabestiadeportiva.com%2Flbd%2Flasserre-fc-y-mutual-btf-en-el-inicio-del-verano%2F\">\n<img src=\"https:\/\/labestiadeportiva.com\/lbd\/wp-content\/plugins\/jw-share-this\/email.png\" alt=\"Share this page via Email\" \/>\n<\/a>\n<a target=\"_blank\" href=\"http:\/\/www.stumbleupon.com\/submit?url=https%3A%2F%2Flabestiadeportiva.com%2Flbd%2Flasserre-fc-y-mutual-btf-en-el-inicio-del-verano%2F&amp;title=Lasserre+FC+y+Mutual+BTF+en+el+inicio+del+verano\">\n<img src=\"https:\/\/labestiadeportiva.com\/lbd\/wp-content\/plugins\/jw-share-this\/su.png\" alt=\"Share this page via Stumble Upon\" \/>\n<\/a>\n<a target=\"_blank\" href=\"http:\/\/digg.com\/submit?url=https%3A%2F%2Flabestiadeportiva.com%2Flbd%2Flasserre-fc-y-mutual-btf-en-el-inicio-del-verano%2F&amp;title=Lasserre+FC+y+Mutual+BTF+en+el+inicio+del+verano\">\n<img src=\"https:\/\/labestiadeportiva.com\/lbd\/wp-content\/plugins\/jw-share-this\/digg.png\" alt=\"Share this page via Digg this\" \/>\n<\/a>\n<a target=\"_blank\" href=\"http:\/\/www.facebook.com\/sharer.php?u=https%3A%2F%2Flabestiadeportiva.com%2Flbd%2Flasserre-fc-y-mutual-btf-en-el-inicio-del-verano%2F&amp;t=Lasserre+FC+y+Mutual+BTF+en+el+inicio+del+verano\">\n<img src=\"https:\/\/labestiadeportiva.com\/lbd\/wp-content\/plugins\/jw-share-this\/fb.png\" alt=\"Share this page via Facebook\" \/>\n<\/a>\n<a target=\"_blank\" href=\"http:\/\/twitter.com\/intent\/tweet?text=I+like+https%3A%2F%2Flabestiadeportiva.com%2Flbd%2Flasserre-fc-y-mutual-btf-en-el-inicio-del-verano%2F&amp;title=Lasserre+FC+y+Mutual+BTF+en+el+inicio+del+verano\">\n<img src=\"https:\/\/labestiadeportiva.com\/lbd\/wp-content\/plugins\/jw-share-this\/twitter.png\" alt=\"Share this page via Twitter\" \/>\n<\/a>\n<\/div>\n","protected":false},"excerpt":{"rendered":"<p>Comenz\u00f3 este domingo por la tarde el Torneo de Verano de primera divisi\u00f3n organizado por la Liga Ushuaiense. Lasserre se impuso por la m\u00ednima al conjunto de AATEDYC mientras que los bancarios se rehicieron de un mal comienzo ganando por 4 a 2. El mi\u00e9rcoles y jueves desde las 20 se jugar\u00e1 la segunda fecha. &hellip; <a href=\"https:\/\/labestiadeportiva.com\/lbd\/lasserre-fc-y-mutual-btf-en-el-inicio-del-verano\/\" class=\"more-link\">Seguir leyendo <span class=\"screen-reader-text\">Lasserre FC y Mutual BTF en el inicio del verano<\/span> <span class=\"meta-nav\">&rarr;<\/span><\/a><\/p>\n","protected":false},"author":1,"featured_media":26967,"comment_status":"open","ping_status":"open","sticky":false,"template":"","format":"standard","meta":[],"categories":[5,2439,1],"tags":[2456,809,17,48,83,1231],"_links":{"self":[{"href":"https:\/\/labestiadeportiva.com\/lbd\/wp-json\/wp\/v2\/posts\/26965"}],"collection":[{"href":"https:\/\/labestiadeportiva.com\/lbd\/wp-json\/wp\/v2\/posts"}],"about":[{"href":"https:\/\/labestiadeportiva.com\/lbd\/wp-json\/wp\/v2\/types\/post"}],"author":[{"embeddable":true,"href":"https:\/\/labestiadeportiva.com\/lbd\/wp-json\/wp\/v2\/users\/1"}],"replies":[{"embeddable":true,"href":"https:\/\/labestiadeportiva.com\/lbd\/wp-json\/wp\/v2\/comments?post=26965"}],"version-history":[{"count":2,"href":"https:\/\/labestiadeportiva.com\/lbd\/wp-json\/wp\/v2\/posts\/26965\/revisions"}],"predecessor-version":[{"id":26974,"href":"https:\/\/labestiadeportiva.com\/lbd\/wp-json\/wp\/v2\/posts\/26965\/revisions\/26974"}],"wp:featuredmedia":[{"embeddable":true,"href":"https:\/\/labestiadeportiva.com\/lbd\/wp-json\/wp\/v2\/media\/26967"}],"wp:attachment":[{"href":"https:\/\/labestiadeportiva.com\/lbd\/wp-json\/wp\/v2\/media?parent=26965"}],"wp:term":[{"taxonomy":"category","embeddable":true,"href":"https:\/\/labestiadeportiva.com\/lbd\/wp-json\/wp\/v2\/categories?post=26965"},{"taxonomy":"post_tag","embeddable":true,"href":"https:\/\/labestiadeportiva.com\/lbd\/wp-json\/wp\/v2\/tags?post=26965"}],"curies":[{"name":"wp","href":"https:\/\/api.w.org\/{rel}","templated":true}]}}