{"id":26975,"date":"2018-01-25T17:51:34","date_gmt":"2018-01-25T20:51:34","guid":{"rendered":"http:\/\/labestiadeportiva.com\/lbd\/?p=26975"},"modified":"2018-01-25T18:04:32","modified_gmt":"2018-01-25T21:04:32","slug":"seba-y-matias-a-corea-del-sur-audio-y-video","status":"publish","type":"post","link":"https:\/\/labestiadeportiva.com\/lbd\/seba-y-matias-a-corea-del-sur-audio-y-video\/","title":{"rendered":"Mat\u00edas y \u00abSeba\u00bb a Corea del Sur (Audio y Video)"},"content":{"rendered":"<p><a href=\"http:\/\/labestiadeportiva.com\/lbd\/wp-content\/uploads\/2018\/01\/27336321_1716666145066580_4294805412337755847_n.jpg\"><img loading=\"lazy\" class=\"aligncenter size-medium wp-image-26976\" src=\"http:\/\/labestiadeportiva.com\/lbd\/wp-content\/uploads\/2018\/01\/27336321_1716666145066580_4294805412337755847_n-300x225.jpg\" alt=\"27336321_1716666145066580_4294805412337755847_n\" width=\"300\" height=\"225\" srcset=\"https:\/\/labestiadeportiva.com\/lbd\/wp-content\/uploads\/2018\/01\/27336321_1716666145066580_4294805412337755847_n-300x225.jpg 300w, https:\/\/labestiadeportiva.com\/lbd\/wp-content\/uploads\/2018\/01\/27336321_1716666145066580_4294805412337755847_n.jpg 960w\" sizes=\"(max-width: 300px) 100vw, 300px\" \/><\/a>En las \u00faltimas horas se confirm\u00f3 la participaci\u00f3n del joven esquiador ushuaiense, Mat\u00edas Zuloaga, a la cita ol\u00edmpica de invierno del mes de febrero. En la actualidad y desde fines del mes de noviembre se encuentra en el viejo continente junto a su entrenador el profesor Sebasti\u00e1n Menci entrenando y compitiendo en Italia, Austria, Suiza y Alemania. Durante los primeros d\u00edas del mes de febrero se unir\u00e1n a la delegaci\u00f3n argentina para trasladarse a la sede de la competencia, Pyeongchang, Corea del Sur. Compartimos algunas palabras de ambos agradeciendo la gentileza del material a TVP Noticias.<!--more--><\/p>\n<p><a href=\"http:\/\/labestiadeportiva.com\/lbd\/wp-content\/uploads\/2018\/01\/26993257_1716666095066585_8023028618767625297_n.jpg\"><img loading=\"lazy\" class=\"aligncenter size-medium wp-image-26977\" src=\"http:\/\/labestiadeportiva.com\/lbd\/wp-content\/uploads\/2018\/01\/26993257_1716666095066585_8023028618767625297_n-300x225.jpg\" alt=\"26993257_1716666095066585_8023028618767625297_n\" width=\"300\" height=\"225\" srcset=\"https:\/\/labestiadeportiva.com\/lbd\/wp-content\/uploads\/2018\/01\/26993257_1716666095066585_8023028618767625297_n-300x225.jpg 300w, https:\/\/labestiadeportiva.com\/lbd\/wp-content\/uploads\/2018\/01\/26993257_1716666095066585_8023028618767625297_n.jpg 960w\" sizes=\"(max-width: 300px) 100vw, 300px\" \/><\/a><\/p>\n<p><iframe loading=\"lazy\" src=\"https:\/\/www.youtube.com\/embed\/6Ug517YPOM0\" width=\"560\" height=\"315\" frameborder=\"0\" allowfullscreen=\"allowfullscreen\"><\/iframe><\/p>\n<p><iframe loading=\"lazy\" src=\"https:\/\/www.youtube.com\/embed\/kNpT9fY0ImQ\" width=\"560\" height=\"315\" frameborder=\"0\" allowfullscreen=\"allowfullscreen\"><\/iframe><\/p>\n<div class='epvc-post-count'><span class='epvc-eye'><\/span>  <span class=\"epvc-count\"> 1.139<\/span><span class='epvc-label'> veces le\u00edda<\/span><\/div>\n<div class=\"jwsharethis\">\nShare this: \n<br \/>\n<a href=\"mailto:?subject=Mat%C3%ADas%20y%20%C2%ABSeba%C2%BB%20a%20Corea%20del%20Sur%20%28Audio%20y%20Video%29&amp;body=https%3A%2F%2Flabestiadeportiva.com%2Flbd%2Fseba-y-matias-a-corea-del-sur-audio-y-video%2F\">\n<img src=\"https:\/\/labestiadeportiva.com\/lbd\/wp-content\/plugins\/jw-share-this\/email.png\" alt=\"Share this page via Email\" \/>\n<\/a>\n<a target=\"_blank\" href=\"http:\/\/www.stumbleupon.com\/submit?url=https%3A%2F%2Flabestiadeportiva.com%2Flbd%2Fseba-y-matias-a-corea-del-sur-audio-y-video%2F&amp;title=Mat%C3%ADas+y+%C2%ABSeba%C2%BB+a+Corea+del+Sur+%28Audio+y+Video%29\">\n<img src=\"https:\/\/labestiadeportiva.com\/lbd\/wp-content\/plugins\/jw-share-this\/su.png\" alt=\"Share this page via Stumble Upon\" \/>\n<\/a>\n<a target=\"_blank\" href=\"http:\/\/digg.com\/submit?url=https%3A%2F%2Flabestiadeportiva.com%2Flbd%2Fseba-y-matias-a-corea-del-sur-audio-y-video%2F&amp;title=Mat%C3%ADas+y+%C2%ABSeba%C2%BB+a+Corea+del+Sur+%28Audio+y+Video%29\">\n<img src=\"https:\/\/labestiadeportiva.com\/lbd\/wp-content\/plugins\/jw-share-this\/digg.png\" alt=\"Share this page via Digg this\" \/>\n<\/a>\n<a target=\"_blank\" href=\"http:\/\/www.facebook.com\/sharer.php?u=https%3A%2F%2Flabestiadeportiva.com%2Flbd%2Fseba-y-matias-a-corea-del-sur-audio-y-video%2F&amp;t=Mat%C3%ADas+y+%C2%ABSeba%C2%BB+a+Corea+del+Sur+%28Audio+y+Video%29\">\n<img src=\"https:\/\/labestiadeportiva.com\/lbd\/wp-content\/plugins\/jw-share-this\/fb.png\" alt=\"Share this page via Facebook\" \/>\n<\/a>\n<a target=\"_blank\" href=\"http:\/\/twitter.com\/intent\/tweet?text=I+like+https%3A%2F%2Flabestiadeportiva.com%2Flbd%2Fseba-y-matias-a-corea-del-sur-audio-y-video%2F&amp;title=Mat%C3%ADas+y+%C2%ABSeba%C2%BB+a+Corea+del+Sur+%28Audio+y+Video%29\">\n<img src=\"https:\/\/labestiadeportiva.com\/lbd\/wp-content\/plugins\/jw-share-this\/twitter.png\" alt=\"Share this page via Twitter\" \/>\n<\/a>\n<\/div>\n","protected":false},"excerpt":{"rendered":"<p>En las \u00faltimas horas se confirm\u00f3 la participaci\u00f3n del joven esquiador ushuaiense, Mat\u00edas Zuloaga, a la cita ol\u00edmpica de invierno del mes de febrero. En la actualidad y desde fines del mes de noviembre se encuentra en el viejo continente junto a su entrenador el profesor Sebasti\u00e1n Menci entrenando y compitiendo en Italia, Austria, Suiza &hellip; <a href=\"https:\/\/labestiadeportiva.com\/lbd\/seba-y-matias-a-corea-del-sur-audio-y-video\/\" class=\"more-link\">Seguir leyendo <span class=\"screen-reader-text\">Mat\u00edas y \u00abSeba\u00bb a Corea del Sur (Audio y Video)<\/span> <span class=\"meta-nav\">&rarr;<\/span><\/a><\/p>\n","protected":false},"author":1,"featured_media":26976,"comment_status":"open","ping_status":"open","sticky":false,"template":"","format":"standard","meta":[],"categories":[5,4,6,41,60,29,1],"tags":[],"_links":{"self":[{"href":"https:\/\/labestiadeportiva.com\/lbd\/wp-json\/wp\/v2\/posts\/26975"}],"collection":[{"href":"https:\/\/labestiadeportiva.com\/lbd\/wp-json\/wp\/v2\/posts"}],"about":[{"href":"https:\/\/labestiadeportiva.com\/lbd\/wp-json\/wp\/v2\/types\/post"}],"author":[{"embeddable":true,"href":"https:\/\/labestiadeportiva.com\/lbd\/wp-json\/wp\/v2\/users\/1"}],"replies":[{"embeddable":true,"href":"https:\/\/labestiadeportiva.com\/lbd\/wp-json\/wp\/v2\/comments?post=26975"}],"version-history":[{"count":2,"href":"https:\/\/labestiadeportiva.com\/lbd\/wp-json\/wp\/v2\/posts\/26975\/revisions"}],"predecessor-version":[{"id":26979,"href":"https:\/\/labestiadeportiva.com\/lbd\/wp-json\/wp\/v2\/posts\/26975\/revisions\/26979"}],"wp:featuredmedia":[{"embeddable":true,"href":"https:\/\/labestiadeportiva.com\/lbd\/wp-json\/wp\/v2\/media\/26976"}],"wp:attachment":[{"href":"https:\/\/labestiadeportiva.com\/lbd\/wp-json\/wp\/v2\/media?parent=26975"}],"wp:term":[{"taxonomy":"category","embeddable":true,"href":"https:\/\/labestiadeportiva.com\/lbd\/wp-json\/wp\/v2\/categories?post=26975"},{"taxonomy":"post_tag","embeddable":true,"href":"https:\/\/labestiadeportiva.com\/lbd\/wp-json\/wp\/v2\/tags?post=26975"}],"curies":[{"name":"wp","href":"https:\/\/api.w.org\/{rel}","templated":true}]}}