{"id":27111,"date":"2018-02-14T02:18:14","date_gmt":"2018-02-14T05:18:14","guid":{"rendered":"http:\/\/labestiadeportiva.com\/lbd\/?p=27111"},"modified":"2018-02-14T12:51:03","modified_gmt":"2018-02-14T15:51:03","slug":"dominguez-y-zuloaga-a-un-paso-de-ser-olimpicos","status":"publish","type":"post","link":"https:\/\/labestiadeportiva.com\/lbd\/dominguez-y-zuloaga-a-un-paso-de-ser-olimpicos\/","title":{"rendered":"Dom\u00ednguez y Zuloaga a un paso de ser ol\u00edmpicos"},"content":{"rendered":"<p>Por Sebasti\u00e1n Menci (Especial para LBD desde Corea del Sur)<\/p>\n<p><a href=\"http:\/\/labestiadeportiva.com\/lbd\/wp-content\/uploads\/2018\/02\/20180214_021312.jpg\"><img loading=\"lazy\" class=\"aligncenter size-medium wp-image-27115\" src=\"http:\/\/labestiadeportiva.com\/lbd\/wp-content\/uploads\/2018\/02\/20180214_021312-264x300.jpg\" alt=\"20180214_021312\" width=\"264\" height=\"300\" srcset=\"https:\/\/labestiadeportiva.com\/lbd\/wp-content\/uploads\/2018\/02\/20180214_021312-264x300.jpg 264w, https:\/\/labestiadeportiva.com\/lbd\/wp-content\/uploads\/2018\/02\/20180214_021312.jpg 720w\" sizes=\"(max-width: 264px) 100vw, 264px\" \/><\/a>Solo quedan algunas horas para el comienzo de la participaci\u00f3n\u00a0de los esquiadores de fondo de nuestro pa\u00eds en Pyeongchang. El profesor Menci, entrenador del ushuaiense Mat\u00edas Zuloaga, nos envi\u00f3 una nueva cr\u00f3nica que compartimos.<!--more--><\/p>\n<p>\u00ab<span style=\"color: #0000ff;\">Falta solo un d\u00eda para el arranque del equipo de esqu\u00ed n\u00f3rdico argentino en los Juegos Ol\u00edmpicos de Invierno de Pyeongchang.<\/span><\/p>\n<p><span style=\"color: #0000ff;\">Desde el d\u00eda 4 que nos encontramos en la Villa entrenando en pista, complementando en el gimnasio y testeando esqu\u00edes.<\/span><\/p>\n<p><span style=\"color: #0000ff;\">Hoy ser\u00e1 el \u00faltimo entrenamiento para \u00abceci\u00bb Dom\u00ednguez, la biatleta del equipo del ejercito de Bariloche quien clasific\u00f3 a la prueba de 10 k t\u00e9cnica libre, que se correr\u00e1 este 15 de febrero a las 3 am hora Argentina.<\/span><\/p>\n<p><span style=\"color: #0000ff;\">Pasado ma\u00f1ara llegar\u00e1 el turno del atleta ushuaiense Mat\u00edas Zuloaga, perteneciente al Club Andino Ushuaia, quien clasific\u00f3 para los 15 k t\u00e9cnica libre y correr\u00e1 en el mismo horario que su compa\u00f1era de delegaci\u00f3n.<\/span><\/p>\n<p><span style=\"color: #0000ff;\">Las condiciones del circuito son muy buenas aunque en los \u00faltimos d\u00edas la sensaci\u00f3n t\u00e9rmica fue muy baja a causa de los fuertes vientos.<\/span><\/p>\n<p><span style=\"color: #0000ff;\">Los chicos se encuentran muy \u00a0enfocados y motivados, ahora solo fata plasmar en la pista el esfuerzo de tantos a\u00f1os de entrenamiento.<\/span><\/p>\n<p><span style=\"color: #0000ff;\">Aprovecho la oportunidad que me da el equipo de LBD para mandarles un gran saludo a todos en Tierra del Fuego.\u00bb<\/span><\/p>\n<p><span style=\"color: #0000ff;\">\u00a0<\/span><\/p>\n<p><span style=\"color: #0000ff;\">\u00a0<\/span><\/p>\n<div class='epvc-post-count'><span class='epvc-eye'><\/span>  <span class=\"epvc-count\"> 1.210<\/span><span class='epvc-label'> veces le\u00edda<\/span><\/div>\n<div class=\"jwsharethis\">\nShare this: \n<br \/>\n<a href=\"mailto:?subject=Dom%C3%ADnguez%20y%20Zuloaga%20a%20un%20paso%20de%20ser%20ol%C3%ADmpicos&amp;body=https%3A%2F%2Flabestiadeportiva.com%2Flbd%2Fdominguez-y-zuloaga-a-un-paso-de-ser-olimpicos%2F\">\n<img src=\"https:\/\/labestiadeportiva.com\/lbd\/wp-content\/plugins\/jw-share-this\/email.png\" alt=\"Share this page via Email\" \/>\n<\/a>\n<a target=\"_blank\" href=\"http:\/\/www.stumbleupon.com\/submit?url=https%3A%2F%2Flabestiadeportiva.com%2Flbd%2Fdominguez-y-zuloaga-a-un-paso-de-ser-olimpicos%2F&amp;title=Dom%C3%ADnguez+y+Zuloaga+a+un+paso+de+ser+ol%C3%ADmpicos\">\n<img src=\"https:\/\/labestiadeportiva.com\/lbd\/wp-content\/plugins\/jw-share-this\/su.png\" alt=\"Share this page via Stumble Upon\" \/>\n<\/a>\n<a target=\"_blank\" href=\"http:\/\/digg.com\/submit?url=https%3A%2F%2Flabestiadeportiva.com%2Flbd%2Fdominguez-y-zuloaga-a-un-paso-de-ser-olimpicos%2F&amp;title=Dom%C3%ADnguez+y+Zuloaga+a+un+paso+de+ser+ol%C3%ADmpicos\">\n<img src=\"https:\/\/labestiadeportiva.com\/lbd\/wp-content\/plugins\/jw-share-this\/digg.png\" alt=\"Share this page via Digg this\" \/>\n<\/a>\n<a target=\"_blank\" href=\"http:\/\/www.facebook.com\/sharer.php?u=https%3A%2F%2Flabestiadeportiva.com%2Flbd%2Fdominguez-y-zuloaga-a-un-paso-de-ser-olimpicos%2F&amp;t=Dom%C3%ADnguez+y+Zuloaga+a+un+paso+de+ser+ol%C3%ADmpicos\">\n<img src=\"https:\/\/labestiadeportiva.com\/lbd\/wp-content\/plugins\/jw-share-this\/fb.png\" alt=\"Share this page via Facebook\" \/>\n<\/a>\n<a target=\"_blank\" href=\"http:\/\/twitter.com\/intent\/tweet?text=I+like+https%3A%2F%2Flabestiadeportiva.com%2Flbd%2Fdominguez-y-zuloaga-a-un-paso-de-ser-olimpicos%2F&amp;title=Dom%C3%ADnguez+y+Zuloaga+a+un+paso+de+ser+ol%C3%ADmpicos\">\n<img src=\"https:\/\/labestiadeportiva.com\/lbd\/wp-content\/plugins\/jw-share-this\/twitter.png\" alt=\"Share this page via Twitter\" \/>\n<\/a>\n<\/div>\n","protected":false},"excerpt":{"rendered":"<p>Por Sebasti\u00e1n Menci (Especial para LBD desde Corea del Sur) Solo quedan algunas horas para el comienzo de la participaci\u00f3n\u00a0de los esquiadores de fondo de nuestro pa\u00eds en Pyeongchang. El profesor Menci, entrenador del ushuaiense Mat\u00edas Zuloaga, nos envi\u00f3 una nueva cr\u00f3nica que compartimos. 1.210 veces le\u00edda Share this:<\/p>\n","protected":false},"author":1,"featured_media":27115,"comment_status":"open","ping_status":"open","sticky":false,"template":"","format":"standard","meta":[],"categories":[5,4,6,41,29,3484,1],"tags":[3485,4832,1214,83],"_links":{"self":[{"href":"https:\/\/labestiadeportiva.com\/lbd\/wp-json\/wp\/v2\/posts\/27111"}],"collection":[{"href":"https:\/\/labestiadeportiva.com\/lbd\/wp-json\/wp\/v2\/posts"}],"about":[{"href":"https:\/\/labestiadeportiva.com\/lbd\/wp-json\/wp\/v2\/types\/post"}],"author":[{"embeddable":true,"href":"https:\/\/labestiadeportiva.com\/lbd\/wp-json\/wp\/v2\/users\/1"}],"replies":[{"embeddable":true,"href":"https:\/\/labestiadeportiva.com\/lbd\/wp-json\/wp\/v2\/comments?post=27111"}],"version-history":[{"count":3,"href":"https:\/\/labestiadeportiva.com\/lbd\/wp-json\/wp\/v2\/posts\/27111\/revisions"}],"predecessor-version":[{"id":27122,"href":"https:\/\/labestiadeportiva.com\/lbd\/wp-json\/wp\/v2\/posts\/27111\/revisions\/27122"}],"wp:featuredmedia":[{"embeddable":true,"href":"https:\/\/labestiadeportiva.com\/lbd\/wp-json\/wp\/v2\/media\/27115"}],"wp:attachment":[{"href":"https:\/\/labestiadeportiva.com\/lbd\/wp-json\/wp\/v2\/media?parent=27111"}],"wp:term":[{"taxonomy":"category","embeddable":true,"href":"https:\/\/labestiadeportiva.com\/lbd\/wp-json\/wp\/v2\/categories?post=27111"},{"taxonomy":"post_tag","embeddable":true,"href":"https:\/\/labestiadeportiva.com\/lbd\/wp-json\/wp\/v2\/tags?post=27111"}],"curies":[{"name":"wp","href":"https:\/\/api.w.org\/{rel}","templated":true}]}}